{"id":13579,"date":"2024-07-04T14:19:53","date_gmt":"2024-07-04T12:19:53","guid":{"rendered":"https:\/\/projectes.xtec.cat\/nou-curriculum\/?p=13579"},"modified":"2024-07-04T14:19:53","modified_gmt":"2024-07-04T12:19:53","slug":"programa-escola-i-empresa-curs-2024-25","status":"publish","type":"post","link":"https:\/\/projectes.xtec.cat\/nou-curriculum\/general\/programa-escola-i-empresa-curs-2024-25\/","title":{"rendered":"Programa Escola i Empresa. Curs 2024-25"},"content":{"rendered":"\n<div class=\"wp-block-columns is-layout-flex wp-container-core-columns-is-layout-1 wp-block-columns-is-layout-flex\">\n<div class=\"wp-block-column is-vertically-aligned-top is-layout-flow wp-block-column-is-layout-flow\" style=\"flex-basis:33.33%\">\n<figure class=\"wp-block-image size-full is-style-default\"><a href=\"https:\/\/projectes.xtec.cat\/nou-curriculum\/wp-content\/uploads\/usu2072\/2024\/07\/logo-programa-escola-i-empresa-1.jpg\"><img loading=\"lazy\" decoding=\"async\" width=\"726\" height=\"526\" src=\"https:\/\/projectes.xtec.cat\/nou-curriculum\/wp-content\/uploads\/usu2072\/2024\/07\/logo-programa-escola-i-empresa-1.jpg\" alt=\"\" class=\"wp-image-13581\" srcset=\"https:\/\/projectes.xtec.cat\/nou-curriculum\/wp-content\/uploads\/usu2072\/2024\/07\/logo-programa-escola-i-empresa-1.jpg 726w, https:\/\/projectes.xtec.cat\/nou-curriculum\/wp-content\/uploads\/usu2072\/2024\/07\/logo-programa-escola-i-empresa-1-300x217.jpg 300w\" sizes=\"auto, (max-width: 726px) 100vw, 726px\" \/><\/a><\/figure>\n<\/div>\n\n\n\n<div class=\"wp-block-column is-layout-flow wp-block-column-is-layout-flow\" style=\"flex-basis:66.66%\">\n<h2 class=\"wp-block-heading\"><strong>Inscripcions obertes: Curs 2024-2025<\/strong><\/h2>\n\n\n\n<p>Participar en el programa&nbsp;<strong>Escola i Empresa<\/strong>, \u00e9s una oportunitat \u00fanica perqu\u00e8 el vostre alumnat tingui una&nbsp;<em><strong>trobada enriquidora amb persones que dirigeixen les seves pr\u00f2pies empreses<\/strong><\/em>. Amb una metodologia pr\u00f2pia i validada pel Departament d&#8217;Educaci\u00f3, aquesta activitat ofereix una&nbsp;<strong><em>perspectiva diferent<\/em><\/strong>&nbsp;sobre la vida a l&#8217;empresa i el seu paper en la societat.<\/p>\n\n\n\n<div class=\"wp-block-buttons is-content-justification-left is-layout-flex wp-container-core-buttons-is-layout-1 wp-block-buttons-is-layout-flex\">\n<div class=\"wp-block-button has-custom-width wp-block-button__width-25 has-custom-font-size is-style-outline has-medium-font-size is-style-outline--1\"><a class=\"wp-block-button__link has-ast-global-color-5-color has-vivid-red-background-color has-text-color has-background has-link-color wp-element-button\" href=\"https:\/\/www.escolaiempresa.cat\/contacte\/\" style=\"border-style:none;border-width:0px;border-radius:8px;padding-right:0;padding-left:0\" target=\"_blank\" rel=\"noreferrer noopener\"><strong>Reserveu pla\u00e7a aqu\u00ed<\/strong><\/a><\/div>\n<\/div>\n<\/div>\n<\/div>\n\n\n\n<div class=\"wp-block-columns is-layout-flex wp-container-core-columns-is-layout-2 wp-block-columns-is-layout-flex\">\n<div class=\"wp-block-column is-layout-flow wp-block-column-is-layout-flow\">\n<h2 class=\"wp-block-heading\"><\/h2>\n<\/div>\n<\/div>\n\n\n\n<hr class=\"wp-block-separator has-text-color has-ast-global-color-6-color has-alpha-channel-opacity has-ast-global-color-6-background-color has-background is-style-wide\"\/>\n\n\n\n<div class=\"wp-block-columns is-layout-flex wp-container-core-columns-is-layout-3 wp-block-columns-is-layout-flex\">\n<div class=\"wp-block-column is-layout-flow wp-block-column-is-layout-flow\">\n<p><\/p>\n\n\n\n<h2 class=\"wp-block-heading\"><strong>Qu\u00e8 \u00e9s Escola i Empresa?<\/strong><\/h2>\n\n\n\n<p>El programa es centra en la trobada entre l\u2019alumnat i una persona que dirigeix la seva pr\u00f2pia empresa, qui els explicar\u00e0 la seva viv\u00e8ncia. Aquest di\u00e0leg ajudar\u00e0 els estudiants a visualitzar aspectes de la vida empresarial i a reflexionar sobre la seva motivaci\u00f3 i el seu dia a dia.<\/p>\n<\/div>\n\n\n\n<div class=\"wp-block-column is-layout-flow wp-block-column-is-layout-flow\">\n<p><\/p>\n\n\n\n<h2 class=\"wp-block-heading\"><strong>En qu\u00e8 consisteix?<\/strong><\/h2>\n\n\n\n<ul class=\"wp-block-list\">\n<li>\u00b7&nbsp;<strong>Durada:<\/strong>&nbsp;Una hora.<\/li>\n\n\n\n<li>\u00b7&nbsp;<strong>Format:<\/strong>&nbsp;Di\u00e0leg entre l\u2019alumnat i una persona empres\u00e0ria o directiva de primer nivell d\u2019una empresa catalana o implantada a Catalunya.<\/li>\n\n\n\n<li>\u00b7&nbsp;<strong>Cursos participants:&nbsp;<\/strong>4t d\u2019ESO, Batxillerats, Cicles Formatius de Grau Mitj\u00e0 i Superior.<\/li>\n\n\n\n<li>\u00b7\u00a0<strong>Grups:<\/strong>\u00a0Entre 25 i 60 alumnes.<\/li>\n<\/ul>\n<\/div>\n<\/div>\n\n\n\n<p><\/p>\n\n\n\n<div class=\"wp-block-columns is-layout-flex wp-container-core-columns-is-layout-4 wp-block-columns-is-layout-flex\">\n<div class=\"wp-block-column is-layout-flow wp-block-column-is-layout-flow\">\n<h2 class=\"wp-block-heading\"><\/h2>\n<\/div>\n<\/div>\n\n\n\n<hr class=\"wp-block-separator has-text-color has-ast-global-color-6-color has-alpha-channel-opacity has-ast-global-color-6-background-color has-background is-style-wide\" style=\"margin-top:0;margin-bottom:0\"\/>\n\n\n\n<div class=\"wp-block-columns is-layout-flex wp-container-core-columns-is-layout-9 wp-block-columns-is-layout-flex\" style=\"padding-top:var(--wp--preset--spacing--20);padding-right:0;padding-bottom:var(--wp--preset--spacing--20);padding-left:0\">\n<div class=\"wp-block-column is-layout-flow wp-block-column-is-layout-flow\" style=\"flex-basis:66.67%\">\n<p><\/p>\n\n\n\n<h2 class=\"wp-block-heading\"><strong>La sessi\u00f3<\/strong><\/h2>\n\n\n\n<figure class=\"wp-block-image alignleft size-full is-resized is-style-default\"><a href=\"https:\/\/projectes.xtec.cat\/nou-curriculum\/wp-content\/uploads\/usu2072\/2024\/07\/sessio-1.png\"><img loading=\"lazy\" decoding=\"async\" width=\"280\" height=\"154\" src=\"https:\/\/projectes.xtec.cat\/nou-curriculum\/wp-content\/uploads\/usu2072\/2024\/07\/sessio-1.png\" alt=\"\" class=\"wp-image-13589\" style=\"width:423px;height:auto\"\/><\/a><\/figure>\n\n\n\n<p>Si desitgeu m\u00e9s informaci\u00f3 sobre el contingut de la xerrada: <\/p>\n\n\n\n<div class=\"wp-block-buttons is-content-justification-center is-layout-flex wp-container-core-buttons-is-layout-2 wp-block-buttons-is-layout-flex\">\n<div class=\"wp-block-button is-style-fill\"><a class=\"wp-block-button__link has-ast-global-color-5-color has-vivid-red-background-color has-text-color has-background has-link-color wp-element-button\" href=\"https:\/\/www.escolaiempresa.cat\/la-sessio\/\"><strong>Cliqueu aqu\u00ed<\/strong><\/a><\/div>\n<\/div>\n<\/div>\n\n\n\n<div class=\"wp-block-column is-layout-flow wp-block-column-is-layout-flow\" style=\"flex-basis:33.33%\">\n<p><\/p>\n\n\n\n<h2 class=\"wp-block-heading\"><strong>M\u00e9s informaci\u00f3<\/strong><\/h2>\n\n\n\n<div class=\"wp-block-columns is-layout-flex wp-container-core-columns-is-layout-5 wp-block-columns-is-layout-flex\">\n<div class=\"wp-block-column is-layout-flow wp-block-column-is-layout-flow\" style=\"flex-basis:33.33%\">\n<figure class=\"wp-block-image size-full is-resized is-style-default\"><a href=\"https:\/\/projectes.xtec.cat\/nou-curriculum\/wp-content\/uploads\/usu2072\/2024\/07\/dades.png\"><img loading=\"lazy\" decoding=\"async\" width=\"52\" height=\"48\" src=\"https:\/\/projectes.xtec.cat\/nou-curriculum\/wp-content\/uploads\/usu2072\/2024\/07\/dades.png\" alt=\"\" class=\"wp-image-13590\" style=\"width:40px;height:auto\"\/><\/a><\/figure>\n<\/div>\n\n\n\n<div class=\"wp-block-column is-layout-flow wp-block-column-is-layout-flow\" style=\"flex-basis:66.66%\">\n<h6 class=\"wp-block-heading\">Les dades avalen l&#8217;\u00e8xit del programa<\/h6>\n<\/div>\n<\/div>\n\n\n\n<div class=\"wp-block-columns is-layout-flex wp-container-core-columns-is-layout-6 wp-block-columns-is-layout-flex\">\n<div class=\"wp-block-column is-layout-flow wp-block-column-is-layout-flow\" style=\"flex-basis:33.33%\">\n<figure class=\"wp-block-image size-full is-resized is-style-default\"><a href=\"https:\/\/projectes.xtec.cat\/nou-curriculum\/wp-content\/uploads\/usu2072\/2024\/07\/collaboradors.png\"><img loading=\"lazy\" decoding=\"async\" width=\"53\" height=\"54\" src=\"https:\/\/projectes.xtec.cat\/nou-curriculum\/wp-content\/uploads\/usu2072\/2024\/07\/collaboradors.png\" alt=\"\" class=\"wp-image-13591\" style=\"width:47px;height:auto\"\/><\/a><\/figure>\n<\/div>\n\n\n\n<div class=\"wp-block-column is-layout-flow wp-block-column-is-layout-flow\" style=\"flex-basis:66.66%\">\n<h6 class=\"wp-block-heading\">Alguns dels nostres <a href=\"https:\/\/youtu.be\/kbX2_i6fQNc\" target=\"_blank\" rel=\"noreferrer noopener\">col\u00b7laboradors<\/a><\/h6>\n<\/div>\n<\/div>\n\n\n\n<div class=\"wp-block-columns is-layout-flex wp-container-core-columns-is-layout-7 wp-block-columns-is-layout-flex\">\n<div class=\"wp-block-column is-layout-flow wp-block-column-is-layout-flow\" style=\"flex-basis:33.33%\">\n<figure class=\"wp-block-image size-full is-resized is-style-default\"><a href=\"https:\/\/projectes.xtec.cat\/nou-curriculum\/wp-content\/uploads\/usu2072\/2024\/07\/sessions-on-line.png\"><img loading=\"lazy\" decoding=\"async\" width=\"60\" height=\"53\" src=\"https:\/\/projectes.xtec.cat\/nou-curriculum\/wp-content\/uploads\/usu2072\/2024\/07\/sessions-on-line.png\" alt=\"\" class=\"wp-image-13592\" style=\"width:46px;height:auto\"\/><\/a><\/figure>\n<\/div>\n\n\n\n<div class=\"wp-block-column is-layout-flow wp-block-column-is-layout-flow\" style=\"flex-basis:66.66%\">\n<h6 class=\"wp-block-heading\">Les nostres activitats <a href=\"https:\/\/www.escolaiempresa.cat\/material-online\/\" target=\"_blank\" rel=\"noreferrer noopener\">on line<\/a><\/h6>\n<\/div>\n<\/div>\n\n\n\n<hr class=\"wp-block-separator has-text-color has-ast-global-color-6-color has-alpha-channel-opacity has-ast-global-color-6-background-color has-background is-style-wide\"\/>\n\n\n\n<div class=\"wp-block-columns is-layout-flex wp-container-core-columns-is-layout-8 wp-block-columns-is-layout-flex\">\n<div class=\"wp-block-column is-vertically-aligned-center is-layout-flow wp-block-column-is-layout-flow\" style=\"flex-basis:33.33%\">\n<figure class=\"wp-block-image aligncenter size-full is-resized is-style-default\"><a href=\"https:\/\/projectes.xtec.cat\/nou-curriculum\/wp-content\/uploads\/usu2072\/2024\/07\/femcat.png\"><img loading=\"lazy\" decoding=\"async\" width=\"78\" height=\"134\" src=\"https:\/\/projectes.xtec.cat\/nou-curriculum\/wp-content\/uploads\/usu2072\/2024\/07\/femcat.png\" alt=\"\" class=\"wp-image-13593\" style=\"width:57px;height:auto\"\/><\/a><\/figure>\n<\/div>\n\n\n\n<div class=\"wp-block-column is-layout-flow wp-block-column-is-layout-flow\" style=\"flex-basis:66.66%\">\n<p>c\/ Rossell\u00f3, 198, 4t 1a                                                                                                                       <\/p>\n\n\n\n<p>08008 Barcelona                                                         <\/p>\n\n\n\n<p>+34 93 655 58 09                  <\/p>\n\n\n\n<p>escolaiempresa@femcat.cat<\/p>\n<\/div>\n<\/div>\n<\/div>\n<\/div>\n","protected":false},"excerpt":{"rendered":"<p>El Programa Escola i Empresa empra una metodologia validada pel Departament d&#8217;Educaci\u00f3 i se centra en la trobada entre l\u2019alumnat i una persona que dirigeix la seva pr\u00f2pia empresa que els explicar\u00e0 la seva experi\u00e8ncia. La conversa amb aquesta persona i la reflexi\u00f3 sobre la seva motivaci\u00f3 i el seu dia a dia pot servir a l&#8217;alumnat per a con\u00e8ixer la vida a l&#8217;empresa. <\/p>\n<p>Hi pot participar l\u2019alumnat d\u2019educaci\u00f3 secund\u00e0ria (4t d\u2019ESO, batxillerat i cicles formatius de grau mitj\u00e0) i de cicles formatius de grau superior, en grups d\u2019entre 25 i 60 estudiants.<\/p>\n","protected":false},"author":6,"featured_media":13586,"comment_status":"closed","ping_status":"open","sticky":false,"template":"","format":"standard","meta":{"_acf_changed":false,"site-sidebar-layout":"default","site-content-layout":"","ast-site-content-layout":"default","site-content-style":"default","site-sidebar-style":"default","ast-global-header-display":"","ast-banner-title-visibility":"","ast-main-header-display":"","ast-hfb-above-header-display":"","ast-hfb-below-header-display":"","ast-hfb-mobile-header-display":"","site-post-title":"","ast-breadcrumbs-content":"","ast-featured-img":"","footer-sml-layout":"","theme-transparent-header-meta":"","adv-header-id-meta":"","stick-header-meta":"","header-above-stick-meta":"","header-main-stick-meta":"","header-below-stick-meta":"","astra-migrate-meta-layouts":"set","ast-page-background-enabled":"default","ast-page-background-meta":{"desktop":{"background-color":"","background-image":"","background-repeat":"repeat","background-position":"center center","background-size":"auto","background-attachment":"scroll","background-type":"","background-media":"","overlay-type":"","overlay-color":"","overlay-opacity":"","overlay-gradient":""},"tablet":{"background-color":"","background-image":"","background-repeat":"repeat","background-position":"center center","background-size":"auto","background-attachment":"scroll","background-type":"","background-media":"","overlay-type":"","overlay-color":"","overlay-opacity":"","overlay-gradient":""},"mobile":{"background-color":"","background-image":"","background-repeat":"repeat","background-position":"center center","background-size":"auto","background-attachment":"scroll","background-type":"","background-media":"","overlay-type":"","overlay-color":"","overlay-opacity":"","overlay-gradient":""}},"ast-content-background-meta":{"desktop":{"background-color":"var(--ast-global-color-5)","background-image":"","background-repeat":"repeat","background-position":"center center","background-size":"auto","background-attachment":"scroll","background-type":"","background-media":"","overlay-type":"","overlay-color":"","overlay-opacity":"","overlay-gradient":""},"tablet":{"background-color":"var(--ast-global-color-5)","background-image":"","background-repeat":"repeat","background-position":"center center","background-size":"auto","background-attachment":"scroll","background-type":"","background-media":"","overlay-type":"","overlay-color":"","overlay-opacity":"","overlay-gradient":""},"mobile":{"background-color":"var(--ast-global-color-5)","background-image":"","background-repeat":"repeat","background-position":"center center","background-size":"auto","background-attachment":"scroll","background-type":"","background-media":"","overlay-type":"","overlay-color":"","overlay-opacity":"","overlay-gradient":""}},"footnotes":""},"categories":[318,322,1],"tags":[364,365,367,366],"class_list":["post-13579","post","type-post","status-publish","format-standard","has-post-thumbnail","hentry","category-batxillerat","category-educacio-secundaria","category-general","tag-emprenedoria","tag-empresa","tag-escola-i-empresa","tag-xerrades"],"acf":[],"post_mailing_queue_ids":[],"_links":{"self":[{"href":"https:\/\/projectes.xtec.cat\/nou-curriculum\/wp-json\/wp\/v2\/posts\/13579","targetHints":{"allow":["GET"]}}],"collection":[{"href":"https:\/\/projectes.xtec.cat\/nou-curriculum\/wp-json\/wp\/v2\/posts"}],"about":[{"href":"https:\/\/projectes.xtec.cat\/nou-curriculum\/wp-json\/wp\/v2\/types\/post"}],"author":[{"embeddable":true,"href":"https:\/\/projectes.xtec.cat\/nou-curriculum\/wp-json\/wp\/v2\/users\/6"}],"replies":[{"embeddable":true,"href":"https:\/\/projectes.xtec.cat\/nou-curriculum\/wp-json\/wp\/v2\/comments?post=13579"}],"version-history":[{"count":6,"href":"https:\/\/projectes.xtec.cat\/nou-curriculum\/wp-json\/wp\/v2\/posts\/13579\/revisions"}],"predecessor-version":[{"id":13611,"href":"https:\/\/projectes.xtec.cat\/nou-curriculum\/wp-json\/wp\/v2\/posts\/13579\/revisions\/13611"}],"wp:featuredmedia":[{"embeddable":true,"href":"https:\/\/projectes.xtec.cat\/nou-curriculum\/wp-json\/wp\/v2\/media\/13586"}],"wp:attachment":[{"href":"https:\/\/projectes.xtec.cat\/nou-curriculum\/wp-json\/wp\/v2\/media?parent=13579"}],"wp:term":[{"taxonomy":"category","embeddable":true,"href":"https:\/\/projectes.xtec.cat\/nou-curriculum\/wp-json\/wp\/v2\/categories?post=13579"},{"taxonomy":"post_tag","embeddable":true,"href":"https:\/\/projectes.xtec.cat\/nou-curriculum\/wp-json\/wp\/v2\/tags?post=13579"}],"curies":[{"name":"wp","href":"https:\/\/api.w.org\/{rel}","templated":true}]}}