{"id":13753,"date":"2024-07-31T08:52:32","date_gmt":"2024-07-31T06:52:32","guid":{"rendered":"https:\/\/projectes.xtec.cat\/nou-curriculum\/?p=13753"},"modified":"2024-07-31T09:22:12","modified_gmt":"2024-07-31T07:22:12","slug":"anue-associacio-per-a-les-nacions-unides-a-espanya","status":"publish","type":"post","link":"https:\/\/projectes.xtec.cat\/nou-curriculum\/general\/anue-associacio-per-a-les-nacions-unides-a-espanya\/","title":{"rendered":"ANUE: Associaci\u00f3 per a les Nacions Unides a Espanya. Descobreix els recursos educatius que ofereix"},"content":{"rendered":"\n<p>L<a href=\"https:\/\/anue.org\/\" target=\"_blank\" rel=\"noreferrer noopener\">\u2019<strong>Associaci\u00f3 per a les Nacions Unides a Espanya (ANUE)<\/strong><\/a>&nbsp;\u00e9s una organitzaci\u00f3 no governamental fundada a Barcelona el 31 d\u2019octubre de 1962. L\u2019ANUE \u00e9s membre de la Federaci\u00f3 Mundial d\u2019Associacions de les Nacions Unides (<a href=\"http:\/\/www.wfuna.org\/\" target=\"_blank\" rel=\"noreferrer noopener\">FMANU<\/a>), creada el 1946 com una iniciativa social i apol\u00edtica amb l\u2019objectiu fonamental de defensar i divulgar els principis de la pau i els drets humans al m\u00f3n, per aconseguir una conviv\u00e8ncia pacifica entre tots els pobles de la terra.<\/p>\n\n\n\n<figure class=\"wp-block-image aligncenter size-large is-resized is-style-default\"><a href=\"https:\/\/projectes.xtec.cat\/nou-curriculum\/wp-content\/uploads\/usu2072\/2024\/07\/ANUE-Curs-1.jpg\"><img loading=\"lazy\" decoding=\"async\" width=\"1024\" height=\"351\" src=\"https:\/\/projectes.xtec.cat\/nou-curriculum\/wp-content\/uploads\/usu2072\/2024\/07\/ANUE-Curs-1-1024x351.jpg\" alt=\"\" class=\"wp-image-13760\" style=\"width:796px;height:auto\" srcset=\"https:\/\/projectes.xtec.cat\/nou-curriculum\/wp-content\/uploads\/usu2072\/2024\/07\/ANUE-Curs-1-1024x351.jpg 1024w, https:\/\/projectes.xtec.cat\/nou-curriculum\/wp-content\/uploads\/usu2072\/2024\/07\/ANUE-Curs-1-300x103.jpg 300w, https:\/\/projectes.xtec.cat\/nou-curriculum\/wp-content\/uploads\/usu2072\/2024\/07\/ANUE-Curs-1-768x263.jpg 768w, https:\/\/projectes.xtec.cat\/nou-curriculum\/wp-content\/uploads\/usu2072\/2024\/07\/ANUE-Curs-1.jpg 1100w\" sizes=\"auto, (max-width: 1024px) 100vw, 1024px\" \/><\/a><\/figure>\n\n\n\n<p><\/p>\n\n\n\n<h3 class=\"wp-block-heading\"><a href=\"https:\/\/anue.org\/recursos-educatius\/\" target=\"_blank\" rel=\"noreferrer noopener\"><strong>Recursos Educatius<\/strong><\/a> <\/h3>\n\n\n\n<p><\/p>\n\n\n\n<div class=\"wp-block-columns is-layout-flex wp-container-core-columns-is-layout-1 wp-block-columns-is-layout-flex\">\n<div class=\"wp-block-column is-layout-flow wp-block-column-is-layout-flow\">\n<h4 class=\"wp-block-heading\"><strong>Curs \u201cDescobreix les Nacions Unides\u201d<\/strong><\/h4>\n\n\n\n<p>Curs introductori sobre l\u2019Organitzaci\u00f3 de les Nacions Unides (ONU), que cobreix la seva hist\u00f2ria, estructura, funcionament, objectius i reptes actuals.<\/p>\n<\/div>\n\n\n\n<div class=\"wp-block-column is-layout-flow wp-block-column-is-layout-flow\">\n<h4 class=\"wp-block-heading\"><strong>Taller pr\u00e0ctic \u201cEls teus Drets Humans: Con\u00e8ixer-los!\u201d<\/strong><\/h4>\n\n\n\n<p>Taller pr\u00e0ctic introductori sobre els Drets Humans i la Declaraci\u00f3 Universal dels Drets Humans. Inclou una revisi\u00f3 de la hist\u00f2ria i evoluci\u00f3 dels Drets Humans, una an\u00e0lisi de la Declaraci\u00f3 Universal i activitats pr\u00e0ctiques per refor\u00e7ar els coneixements adquirits.<\/p>\n<\/div>\n\n\n\n<div class=\"wp-block-column is-layout-flow wp-block-column-is-layout-flow\">\n<h4 class=\"wp-block-heading\"><strong>Exposici\u00f3 i xerrada sobre els Objectius de Desenvolupament Sostenible<\/strong><\/h4>\n\n\n\n<p>Exposici\u00f3 did\u00e0ctica sobre els 17 Objectius de Desenvolupament Sostenible (ODS) acompanyada d\u2019una xerrada que cobreix la seva hist\u00f2ria, explicaci\u00f3 i els reptes per assolir-los abans de l\u2019any 2030.<\/p>\n<\/div>\n\n\n\n<div class=\"wp-block-column is-layout-flow wp-block-column-is-layout-flow\">\n<h4 class=\"wp-block-heading\"><strong>Assessorament per a la realitzaci\u00f3 i organitzaci\u00f3 de Models de Nacions Unides a les escoles i instituts<\/strong><\/h4>\n\n\n\n<p>Els Models de Nacions Unides (MUN) s\u00f3n una valuosa eina educativa per aprendre sobre les relacions internacionals. Aquest programa innovador involucra estudiants d\u2019educaci\u00f3 secund\u00e0ria i batxillerat en simulacions interactives que els permeten explorar temes globals i desenvolupar el pensament cr\u00edtic i les habilitats necess\u00e0ries per a la ciutadania activa. Els estudiants assumeixen el paper d\u2019ambaixadors davant l\u2019ONU i discuteixen temes de l\u2019agenda de les Nacions Unides.<\/p>\n<\/div>\n<\/div>\n","protected":false},"excerpt":{"rendered":"<p>L\u2019Associaci\u00f3 per a les Nacions Unides a Espanya (ANUE) \u00e9s una organitzaci\u00f3 no governamental fundada a Barcelona el 31 d\u2019octubre de 1962. L\u2019ANUE \u00e9s membre de la Federaci\u00f3 Mundial d\u2019Associacions de les Nacions Unides (FMANU), creada el 1946 com una iniciativa social i apol\u00edtica amb l\u2019objectiu fonamental de defensar i divulgar els principis de la pau i els drets humans al m\u00f3n, per aconseguir una conviv\u00e8ncia pacifica entre tots els pobles de la terra.<\/p>\n","protected":false},"author":6,"featured_media":13760,"comment_status":"closed","ping_status":"open","sticky":false,"template":"","format":"standard","meta":{"_acf_changed":false,"site-sidebar-layout":"default","site-content-layout":"","ast-site-content-layout":"default","site-content-style":"default","site-sidebar-style":"default","ast-global-header-display":"","ast-banner-title-visibility":"","ast-main-header-display":"","ast-hfb-above-header-display":"","ast-hfb-below-header-display":"","ast-hfb-mobile-header-display":"","site-post-title":"","ast-breadcrumbs-content":"","ast-featured-img":"","footer-sml-layout":"","theme-transparent-header-meta":"","adv-header-id-meta":"","stick-header-meta":"","header-above-stick-meta":"","header-main-stick-meta":"","header-below-stick-meta":"","astra-migrate-meta-layouts":"set","ast-page-background-enabled":"default","ast-page-background-meta":{"desktop":{"background-color":"","background-image":"","background-repeat":"repeat","background-position":"center center","background-size":"auto","background-attachment":"scroll","background-type":"","background-media":"","overlay-type":"","overlay-color":"","overlay-opacity":"","overlay-gradient":""},"tablet":{"background-color":"","background-image":"","background-repeat":"repeat","background-position":"center center","background-size":"auto","background-attachment":"scroll","background-type":"","background-media":"","overlay-type":"","overlay-color":"","overlay-opacity":"","overlay-gradient":""},"mobile":{"background-color":"","background-image":"","background-repeat":"repeat","background-position":"center center","background-size":"auto","background-attachment":"scroll","background-type":"","background-media":"","overlay-type":"","overlay-color":"","overlay-opacity":"","overlay-gradient":""}},"ast-content-background-meta":{"desktop":{"background-color":"var(--ast-global-color-5)","background-image":"","background-repeat":"repeat","background-position":"center center","background-size":"auto","background-attachment":"scroll","background-type":"","background-media":"","overlay-type":"","overlay-color":"","overlay-opacity":"","overlay-gradient":""},"tablet":{"background-color":"var(--ast-global-color-5)","background-image":"","background-repeat":"repeat","background-position":"center center","background-size":"auto","background-attachment":"scroll","background-type":"","background-media":"","overlay-type":"","overlay-color":"","overlay-opacity":"","overlay-gradient":""},"mobile":{"background-color":"var(--ast-global-color-5)","background-image":"","background-repeat":"repeat","background-position":"center center","background-size":"auto","background-attachment":"scroll","background-type":"","background-media":"","overlay-type":"","overlay-color":"","overlay-opacity":"","overlay-gradient":""}},"footnotes":""},"categories":[318,319,322,1,347,344],"tags":[],"class_list":["post-13753","post","type-post","status-publish","format-standard","has-post-thumbnail","hentry","category-batxillerat","category-educacio-basica","category-educacio-secundaria","category-general","category-portada","category-recursos-altres-fonts"],"acf":[],"post_mailing_queue_ids":[],"_links":{"self":[{"href":"https:\/\/projectes.xtec.cat\/nou-curriculum\/wp-json\/wp\/v2\/posts\/13753","targetHints":{"allow":["GET"]}}],"collection":[{"href":"https:\/\/projectes.xtec.cat\/nou-curriculum\/wp-json\/wp\/v2\/posts"}],"about":[{"href":"https:\/\/projectes.xtec.cat\/nou-curriculum\/wp-json\/wp\/v2\/types\/post"}],"author":[{"embeddable":true,"href":"https:\/\/projectes.xtec.cat\/nou-curriculum\/wp-json\/wp\/v2\/users\/6"}],"replies":[{"embeddable":true,"href":"https:\/\/projectes.xtec.cat\/nou-curriculum\/wp-json\/wp\/v2\/comments?post=13753"}],"version-history":[{"count":5,"href":"https:\/\/projectes.xtec.cat\/nou-curriculum\/wp-json\/wp\/v2\/posts\/13753\/revisions"}],"predecessor-version":[{"id":13762,"href":"https:\/\/projectes.xtec.cat\/nou-curriculum\/wp-json\/wp\/v2\/posts\/13753\/revisions\/13762"}],"wp:featuredmedia":[{"embeddable":true,"href":"https:\/\/projectes.xtec.cat\/nou-curriculum\/wp-json\/wp\/v2\/media\/13760"}],"wp:attachment":[{"href":"https:\/\/projectes.xtec.cat\/nou-curriculum\/wp-json\/wp\/v2\/media?parent=13753"}],"wp:term":[{"taxonomy":"category","embeddable":true,"href":"https:\/\/projectes.xtec.cat\/nou-curriculum\/wp-json\/wp\/v2\/categories?post=13753"},{"taxonomy":"post_tag","embeddable":true,"href":"https:\/\/projectes.xtec.cat\/nou-curriculum\/wp-json\/wp\/v2\/tags?post=13753"}],"curies":[{"name":"wp","href":"https:\/\/api.w.org\/{rel}","templated":true}]}}