{"id":14544,"date":"2025-01-23T09:22:28","date_gmt":"2025-01-23T08:22:28","guid":{"rendered":"https:\/\/projectes.xtec.cat\/nou-curriculum\/?p=14544"},"modified":"2025-01-23T09:22:30","modified_gmt":"2025-01-23T08:22:30","slug":"inscripcions-obertes-a-la-ifest-challenge-competition","status":"publish","type":"post","link":"https:\/\/projectes.xtec.cat\/nou-curriculum\/general\/inscripcions-obertes-a-la-ifest-challenge-competition\/","title":{"rendered":"Inscripcions obertes a la iFest Challenge Competition!\u00a0"},"content":{"rendered":"\n<div class=\"wp-block-columns is-layout-flex wp-container-core-columns-is-layout-1 wp-block-columns-is-layout-flex\">\n<div class=\"wp-block-column has-medium-font-size is-layout-flow wp-container-core-column-is-layout-1 wp-block-column-is-layout-flow\" style=\"padding-top:var(--wp--preset--spacing--20);padding-right:var(--wp--preset--spacing--30);padding-bottom:var(--wp--preset--spacing--20);padding-left:var(--wp--preset--spacing--30)\">\n<p class=\"has-medium-font-size\">S\u2019ha obert el termini d\u2019inscripcions per a la iFest Challenge Competition, la competici\u00f3 de reptes de Catalunya adre\u00e7ada a joves.<\/p>\n\n\n\n<p class=\"has-medium-font-size\">Aquesta competici\u00f3 es divideix en dues categories segons edat:<\/p>\n\n\n\n<p class=\"has-medium-font-size\">\u00b7&nbsp;&nbsp;&nbsp;&nbsp;&nbsp;&nbsp;&nbsp;J\u00fanior: des de 3r d\u2019ESO i fins als 17 anys (adre\u00e7ada a qualsevol estudiant d\u2019ESO, Batxillerat i Formaci\u00f3 Professional sense la majoria d\u2019edat)<\/p>\n\n\n\n<p class=\"has-medium-font-size\">\u00b7&nbsp;&nbsp;&nbsp;&nbsp;&nbsp;&nbsp;&nbsp;S\u00e8nior: +18 i fins als 30 anys (adre\u00e7ada a qualsevol emprenedor i\/o estudiant d\u2019estudis universitaris, Batxillerat, Formaci\u00f3 Professional&#8230;)<\/p>\n<\/div>\n<\/div>\n\n\n\n<figure class=\"wp-block-image size-full is-style-default\"><a href=\"https:\/\/projectes.xtec.cat\/nou-curriculum\/wp-content\/uploads\/usu2072\/2025\/01\/image002-2.jpg\"><img loading=\"lazy\" decoding=\"async\" width=\"964\" height=\"251\" src=\"https:\/\/projectes.xtec.cat\/nou-curriculum\/wp-content\/uploads\/usu2072\/2025\/01\/image002-2.jpg\" alt=\"\" class=\"wp-image-14549\" srcset=\"https:\/\/projectes.xtec.cat\/nou-curriculum\/wp-content\/uploads\/usu2072\/2025\/01\/image002-2.jpg 964w, https:\/\/projectes.xtec.cat\/nou-curriculum\/wp-content\/uploads\/usu2072\/2025\/01\/image002-2-300x78.jpg 300w, https:\/\/projectes.xtec.cat\/nou-curriculum\/wp-content\/uploads\/usu2072\/2025\/01\/image002-2-768x200.jpg 768w\" sizes=\"auto, (max-width: 964px) 100vw, 964px\" \/><\/a><\/figure>\n\n\n\n<h2 class=\"wp-block-heading has-text-align-center\"><strong>Qu\u00e8 necessiteu per apuntar-vos?<\/strong><\/h2>\n\n\n\n<p class=\"has-medium-font-size\" style=\"padding-top:0;padding-right:var(--wp--preset--spacing--20);padding-bottom:0;padding-left:var(--wp--preset--spacing--20)\">1.&nbsp;<strong>Escolliu el repte<\/strong>&nbsp;que m\u00e9s us agradi. Si sou Categoria S\u00e8nior, tamb\u00e9 podeu presentar-vos al \u201crepte lliure\u201d amb un repte propi<\/p>\n\n\n\n<p class=\"has-medium-font-size\" style=\"padding-top:0;padding-right:var(--wp--preset--spacing--20);padding-bottom:0;padding-left:var(--wp--preset--spacing--20)\">2. Formeu un&nbsp;<strong>equip de 2 o 3 membres&nbsp;<\/strong>i introdu\u00efu les vostres dades<\/p>\n\n\n\n<p class=\"has-medium-font-size\" style=\"padding-top:0;padding-right:var(--wp--preset--spacing--20);padding-bottom:0;padding-left:var(--wp--preset--spacing--20)\">3. Si sou de la&nbsp;<strong>Categoria J\u00fanior<\/strong>, el vostre&nbsp;<em>shaker<\/em>&nbsp;(docent) haur\u00e0 de fer la inscripci\u00f3 per vosaltres*. Si sou de la&nbsp;<strong>Categoria S\u00e8nior<\/strong>, la podeu fer o vosaltres o el vostre&nbsp;<em>shaker<\/em><\/p>\n\n\n\n<p class=\"has-medium-font-size\" style=\"padding-top:0;padding-right:var(--wp--preset--spacing--20);padding-bottom:0;padding-left:var(--wp--preset--spacing--20)\">4. Al formulari d\u2019inscripci\u00f3, enllaceu amb un&nbsp;<strong>link<\/strong>&nbsp;el vostre v\u00eddeo de presentaci\u00f3 del projecte (m\u00e0xim 3 minuts) en el qual s\u2019expliqui en qu\u00e8 consisteix el projecte i com es dona soluci\u00f3 al repte. A m\u00e9s, haureu d\u2019emplenar uns camps amb la descripci\u00f3 del projecte (descripci\u00f3 breu, soluci\u00f3 proposada, impacte esperat, viabilitat t\u00e8cnica, p\u00fablic objectiu)<\/p>\n\n\n\n<p class=\"has-medium-font-size\" style=\"padding-top:0;padding-right:var(--wp--preset--spacing--20);padding-bottom:0;padding-left:var(--wp--preset--spacing--20)\">*\u00c9s obligatori que s\u2019adjunti l\u2019 \u201d<a href=\"https:\/\/empresa.extranet.gencat.cat\/impresos\/AppJava\/downloadFile.html?idDoc=G346NCAEM-156-00.pdf\" target=\"_blank\" rel=\"noreferrer noopener\">Autoritzaci\u00f3 per a participar i assistir a la final i\/o per a la consulta de dades en el marc dels Premis iFest 2025<\/a>\u201d.<\/p>\n\n\n\n<h2 class=\"wp-block-heading has-text-align-center\"><strong>A on ens hem d\u2019inscriure?<\/strong><\/h2>\n\n\n\n<h6 class=\"wp-block-heading has-text-align-center has-medium-font-size\">Fins al\u00a0<strong>3 de mar\u00e7 a les 15:00h<\/strong>, podeu fer la vostra inscripci\u00f3 seguint aquest enlla\u00e7:<\/h6>\n\n\n\n<div class=\"wp-block-buttons alignwide is-content-justification-center is-layout-flex wp-container-core-buttons-is-layout-1 wp-block-buttons-is-layout-flex\" style=\"margin-top:var(--wp--preset--spacing--20);margin-bottom:var(--wp--preset--spacing--20)\">\n<div class=\"wp-block-button has-custom-font-size has-medium-font-size\"><a class=\"wp-block-button__link has-ast-global-color-4-color has-luminous-vivid-orange-background-color has-text-color has-background has-link-color has-text-align-center wp-element-button\" href=\"https:\/\/web.gencat.cat\/ca\/tramits\/tramits-temes\/23644-Premis-iFest?category=76573236-a82c-11e3-a972-000c29052e2c&amp;moda=1\" style=\"padding-top:var(--wp--preset--spacing--20);padding-bottom:var(--wp--preset--spacing--20)\" target=\"_blank\" rel=\"noreferrer noopener\"><strong>INSCRIPCIONS<\/strong><\/a><\/div>\n<\/div>\n","protected":false},"excerpt":{"rendered":"<p>Us fem saber que ja s\u2019ha obert el termini d\u2019inscripcions per a la iFest Challenge Competition, la competici\u00f3 de reptes de Catalunya adre\u00e7ada a joves.<\/p>\n<p>Aquesta competici\u00f3 es divideix en dues categories segons edat:<\/p>\n<p>\u00b7       J\u00fanior: des de 3r d\u2019ESO i fins als 17 anys (adre\u00e7ada a qualsevol estudiant d\u2019ESO, Batxillerat i Formaci\u00f3 Professional sense la majoria d\u2019edat)<\/p>\n<p>\u00b7       S\u00e8nior: +18 i fins als 30 anys (adre\u00e7ada a qualsevol emprenedor i\/o estudiant d\u2019estudis universitaris, Batxillerat, Formaci\u00f3 Professional&#8230;)<\/p>\n","protected":false},"author":6,"featured_media":14555,"comment_status":"closed","ping_status":"open","sticky":false,"template":"","format":"standard","meta":{"_acf_changed":false,"site-sidebar-layout":"default","site-content-layout":"","ast-site-content-layout":"default","site-content-style":"default","site-sidebar-style":"default","ast-global-header-display":"","ast-banner-title-visibility":"","ast-main-header-display":"","ast-hfb-above-header-display":"","ast-hfb-below-header-display":"","ast-hfb-mobile-header-display":"","site-post-title":"","ast-breadcrumbs-content":"","ast-featured-img":"","footer-sml-layout":"","theme-transparent-header-meta":"","adv-header-id-meta":"","stick-header-meta":"","header-above-stick-meta":"","header-main-stick-meta":"","header-below-stick-meta":"","astra-migrate-meta-layouts":"set","ast-page-background-enabled":"default","ast-page-background-meta":{"desktop":{"background-color":"","background-image":"","background-repeat":"repeat","background-position":"center center","background-size":"auto","background-attachment":"scroll","background-type":"","background-media":"","overlay-type":"","overlay-color":"","overlay-opacity":"","overlay-gradient":""},"tablet":{"background-color":"","background-image":"","background-repeat":"repeat","background-position":"center center","background-size":"auto","background-attachment":"scroll","background-type":"","background-media":"","overlay-type":"","overlay-color":"","overlay-opacity":"","overlay-gradient":""},"mobile":{"background-color":"","background-image":"","background-repeat":"repeat","background-position":"center center","background-size":"auto","background-attachment":"scroll","background-type":"","background-media":"","overlay-type":"","overlay-color":"","overlay-opacity":"","overlay-gradient":""}},"ast-content-background-meta":{"desktop":{"background-color":"var(--ast-global-color-5)","background-image":"","background-repeat":"repeat","background-position":"center center","background-size":"auto","background-attachment":"scroll","background-type":"","background-media":"","overlay-type":"","overlay-color":"","overlay-opacity":"","overlay-gradient":""},"tablet":{"background-color":"var(--ast-global-color-5)","background-image":"","background-repeat":"repeat","background-position":"center center","background-size":"auto","background-attachment":"scroll","background-type":"","background-media":"","overlay-type":"","overlay-color":"","overlay-opacity":"","overlay-gradient":""},"mobile":{"background-color":"var(--ast-global-color-5)","background-image":"","background-repeat":"repeat","background-position":"center center","background-size":"auto","background-attachment":"scroll","background-type":"","background-media":"","overlay-type":"","overlay-color":"","overlay-opacity":"","overlay-gradient":""}},"footnotes":""},"categories":[318,322,1],"tags":[356,382],"class_list":["post-14544","post","type-post","status-publish","format-standard","has-post-thumbnail","hentry","category-batxillerat","category-educacio-secundaria","category-general","tag-projectes","tag-reptes"],"acf":[],"post_mailing_queue_ids":[],"_links":{"self":[{"href":"https:\/\/projectes.xtec.cat\/nou-curriculum\/wp-json\/wp\/v2\/posts\/14544","targetHints":{"allow":["GET"]}}],"collection":[{"href":"https:\/\/projectes.xtec.cat\/nou-curriculum\/wp-json\/wp\/v2\/posts"}],"about":[{"href":"https:\/\/projectes.xtec.cat\/nou-curriculum\/wp-json\/wp\/v2\/types\/post"}],"author":[{"embeddable":true,"href":"https:\/\/projectes.xtec.cat\/nou-curriculum\/wp-json\/wp\/v2\/users\/6"}],"replies":[{"embeddable":true,"href":"https:\/\/projectes.xtec.cat\/nou-curriculum\/wp-json\/wp\/v2\/comments?post=14544"}],"version-history":[{"count":6,"href":"https:\/\/projectes.xtec.cat\/nou-curriculum\/wp-json\/wp\/v2\/posts\/14544\/revisions"}],"predecessor-version":[{"id":14556,"href":"https:\/\/projectes.xtec.cat\/nou-curriculum\/wp-json\/wp\/v2\/posts\/14544\/revisions\/14556"}],"wp:featuredmedia":[{"embeddable":true,"href":"https:\/\/projectes.xtec.cat\/nou-curriculum\/wp-json\/wp\/v2\/media\/14555"}],"wp:attachment":[{"href":"https:\/\/projectes.xtec.cat\/nou-curriculum\/wp-json\/wp\/v2\/media?parent=14544"}],"wp:term":[{"taxonomy":"category","embeddable":true,"href":"https:\/\/projectes.xtec.cat\/nou-curriculum\/wp-json\/wp\/v2\/categories?post=14544"},{"taxonomy":"post_tag","embeddable":true,"href":"https:\/\/projectes.xtec.cat\/nou-curriculum\/wp-json\/wp\/v2\/tags?post=14544"}],"curies":[{"name":"wp","href":"https:\/\/api.w.org\/{rel}","templated":true}]}}