{"id":15014,"date":"2025-05-28T20:17:50","date_gmt":"2025-05-28T18:17:50","guid":{"rendered":"https:\/\/projectes.xtec.cat\/nou-curriculum\/?p=15014"},"modified":"2025-05-29T16:44:05","modified_gmt":"2025-05-29T14:44:05","slug":"concurs-escolar-vivir-sentir-y-contar-la-democracia-espana-en-libertad-50-anos","status":"publish","type":"post","link":"https:\/\/projectes.xtec.cat\/nou-curriculum\/general\/concurs-escolar-vivir-sentir-y-contar-la-democracia-espana-en-libertad-50-anos\/","title":{"rendered":"Concurs Escolar \u00abVivir, Sentir y Contar la Democracia: Espa\u00f1a en libertad. 50 a\u00f1os\u00bb"},"content":{"rendered":"\n<div class=\"wp-block-columns is-layout-flex wp-container-core-columns-is-layout-1 wp-block-columns-is-layout-flex\">\n<div class=\"wp-block-column is-layout-flow wp-block-column-is-layout-flow\" style=\"flex-basis:50%\">\n<figure class=\"wp-block-image size-large\"><a href=\"https:\/\/projectes.xtec.cat\/nou-curriculum\/wp-content\/uploads\/usu2072\/2025\/05\/vivir-sentir-i-contar-la-democracia.jpg\"><img loading=\"lazy\" decoding=\"async\" width=\"1024\" height=\"576\" src=\"https:\/\/projectes.xtec.cat\/nou-curriculum\/wp-content\/uploads\/usu2072\/2025\/05\/vivir-sentir-i-contar-la-democracia-1024x576.jpg\" alt=\"\" class=\"wp-image-15015\" srcset=\"https:\/\/projectes.xtec.cat\/nou-curriculum\/wp-content\/uploads\/usu2072\/2025\/05\/vivir-sentir-i-contar-la-democracia-1024x576.jpg 1024w, https:\/\/projectes.xtec.cat\/nou-curriculum\/wp-content\/uploads\/usu2072\/2025\/05\/vivir-sentir-i-contar-la-democracia-300x169.jpg 300w, https:\/\/projectes.xtec.cat\/nou-curriculum\/wp-content\/uploads\/usu2072\/2025\/05\/vivir-sentir-i-contar-la-democracia-768x432.jpg 768w, https:\/\/projectes.xtec.cat\/nou-curriculum\/wp-content\/uploads\/usu2072\/2025\/05\/vivir-sentir-i-contar-la-democracia-1536x864.jpg 1536w, https:\/\/projectes.xtec.cat\/nou-curriculum\/wp-content\/uploads\/usu2072\/2025\/05\/vivir-sentir-i-contar-la-democracia.jpg 1920w\" sizes=\"auto, (max-width: 1024px) 100vw, 1024px\" \/><\/a><\/figure>\n<\/div>\n\n\n\n<div class=\"wp-block-column is-layout-flow wp-block-column-is-layout-flow\" style=\"flex-basis:66.66%\">\n<p>Concurs Escolar Nacional \u00abVivir, Sentir i Contar la Democr\u00e0cia: Espanya en llibertat. 50 anys\u00bb que reconeix i premia els treballs de l&#8217;alumnat que contribueixin, des dels \u00e0mbits de l&#8217;educaci\u00f3, a la valoraci\u00f3 de la democr\u00e0cia com a forma d&#8217;organitzaci\u00f3 social i pol\u00edtica i al coneixement i enfortiment dels drets i llibertats sobre els quals s&#8217;articula la conviv\u00e8ncia a Espanya, aix\u00ed com a mostrar el rebuig a les dictadures i a qualsevol forma d&#8217;opressi\u00f3 i negaci\u00f3 d&#8217;aquestes llibertats democr\u00e0tiques. <\/p>\n\n\n\n<p><strong>Modalitat A<\/strong>: ESO, FP B\u00e0sica, Educaci\u00f3 Especial.<\/p>\n\n\n\n<p><strong>Modalitat B<\/strong>: Batxillerat, FP mitj\u00e0 i superior, Ensenyament de r\u00e8gim especial i Educaci\u00f3 per a adults.<\/p>\n\n\n\n<p><strong>Formats<\/strong>: Creaci\u00f3 liter\u00e0ria, assaig i recerca, creaci\u00f3 pl\u00e0stica, videojocs, creaci\u00f3 audiovisual.<\/p>\n\n\n\n<p>La data l\u00edmit \u00e9s el 25 de juny de 2025<\/p>\n\n\n\n<p>Per a una informaci\u00f3 m\u00e9s completa mireu <a href=\"https:\/\/www.educacionfpydeportes.gob.es\/ca\/servicios-al-ciudadano\/catalogo\/general\/31\/3174420\/ficha\/3174420-2025.html\">aqu\u00ed<\/a>.<\/p>\n<\/div>\n<\/div>\n\n\n\n<p><\/p>\n","protected":false},"excerpt":{"rendered":"<p>Concurs Escolar Nacional \u00abVivir, Sentir i Contar la Democr\u00e0cia: Espanya en llibertat. 50 anys\u00bb que reconeix i premia els treballs de l&#8217;alumnat que contribueixin, des dels \u00e0mbits de l&#8217;educaci\u00f3, a la valoraci\u00f3 de la democr\u00e0cia com a forma d&#8217;organitzaci\u00f3 social i pol\u00edtica i al coneixement i enfortiment dels drets i llibertats sobre els quals s&#8217;articula [&hellip;]<\/p>\n","protected":false},"author":9,"featured_media":15015,"comment_status":"closed","ping_status":"open","sticky":false,"template":"","format":"standard","meta":{"_acf_changed":false,"site-sidebar-layout":"default","site-content-layout":"","ast-site-content-layout":"default","site-content-style":"default","site-sidebar-style":"default","ast-global-header-display":"","ast-banner-title-visibility":"","ast-main-header-display":"","ast-hfb-above-header-display":"","ast-hfb-below-header-display":"","ast-hfb-mobile-header-display":"","site-post-title":"","ast-breadcrumbs-content":"","ast-featured-img":"","footer-sml-layout":"","theme-transparent-header-meta":"","adv-header-id-meta":"","stick-header-meta":"","header-above-stick-meta":"","header-main-stick-meta":"","header-below-stick-meta":"","astra-migrate-meta-layouts":"set","ast-page-background-enabled":"default","ast-page-background-meta":{"desktop":{"background-color":"","background-image":"","background-repeat":"repeat","background-position":"center center","background-size":"auto","background-attachment":"scroll","background-type":"","background-media":"","overlay-type":"","overlay-color":"","overlay-opacity":"","overlay-gradient":""},"tablet":{"background-color":"","background-image":"","background-repeat":"repeat","background-position":"center center","background-size":"auto","background-attachment":"scroll","background-type":"","background-media":"","overlay-type":"","overlay-color":"","overlay-opacity":"","overlay-gradient":""},"mobile":{"background-color":"","background-image":"","background-repeat":"repeat","background-position":"center center","background-size":"auto","background-attachment":"scroll","background-type":"","background-media":"","overlay-type":"","overlay-color":"","overlay-opacity":"","overlay-gradient":""}},"ast-content-background-meta":{"desktop":{"background-color":"var(--ast-global-color-5)","background-image":"","background-repeat":"repeat","background-position":"center center","background-size":"auto","background-attachment":"scroll","background-type":"","background-media":"","overlay-type":"","overlay-color":"","overlay-opacity":"","overlay-gradient":""},"tablet":{"background-color":"var(--ast-global-color-5)","background-image":"","background-repeat":"repeat","background-position":"center center","background-size":"auto","background-attachment":"scroll","background-type":"","background-media":"","overlay-type":"","overlay-color":"","overlay-opacity":"","overlay-gradient":""},"mobile":{"background-color":"var(--ast-global-color-5)","background-image":"","background-repeat":"repeat","background-position":"center center","background-size":"auto","background-attachment":"scroll","background-type":"","background-media":"","overlay-type":"","overlay-color":"","overlay-opacity":"","overlay-gradient":""}},"footnotes":""},"categories":[318,319,320,321,322,1,347],"tags":[],"class_list":["post-15014","post","type-post","status-publish","format-standard","has-post-thumbnail","hentry","category-batxillerat","category-educacio-basica","category-educacio-infantil","category-educacio-primaria","category-educacio-secundaria","category-general","category-portada"],"acf":[],"post_mailing_queue_ids":[],"_links":{"self":[{"href":"https:\/\/projectes.xtec.cat\/nou-curriculum\/wp-json\/wp\/v2\/posts\/15014","targetHints":{"allow":["GET"]}}],"collection":[{"href":"https:\/\/projectes.xtec.cat\/nou-curriculum\/wp-json\/wp\/v2\/posts"}],"about":[{"href":"https:\/\/projectes.xtec.cat\/nou-curriculum\/wp-json\/wp\/v2\/types\/post"}],"author":[{"embeddable":true,"href":"https:\/\/projectes.xtec.cat\/nou-curriculum\/wp-json\/wp\/v2\/users\/9"}],"replies":[{"embeddable":true,"href":"https:\/\/projectes.xtec.cat\/nou-curriculum\/wp-json\/wp\/v2\/comments?post=15014"}],"version-history":[{"count":3,"href":"https:\/\/projectes.xtec.cat\/nou-curriculum\/wp-json\/wp\/v2\/posts\/15014\/revisions"}],"predecessor-version":[{"id":15018,"href":"https:\/\/projectes.xtec.cat\/nou-curriculum\/wp-json\/wp\/v2\/posts\/15014\/revisions\/15018"}],"wp:featuredmedia":[{"embeddable":true,"href":"https:\/\/projectes.xtec.cat\/nou-curriculum\/wp-json\/wp\/v2\/media\/15015"}],"wp:attachment":[{"href":"https:\/\/projectes.xtec.cat\/nou-curriculum\/wp-json\/wp\/v2\/media?parent=15014"}],"wp:term":[{"taxonomy":"category","embeddable":true,"href":"https:\/\/projectes.xtec.cat\/nou-curriculum\/wp-json\/wp\/v2\/categories?post=15014"},{"taxonomy":"post_tag","embeddable":true,"href":"https:\/\/projectes.xtec.cat\/nou-curriculum\/wp-json\/wp\/v2\/tags?post=15014"}],"curies":[{"name":"wp","href":"https:\/\/api.w.org\/{rel}","templated":true}]}}