{"id":15812,"date":"2025-09-18T14:05:55","date_gmt":"2025-09-18T12:05:55","guid":{"rendered":"https:\/\/projectes.xtec.cat\/nou-curriculum\/?p=15812"},"modified":"2025-09-18T14:10:12","modified_gmt":"2025-09-18T12:10:12","slug":"pindoles-del-curriculum-totes-les-especialitats","status":"publish","type":"post","link":"https:\/\/projectes.xtec.cat\/nou-curriculum\/general\/pindoles-del-curriculum-totes-les-especialitats\/","title":{"rendered":"P\u00edndoles del curr\u00edculum. Totes les especialitats."},"content":{"rendered":"\n<div class=\"wp-block-columns is-layout-flex wp-container-core-columns-is-layout-3 wp-block-columns-is-layout-flex\">\n<div class=\"wp-block-column is-layout-flow wp-block-column-is-layout-flow\" style=\"flex-basis:30%\">\n<figure class=\"wp-block-image size-full\"><a href=\"https:\/\/projectes.xtec.cat\/nou-curriculum\/wp-content\/uploads\/usu2072\/2025\/09\/student-learning-code-at-workshop.jpg\"><img loading=\"lazy\" decoding=\"async\" width=\"925\" height=\"617\" src=\"https:\/\/projectes.xtec.cat\/nou-curriculum\/wp-content\/uploads\/usu2072\/2025\/09\/student-learning-code-at-workshop.jpg\" alt=\"grup professorat\" class=\"wp-image-15813\" srcset=\"https:\/\/projectes.xtec.cat\/nou-curriculum\/wp-content\/uploads\/usu2072\/2025\/09\/student-learning-code-at-workshop.jpg 925w, https:\/\/projectes.xtec.cat\/nou-curriculum\/wp-content\/uploads\/usu2072\/2025\/09\/student-learning-code-at-workshop-300x200.jpg 300w, https:\/\/projectes.xtec.cat\/nou-curriculum\/wp-content\/uploads\/usu2072\/2025\/09\/student-learning-code-at-workshop-768x512.jpg 768w\" sizes=\"auto, (max-width: 925px) 100vw, 925px\" \/><\/a><\/figure>\n<\/div>\n\n\n\n<div class=\"wp-block-column is-layout-flow wp-block-column-is-layout-flow\">\n<p>Aquest curs, des del servei de Curr\u00edculum de secund\u00e0ria i batxillerat, s&#8217;ofereix tot un seguit de formacions sota el mateix concepte, les P\u00edndoles. <\/p>\n\n\n\n<p>Per una banda, s&#8217;incidir\u00e0 en el treball d\u2019aspectes clau de l\u2019ensenyament competencial de cada especialitat amb l\u2019objectiu de facilitar l\u2019aplicaci\u00f3 del nou curr\u00edculum a l\u2019aula. Per l\u2019altra, ser\u00e0 un espai on els participants poden resoldre els seus dubtes o experi\u00e8ncies relacionades amb l&#8217;activitat a l\u2019aula i compartir les seves dificultats i bones pr\u00e0ctiques.<\/p>\n\n\n\n<p>Aix\u00ed aquests cursos de formaci\u00f3 estan separats en P\u00edndoles d&#8217;iniciaci\u00f3 i P\u00edndoles de curr\u00edculum.<\/p>\n\n\n\n<div class=\"wp-block-columns is-layout-flex wp-container-core-columns-is-layout-1 wp-block-columns-is-layout-flex\">\n<div class=\"wp-block-column is-layout-flow wp-block-column-is-layout-flow\" style=\"flex-basis:3%\">\n<figure class=\"wp-block-image size-full is-resized\"><a href=\"https:\/\/projectes.xtec.cat\/nou-curriculum\/wp-content\/uploads\/usu2072\/2025\/09\/image-1.png\"><img loading=\"lazy\" decoding=\"async\" width=\"100\" height=\"100\" src=\"https:\/\/projectes.xtec.cat\/nou-curriculum\/wp-content\/uploads\/usu2072\/2025\/09\/image-1.png\" alt=\"\" class=\"wp-image-15824\" style=\"width:33px;height:auto\"\/><\/a><\/figure>\n<\/div>\n\n\n\n<div class=\"wp-block-column is-layout-flow wp-block-column-is-layout-flow\" style=\"flex-basis:66.66%\">\n<p><strong><a href=\"https:\/\/xtec.gencat.cat\/ca\/formacio\/formaciogeneralprofessorat\/curriculum\/pindoles-formatives-del-curriculum-totes-les-especialitats\/\" target=\"_blank\" rel=\"noreferrer noopener\">Enlla\u00e7<\/a> a la informaci\u00f3 de cada especialitat i a la inscripci\u00f3<\/strong>.<\/p>\n<\/div>\n<\/div>\n\n\n\n<div class=\"wp-block-columns is-layout-flex wp-container-core-columns-is-layout-2 wp-block-columns-is-layout-flex\">\n<div class=\"wp-block-column is-layout-flow wp-block-column-is-layout-flow\" style=\"flex-basis:3%\">\n<figure class=\"wp-block-image size-full is-resized\"><a href=\"https:\/\/projectes.xtec.cat\/nou-curriculum\/wp-content\/uploads\/usu2072\/2025\/09\/mdi-calendar.svg\"><img decoding=\"async\" src=\"https:\/\/projectes.xtec.cat\/nou-curriculum\/wp-content\/uploads\/usu2072\/2025\/09\/mdi-calendar.svg\" alt=\"\" class=\"wp-image-15829\" style=\"width:33px;height:auto\"\/><\/a><\/figure>\n<\/div>\n\n\n\n<div class=\"wp-block-column is-layout-flow wp-block-column-is-layout-flow\" style=\"flex-basis:66.66%\">\n<p><strong><strong>Termini per a la inscripci\u00f3 (ampliat): <\/strong>28 de setembre.&nbsp;<\/strong><\/p>\n<\/div>\n<\/div>\n<\/div>\n<\/div>\n\n\n\n<blockquote class=\"wp-block-quote is-layout-flow wp-block-quote-is-layout-flow\">\n<p>Les <em>p\u00edndoles d\u2019iniciaci\u00f3<\/em> estan dirigides a professorat de l&#8217;especialitat que necessita con\u00e8ixer i donar sentit als elements del curr\u00edculum per poder dissenyar les situacions d&#8217;aprenentatge de l&#8217;aula.<\/p>\n<\/blockquote>\n\n\n\n<blockquote class=\"wp-block-quote is-layout-flow wp-block-quote-is-layout-flow\">\n<p>Les <em>p\u00edndoles de curr\u00edculum<\/em> s\u00f3n pel professorat de l\u2019especialitat amb l\u2019objectiu de donar un impuls al treball competencial i a la seva implementaci\u00f3 a l\u2019aula.<\/p>\n<\/blockquote>\n\n\n\n<div class=\"wp-block-columns is-layout-flex wp-container-core-columns-is-layout-4 wp-block-columns-is-layout-flex\">\n<div class=\"wp-block-column is-layout-flow wp-block-column-is-layout-flow\">\n<p><strong>P\u00edndoles del curr\u00edculum<\/strong><\/p>\n\n\n\n<div class=\"wp-block-getwid-accordion has-icon-left\" data-active-element=\"none\">\n<div class=\"wp-block-getwid-accordion__header-wrapper\"><span class=\"wp-block-getwid-accordion__header\"><a href=\"#\"><span class=\"wp-block-getwid-accordion__header-title\">Descripci\u00f3 i metodologia<\/span><span class=\"wp-block-getwid-accordion__icon is-active\"><i class=\"fas fa-plus\"><\/i><\/span><span class=\"wp-block-getwid-accordion__icon is-passive\"><i class=\"fas fa-minus\"><\/i><\/span><\/a><\/span><\/div><div class=\"wp-block-getwid-accordion__content-wrapper\"><div class=\"wp-block-getwid-accordion__content\">\n<p><\/p>\n<\/div><\/div>\n\n\n\n<div class=\"wp-block-getwid-accordion__header-wrapper\"><span class=\"wp-block-getwid-accordion__header\"><a href=\"#\"><span class=\"wp-block-getwid-accordion__header-title\">Objectius<\/span><span class=\"wp-block-getwid-accordion__icon is-active\"><i class=\"fas fa-plus\"><\/i><\/span><span class=\"wp-block-getwid-accordion__icon is-passive\"><i class=\"fas fa-minus\"><\/i><\/span><\/a><\/span><\/div><div class=\"wp-block-getwid-accordion__content-wrapper\"><div class=\"wp-block-getwid-accordion__content\">\n<p>1. Millorar la formaci\u00f3 docent en la did\u00e0ctica de la seva especialitat.<br>2. Estructurar l\u2019enfocament competencial dels aprenentatges.<br>3. Capacitar el professorat per incentivar l\u2019aprenentatge competencial i reflexiu de l\u2019alumnat.<\/p>\n<\/div><\/div>\n<\/div>\n<\/div>\n\n\n\n<div class=\"wp-block-column is-layout-flow wp-block-column-is-layout-flow\">\n<p><strong>P\u00edndoles d\u2019iniciaci\u00f3<\/strong><\/p>\n\n\n\n<div class=\"wp-block-getwid-accordion has-icon-left\" data-active-element=\"none\">\n<div class=\"wp-block-getwid-accordion__header-wrapper\"><span class=\"wp-block-getwid-accordion__header\"><a href=\"#\"><span class=\"wp-block-getwid-accordion__header-title\">Descripci\u00f3 i metodologia<\/span><span class=\"wp-block-getwid-accordion__icon is-active\"><i class=\"fas fa-plus\"><\/i><\/span><span class=\"wp-block-getwid-accordion__icon is-passive\"><i class=\"fas fa-minus\"><\/i><\/span><\/a><\/span><\/div><div class=\"wp-block-getwid-accordion__content-wrapper\"><div class=\"wp-block-getwid-accordion__content\">\n<p>Curs adre\u00e7at al professorat de l&#8217;especialitat que necessita con\u00e8ixer i donar sentit als elements del curr\u00edculum per poder dissenyar les situacions d&#8217;aprenentatge de l&#8217;aula.<br>El curs es desenvolupar\u00e0 a trav\u00e9s de sessions telem\u00e0tiques s\u00edncrones, els continguts de les quals estan basats en les necessitats del professorat de con\u00e8ixer i aprofundir en l&#8217;ensenyament competencial, la seva implementaci\u00f3 a l&#8217;aula i la resoluci\u00f3 dels dubtes que sorgeixin.<\/p>\n<\/div><\/div>\n\n\n\n<div class=\"wp-block-getwid-accordion__header-wrapper\"><span class=\"wp-block-getwid-accordion__header\"><a href=\"#\"><span class=\"wp-block-getwid-accordion__header-title\">Objectius<\/span><span class=\"wp-block-getwid-accordion__icon is-active\"><i class=\"fas fa-plus\"><\/i><\/span><span class=\"wp-block-getwid-accordion__icon is-passive\"><i class=\"fas fa-minus\"><\/i><\/span><\/a><\/span><\/div><div class=\"wp-block-getwid-accordion__content-wrapper\"><div class=\"wp-block-getwid-accordion__content\">\n<p>1.Comprendre els elements curriculars per a poder elaborar programacions d&#8217;aula que promoguin l&#8217;aprenentatge competencial.<\/p>\n\n\n\n<p>2.Millorar la formaci\u00f3 docent en la did\u00e0ctica de la seva especialitat.<\/p>\n\n\n\n<p>3. Identificar i aplicar estrat\u00e8gies que facilitin l&#8217;atenci\u00f3 educativa inclusiva a tot l&#8217;alumnat.<\/p>\n<\/div><\/div>\n<\/div>\n<\/div>\n<\/div>\n","protected":false},"excerpt":{"rendered":"<p>Aquest curs, des del servei de Curr\u00edculum de secund\u00e0ria i batxillerat, s&#8217;ofereix tot un seguit de formacions sota el mateix concepte, les P\u00edndoles. Per una banda, s&#8217;incidir\u00e0 en el treball d\u2019aspectes clau de l\u2019ensenyament competencial de cada especialitat amb l\u2019objectiu de facilitar l\u2019aplicaci\u00f3 del nou curr\u00edculum a l\u2019aula. Per l\u2019altra, ser\u00e0 un espai on els [&hellip;]<\/p>\n","protected":false},"author":9,"featured_media":15813,"comment_status":"closed","ping_status":"open","sticky":false,"template":"","format":"standard","meta":{"_acf_changed":false,"site-sidebar-layout":"default","site-content-layout":"","ast-site-content-layout":"default","site-content-style":"default","site-sidebar-style":"default","ast-global-header-display":"","ast-banner-title-visibility":"","ast-main-header-display":"","ast-hfb-above-header-display":"","ast-hfb-below-header-display":"","ast-hfb-mobile-header-display":"","site-post-title":"","ast-breadcrumbs-content":"","ast-featured-img":"disabled","footer-sml-layout":"","theme-transparent-header-meta":"","adv-header-id-meta":"","stick-header-meta":"","header-above-stick-meta":"","header-main-stick-meta":"","header-below-stick-meta":"","astra-migrate-meta-layouts":"set","ast-page-background-enabled":"default","ast-page-background-meta":{"desktop":{"background-color":"","background-image":"","background-repeat":"repeat","background-position":"center center","background-size":"auto","background-attachment":"scroll","background-type":"","background-media":"","overlay-type":"","overlay-color":"","overlay-opacity":"","overlay-gradient":""},"tablet":{"background-color":"","background-image":"","background-repeat":"repeat","background-position":"center center","background-size":"auto","background-attachment":"scroll","background-type":"","background-media":"","overlay-type":"","overlay-color":"","overlay-opacity":"","overlay-gradient":""},"mobile":{"background-color":"","background-image":"","background-repeat":"repeat","background-position":"center center","background-size":"auto","background-attachment":"scroll","background-type":"","background-media":"","overlay-type":"","overlay-color":"","overlay-opacity":"","overlay-gradient":""}},"ast-content-background-meta":{"desktop":{"background-color":"var(--ast-global-color-5)","background-image":"","background-repeat":"repeat","background-position":"center center","background-size":"auto","background-attachment":"scroll","background-type":"","background-media":"","overlay-type":"","overlay-color":"","overlay-opacity":"","overlay-gradient":""},"tablet":{"background-color":"var(--ast-global-color-5)","background-image":"","background-repeat":"repeat","background-position":"center center","background-size":"auto","background-attachment":"scroll","background-type":"","background-media":"","overlay-type":"","overlay-color":"","overlay-opacity":"","overlay-gradient":""},"mobile":{"background-color":"var(--ast-global-color-5)","background-image":"","background-repeat":"repeat","background-position":"center center","background-size":"auto","background-attachment":"scroll","background-type":"","background-media":"","overlay-type":"","overlay-color":"","overlay-opacity":"","overlay-gradient":""}},"footnotes":""},"categories":[318,322,1],"tags":[352,323],"class_list":["post-15812","post","type-post","status-publish","format-standard","has-post-thumbnail","hentry","category-batxillerat","category-educacio-secundaria","category-general","tag-formacio","tag-situacions-daprenentage"],"acf":[],"post_mailing_queue_ids":[],"_links":{"self":[{"href":"https:\/\/projectes.xtec.cat\/nou-curriculum\/wp-json\/wp\/v2\/posts\/15812","targetHints":{"allow":["GET"]}}],"collection":[{"href":"https:\/\/projectes.xtec.cat\/nou-curriculum\/wp-json\/wp\/v2\/posts"}],"about":[{"href":"https:\/\/projectes.xtec.cat\/nou-curriculum\/wp-json\/wp\/v2\/types\/post"}],"author":[{"embeddable":true,"href":"https:\/\/projectes.xtec.cat\/nou-curriculum\/wp-json\/wp\/v2\/users\/9"}],"replies":[{"embeddable":true,"href":"https:\/\/projectes.xtec.cat\/nou-curriculum\/wp-json\/wp\/v2\/comments?post=15812"}],"version-history":[{"count":6,"href":"https:\/\/projectes.xtec.cat\/nou-curriculum\/wp-json\/wp\/v2\/posts\/15812\/revisions"}],"predecessor-version":[{"id":15840,"href":"https:\/\/projectes.xtec.cat\/nou-curriculum\/wp-json\/wp\/v2\/posts\/15812\/revisions\/15840"}],"wp:featuredmedia":[{"embeddable":true,"href":"https:\/\/projectes.xtec.cat\/nou-curriculum\/wp-json\/wp\/v2\/media\/15813"}],"wp:attachment":[{"href":"https:\/\/projectes.xtec.cat\/nou-curriculum\/wp-json\/wp\/v2\/media?parent=15812"}],"wp:term":[{"taxonomy":"category","embeddable":true,"href":"https:\/\/projectes.xtec.cat\/nou-curriculum\/wp-json\/wp\/v2\/categories?post=15812"},{"taxonomy":"post_tag","embeddable":true,"href":"https:\/\/projectes.xtec.cat\/nou-curriculum\/wp-json\/wp\/v2\/tags?post=15812"}],"curies":[{"name":"wp","href":"https:\/\/api.w.org\/{rel}","templated":true}]}}