{"id":16947,"date":"2026-04-23T10:31:21","date_gmt":"2026-04-23T08:31:21","guid":{"rendered":"https:\/\/projectes.xtec.cat\/nou-curriculum\/?p=16947"},"modified":"2026-04-23T10:58:01","modified_gmt":"2026-04-23T08:58:01","slug":"cercador-situacions-daprenentatge","status":"publish","type":"post","link":"https:\/\/projectes.xtec.cat\/nou-curriculum\/general\/cercador-situacions-daprenentatge\/","title":{"rendered":"Cercador situacions d&#8217;aprenentatge"},"content":{"rendered":"\n<h2 class=\"wp-block-heading\">Nou cercador de situacions d\u2019aprenentatge per als equips educatius<\/h2>\n\n\n\n<div style=\"height:10px\" aria-hidden=\"true\" class=\"wp-block-spacer\"><\/div>\n\n\n\n<div class=\"wp-block-columns is-layout-flex wp-container-core-columns-is-layout-1 wp-block-columns-is-layout-flex\">\n<div class=\"wp-block-column caixa is-layout-flow wp-block-column-is-layout-flow\" style=\"flex-basis:66.66%\">\n<p class=\"has-background\" style=\"background-color:#eccea5\">El Departament d\u2019Educaci\u00f3 i Formaci\u00f3 Professional posa a disposici\u00f3 de la comunitat educativa un nou espai web que facilita la consulta i la cerca de situacions d\u2019aprenentatge vinculades al nou curr\u00edculum.<br>Aquest cercador, accessible a trav\u00e9s del portal del nou curr\u00edculum, recull exemples, orientacions i models de programaci\u00f3 per a les diferents etapes educatives. Les situacions d\u2019aprenentatge es plantegen com experi\u00e8ncies contextualitzades que parteixen de reptes o problem\u00e0tiques reals, amb l\u2019objectiu de promoure un aprenentatge competencial i significatiu de l\u2019alumnat.<br>Entre els exemples disponibles s\u2019hi poden trobar projectes relacionats amb la sostenibilitat, el pensament cr\u00edtic, la creativitat o la resoluci\u00f3 de problemes quotidians, tamb\u00e9, per primer cop situacions d\u2019aprenentatge de centres d\u2019educaci\u00f3 especial, d\u2019escoles rurals i de colaboracions del Departament amb altres entitats como Uni\u00f3 de Pagesos. Moltes d\u2019aquestes situacions se us obriran en model plantilla per tal de que us les pogueu apropiar i modificar per a fer-vos-les vostres.<br>El nou cercador esdev\u00e9, aix\u00ed, una eina \u00fatil per acompanyar el professorat en la planificaci\u00f3 did\u00e0ctica i fomentar pr\u00e0ctiques educatives innovadores i contextualitzades a l\u2019aula.<br><br><\/p>\n<\/div>\n\n\n\n<div class=\"wp-block-column caixa is-layout-flow wp-block-column-is-layout-flow\" style=\"flex-basis:33.33%\">\n<figure class=\"wp-block-image aligncenter size-large\"><img loading=\"lazy\" decoding=\"async\" width=\"1024\" height=\"772\" src=\"https:\/\/projectes.xtec.cat\/nou-curriculum\/wp-content\/uploads\/usu2072\/2026\/04\/Cercador-situacions-1024x772.png\" alt=\"\" class=\"wp-image-16948\" srcset=\"https:\/\/projectes.xtec.cat\/nou-curriculum\/wp-content\/uploads\/usu2072\/2026\/04\/Cercador-situacions-1024x772.png 1024w, https:\/\/projectes.xtec.cat\/nou-curriculum\/wp-content\/uploads\/usu2072\/2026\/04\/Cercador-situacions-300x226.png 300w, https:\/\/projectes.xtec.cat\/nou-curriculum\/wp-content\/uploads\/usu2072\/2026\/04\/Cercador-situacions-768x579.png 768w, https:\/\/projectes.xtec.cat\/nou-curriculum\/wp-content\/uploads\/usu2072\/2026\/04\/Cercador-situacions.png 1120w\" sizes=\"auto, (max-width: 1024px) 100vw, 1024px\" \/><\/figure>\n\n\n\n<div style=\"height:80px\" aria-hidden=\"true\" class=\"wp-block-spacer\"><\/div>\n\n\n\n<div class=\"wp-block-buttons is-content-justification-center is-layout-flex wp-container-core-buttons-is-layout-1 wp-block-buttons-is-layout-flex\">\n<div class=\"wp-block-button has-custom-width wp-block-button__width-75 has-custom-font-size has-medium-font-size\"><a class=\"wp-block-button__link has-ast-global-color-5-color has-text-color has-background has-link-color wp-element-button\" href=\"https:\/\/projectes.xtec.cat\/nou-curriculum\/situacions-daprenentatge\/\" style=\"background-color:#e96036\">Ves al cercador<\/a><\/div>\n<\/div>\n<\/div>\n\n\n\n<div class=\"wp-block-column is-layout-flow wp-block-column-is-layout-flow\"><\/div>\n<\/div>\n","protected":false},"excerpt":{"rendered":"<p>El Departament d\u2019Educaci\u00f3 i Formaci\u00f3 Professional posa a disposici\u00f3 de la comunitat educativa un nou espai web que facilita la consulta i la cerca de situacions d\u2019aprenentatge vinculades al nou curr\u00edculum.<br \/>\nAquest cercador, accessible a trav\u00e9s del portal del nou curr\u00edculum, recull exemples, orientacions i models de programaci\u00f3 per a les diferents etapes educatives. Les situacions d\u2019aprenentatge es plantegen com experi\u00e8ncies contextualitzades que parteixen de reptes o problem\u00e0tiques reals, amb l\u2019objectiu de promoure un aprenentatge competencial i significatiu de l\u2019alumnat.<\/p>\n","protected":false},"author":7,"featured_media":16948,"comment_status":"closed","ping_status":"open","sticky":false,"template":"","format":"standard","meta":{"_acf_changed":false,"site-sidebar-layout":"default","site-content-layout":"","ast-site-content-layout":"default","site-content-style":"default","site-sidebar-style":"default","ast-global-header-display":"","ast-banner-title-visibility":"","ast-main-header-display":"","ast-hfb-above-header-display":"","ast-hfb-below-header-display":"","ast-hfb-mobile-header-display":"","site-post-title":"disabled","ast-breadcrumbs-content":"","ast-featured-img":"","footer-sml-layout":"","theme-transparent-header-meta":"","adv-header-id-meta":"","stick-header-meta":"","header-above-stick-meta":"","header-main-stick-meta":"","header-below-stick-meta":"","astra-migrate-meta-layouts":"set","ast-page-background-enabled":"default","ast-page-background-meta":{"desktop":{"background-color":"","background-image":"","background-repeat":"repeat","background-position":"center center","background-size":"auto","background-attachment":"scroll","background-type":"","background-media":"","overlay-type":"","overlay-color":"","overlay-opacity":"","overlay-gradient":""},"tablet":{"background-color":"","background-image":"","background-repeat":"repeat","background-position":"center center","background-size":"auto","background-attachment":"scroll","background-type":"","background-media":"","overlay-type":"","overlay-color":"","overlay-opacity":"","overlay-gradient":""},"mobile":{"background-color":"","background-image":"","background-repeat":"repeat","background-position":"center center","background-size":"auto","background-attachment":"scroll","background-type":"","background-media":"","overlay-type":"","overlay-color":"","overlay-opacity":"","overlay-gradient":""}},"ast-content-background-meta":{"desktop":{"background-color":"var(--ast-global-color-5)","background-image":"","background-repeat":"repeat","background-position":"center center","background-size":"auto","background-attachment":"scroll","background-type":"","background-media":"","overlay-type":"","overlay-color":"","overlay-opacity":"","overlay-gradient":""},"tablet":{"background-color":"var(--ast-global-color-5)","background-image":"","background-repeat":"repeat","background-position":"center center","background-size":"auto","background-attachment":"scroll","background-type":"","background-media":"","overlay-type":"","overlay-color":"","overlay-opacity":"","overlay-gradient":""},"mobile":{"background-color":"var(--ast-global-color-5)","background-image":"","background-repeat":"repeat","background-position":"center center","background-size":"auto","background-attachment":"scroll","background-type":"","background-media":"","overlay-type":"","overlay-color":"","overlay-opacity":"","overlay-gradient":""}},"footnotes":""},"categories":[318,319,321,322,1,347],"tags":[],"class_list":["post-16947","post","type-post","status-publish","format-standard","has-post-thumbnail","hentry","category-batxillerat","category-educacio-basica","category-educacio-primaria","category-educacio-secundaria","category-general","category-portada"],"acf":[],"post_mailing_queue_ids":[],"_links":{"self":[{"href":"https:\/\/projectes.xtec.cat\/nou-curriculum\/wp-json\/wp\/v2\/posts\/16947","targetHints":{"allow":["GET"]}}],"collection":[{"href":"https:\/\/projectes.xtec.cat\/nou-curriculum\/wp-json\/wp\/v2\/posts"}],"about":[{"href":"https:\/\/projectes.xtec.cat\/nou-curriculum\/wp-json\/wp\/v2\/types\/post"}],"author":[{"embeddable":true,"href":"https:\/\/projectes.xtec.cat\/nou-curriculum\/wp-json\/wp\/v2\/users\/7"}],"replies":[{"embeddable":true,"href":"https:\/\/projectes.xtec.cat\/nou-curriculum\/wp-json\/wp\/v2\/comments?post=16947"}],"version-history":[{"count":6,"href":"https:\/\/projectes.xtec.cat\/nou-curriculum\/wp-json\/wp\/v2\/posts\/16947\/revisions"}],"predecessor-version":[{"id":16958,"href":"https:\/\/projectes.xtec.cat\/nou-curriculum\/wp-json\/wp\/v2\/posts\/16947\/revisions\/16958"}],"wp:featuredmedia":[{"embeddable":true,"href":"https:\/\/projectes.xtec.cat\/nou-curriculum\/wp-json\/wp\/v2\/media\/16948"}],"wp:attachment":[{"href":"https:\/\/projectes.xtec.cat\/nou-curriculum\/wp-json\/wp\/v2\/media?parent=16947"}],"wp:term":[{"taxonomy":"category","embeddable":true,"href":"https:\/\/projectes.xtec.cat\/nou-curriculum\/wp-json\/wp\/v2\/categories?post=16947"},{"taxonomy":"post_tag","embeddable":true,"href":"https:\/\/projectes.xtec.cat\/nou-curriculum\/wp-json\/wp\/v2\/tags?post=16947"}],"curies":[{"name":"wp","href":"https:\/\/api.w.org\/{rel}","templated":true}]}}