{"id":8348,"date":"2017-04-06T10:37:05","date_gmt":"2017-04-06T08:37:05","guid":{"rendered":"http:\/\/projectes.xtec.cat\/occita\/?p=8348"},"modified":"2017-06-22T13:07:37","modified_gmt":"2017-06-22T11:07:37","slug":"loccita-en-la-musica-del-s-xxi-2n-eso","status":"publish","type":"post","link":"https:\/\/projectes.xtec.cat\/occita\/rota-literariaculturala\/loccita-en-la-musica-del-s-xxi-2n-eso\/","title":{"rendered":"L\u2019occit\u00e0 en la m\u00fasica del s. XXI (2n ESO)"},"content":{"rendered":"<h2 style=\"text-align: center;\">Alid\u00e9 Sans Mas<\/h2>\n<h3>Eth t\u00e8xte: &#8220;Aqueres montanhes&#8221;<\/h3>\n<blockquote><p>Aqueres montanhes<br \/>\nque tant nautes son,<br \/>\nm\u2019emp\u00e8ishen de v\u00e9der<br \/>\nm\u00e8ns amors a o son.<\/p>\n<p>Nautes se son nautes<br \/>\nja s\u2019abaishar\u00e0n<br \/>\nes mies amoretes<br \/>\nque s\u2019apropar\u00e0n.<\/p>\n<p>Montanhes araneses<br \/>\na on es pastors<br \/>\nes h\u00f2nts regalades<br \/>\ntr\u00f2ben, e jordons.<\/p><\/blockquote>\n<p>&nbsp;<\/p>\n<h3>Eth t\u00e8xte: &#8220;T\u00e8rra&#8221;<\/h3>\n<blockquote><p>Suenha, estima era T\u00e8rra.<br \/>\nSonque ei ua e li quede ben p\u00f2c damb es tempsi que corren,<br \/>\nr\u00f2de eth mon sense amor.<\/p>\n<p>Guarda, escota era T\u00e8rra.<br \/>\nEi ua mair que met era votz ath vent e plore,<br \/>\nnon la d\u00e8ishes qu\u00e8ir&#8230;<\/p>\n<p>Que praubi qu\u2019\u00e8m,<br \/>\nmos an conven\u00e7ut de que deman apariaram es probl\u00e8mes que cre\u00e8rem,<br \/>\nes herides que daurirem b\u00e8th temps a, quan encara auiem f\u00f2rces t\u00e0 gastar,<br \/>\ne atau non i a deman&#8230;.<\/p>\n<p>Eth dia deth s\u00f2n enterrament,<br \/>\nena consci\u00e9ncia der Univ\u00e8rs quedar\u00e0 alugada ua candela eterna,<br \/>\nen n\u00f2m dera n\u00f2sta umila T\u00e8rra, explotada, mautractada, mutilada e assassinada,<br \/>\npes s\u00f2ns pr\u00f2pis hilhs.<\/p>\n<p>Suenha, estima era T\u00e8rra.<br \/>\nSonque ei ua e li quede ben p\u00f2c damb es tempsi que corren,<br \/>\nr\u00f2de eth mon sense amor.<\/p><\/blockquote>\n<p>&nbsp;<\/p>\n<h4>Eth t\u00e8xte liejut<\/h4>\n<h5><em>Aqueres montanhes<\/em><\/h5>\n<p style=\"text-align: center;\"><iframe loading=\"lazy\" width=\"560\" height=\"315\" src=\"https:\/\/www.youtube.com\/embed\/dfSp75YC810\" frameborder=\"0\" allowfullscreen><\/iframe><\/p>\n<p>&nbsp;<\/p>\n<h4>Eth t\u00e8xte liejut<\/h4>\n<h5><em>T\u00e8rra<\/em><\/h5>\n<p style=\"text-align: center;\"><iframe loading=\"lazy\" width=\"560\" height=\"315\" src=\"https:\/\/www.youtube.com\/embed\/SdTnvGo2csQ\" frameborder=\"0\" allowfullscreen><\/iframe><\/p>\n<p>&nbsp;<\/p>\n<h3>Alid\u00e9 Sans: era autora<\/h3>\n<p><img loading=\"lazy\" decoding=\"async\" class=\"alignleft\" src=\"http:\/\/projectes.xtec.cat\/occita\/wp-content\/uploads\/usu1295\/2017\/04\/alid\u00e9-sans.jpg\" width=\"300\" height=\"200\" border=\"0\" \/>De fam\u00edlia aranesa de llarga milit\u00e0ncia occitanista, l&#8217;<a href=\"https:\/\/www.alidesans.com\/\" target=\"_blank\">Alid\u00e9 Sans<\/a> va comen\u00e7ar a ser coneguda en la can\u00e7\u00f3 occitana amb el t\u00edtol <em>Esperan\u00e7a<\/em>, fet amb el grup de hip hop SHHNHC, el 2012. Ha participat en diversos festivals, per exemple en 2013 com amb Barnasans. El juliol de 2015, va participar en l&#8217;Estivada de Rod\u00e9s. Alid\u00e9 Sans deixa veure en la seva inspiraci\u00f3 la influ\u00e8ncia de ritmes c\u00e0lids com la rumba, el reggae, el soul, per\u00f2 canta gaireb\u00e9 sempre en occit\u00e0 aran\u00e8s. Compon, escriu i canta les seves can\u00e7ons, per\u00f2 tamb\u00e9 ha fet versions de can\u00e7ons populars occitanes i ha interpretat en diverses ocasions <em>Aqueres montanhes<\/em>, l&#8217;himne de la Vall d&#8217;Aran. L&#8217;any 2013 la va interpretar en l&#8217;acte instuticional de la Diada Nacional de Catalunya.<br \/>\n&nbsp;<\/p>\n<h3>Proposta did\u00e0ctica<\/h3>\n<p style=\"text-align: center;\"><iframe loading=\"lazy\" src=\"https:\/\/drive.google.com\/file\/d\/0ByILylm1AhSQYW9kTk96RWtDUVU\/preview\" width=\"640\" height=\"480\"><\/iframe><\/p>\n","protected":false},"excerpt":{"rendered":"<p>Alid\u00e9 Sans Mas ei ua joena cantaira aranesa de lengua occitana que d\u00e8ishe veir ena sua inspiracion era influ\u00e9ncia de ritmes suaus coma era romba, eth reggae e eth soul.&hellip;  <a href=\"https:\/\/projectes.xtec.cat\/occita\/rota-literariaculturala\/loccita-en-la-musica-del-s-xxi-2n-eso\/\" title=\"Read L\u2019occit\u00e0 en la m\u00fasica del s. XXI (2n ESO)\">Llegeix m\u00e9s\u00bb<\/a><\/p>\n","protected":false},"author":1,"featured_media":8356,"comment_status":"open","ping_status":"open","sticky":false,"template":"","format":"standard","meta":{"_bbp_topic_count":0,"_bbp_reply_count":0,"_bbp_total_topic_count":0,"_bbp_total_reply_count":0,"_bbp_voice_count":0,"_bbp_anonymous_reply_count":0,"_bbp_topic_count_hidden":0,"_bbp_reply_count_hidden":0,"_bbp_forum_subforum_count":0,"footnotes":""},"categories":[280],"tags":[282,281,294,289,283,288,314],"class_list":["post-8348","post","type-post","status-publish","format-standard","has-post-thumbnail","hentry","category-rota-literariaculturala","tag-2n-eso","tag-educacio-secundaria-obligatoria","tag-lengua-occitana-aranes-e-literatura","tag-llengua-catalana-i-literatura","tag-musica","tag-occita-gasco","tag-occita-gasco-aranes"],"post_mailing_queue_ids":[],"_links":{"self":[{"href":"https:\/\/projectes.xtec.cat\/occita\/wp-json\/wp\/v2\/posts\/8348","targetHints":{"allow":["GET"]}}],"collection":[{"href":"https:\/\/projectes.xtec.cat\/occita\/wp-json\/wp\/v2\/posts"}],"about":[{"href":"https:\/\/projectes.xtec.cat\/occita\/wp-json\/wp\/v2\/types\/post"}],"author":[{"embeddable":true,"href":"https:\/\/projectes.xtec.cat\/occita\/wp-json\/wp\/v2\/users\/1"}],"replies":[{"embeddable":true,"href":"https:\/\/projectes.xtec.cat\/occita\/wp-json\/wp\/v2\/comments?post=8348"}],"version-history":[{"count":3,"href":"https:\/\/projectes.xtec.cat\/occita\/wp-json\/wp\/v2\/posts\/8348\/revisions"}],"predecessor-version":[{"id":8460,"href":"https:\/\/projectes.xtec.cat\/occita\/wp-json\/wp\/v2\/posts\/8348\/revisions\/8460"}],"wp:featuredmedia":[{"embeddable":true,"href":"https:\/\/projectes.xtec.cat\/occita\/wp-json\/wp\/v2\/media\/8356"}],"wp:attachment":[{"href":"https:\/\/projectes.xtec.cat\/occita\/wp-json\/wp\/v2\/media?parent=8348"}],"wp:term":[{"taxonomy":"category","embeddable":true,"href":"https:\/\/projectes.xtec.cat\/occita\/wp-json\/wp\/v2\/categories?post=8348"},{"taxonomy":"post_tag","embeddable":true,"href":"https:\/\/projectes.xtec.cat\/occita\/wp-json\/wp\/v2\/tags?post=8348"}],"curies":[{"name":"wp","href":"https:\/\/api.w.org\/{rel}","templated":true}]}}