{"id":8423,"date":"2017-05-09T14:13:14","date_gmt":"2017-05-09T12:13:14","guid":{"rendered":"http:\/\/projectes.xtec.cat\/occita\/?p=8423"},"modified":"2017-05-09T14:59:32","modified_gmt":"2017-05-09T12:59:32","slug":"faula-en-peira-de-jaumes-privat-1r-btx","status":"publish","type":"post","link":"https:\/\/projectes.xtec.cat\/occita\/rota-literariaculturala\/faula-en-peira-de-jaumes-privat-1r-btx\/","title":{"rendered":"&#8220;Faula en p\u00e8ira&#8221;, de Jaumes Privat (1r BTX)"},"content":{"rendered":"<h2 style=\"text-align: center;\"><em>Faula en p\u00e8ira<\/em><\/h2>\n<p>&nbsp;<\/p>\n<h3>El text: &#8220;Faula en p\u00e8ira&#8221;<\/h3>\n<p><img loading=\"lazy\" decoding=\"async\" class=\"alignnone wp-image-8427 size-full\" src=\"http:\/\/projectes.xtec.cat\/occita\/wp-content\/uploads\/usu1295\/2017\/05\/04.jpg\" alt=\"04\" width=\"600\" height=\"781\" srcset=\"https:\/\/projectes.xtec.cat\/occita\/wp-content\/uploads\/usu1295\/2017\/05\/04.jpg 600w, https:\/\/projectes.xtec.cat\/occita\/wp-content\/uploads\/usu1295\/2017\/05\/04-230x300.jpg 230w\" sizes=\"auto, (max-width: 600px) 100vw, 600px\" \/><\/p>\n<blockquote><p>p\u00e8ira a p\u00e8ira<br \/>\nlev\u00e8rem de parets,<br \/>\ncontra\u2019l lugar de l\u2019alba,<br \/>\ncontra la nu\u00e8ch, lo bruch, la paur.<br \/>\ncontra los altres,<br \/>\ncontra las p\u00e8iras, pu\u00e8i.<\/p>\n<p>l\u2019aire manqu\u00e8t, comprengu\u00e8rem<br \/>\narrapats de totas onglas,<br \/>\ncercam de sortir.<br \/>\n\u00d2c, 31, abriu de 1994, frontispici, enrodat de frasas escrichas a la man :<br \/>\n\u00ab clap\u00e0s de p\u00e8iras mudas fa paraula. \u00bb<br \/>\n\u00ab vos fisetz pas a las p\u00e8iras mudas<br \/>\nson silenci es un clap\u00e0s de paraulas.\u00bb<\/p><\/blockquote>\n<p><a href=\"https:\/\/issuu.com\/lodiariieomp\/docs\/lo_diari_28_retrait_jaumes_privat\/1\" target=\"_blank\">Entrevista a Lo Diari, 2013<\/a><\/p>\n<p><a href=\"https:\/\/www.youtube.com\/watch?v=MZmV2j5n56M\" target=\"_blank\">Luc Aussibal i Jaumes Privat<\/a><\/p>\n<h4>El text llegit<\/h4>\n<p>[PER FER]<\/p>\n<h4>Comentari sobre el text<\/h4>\n<p><img loading=\"lazy\" decoding=\"async\" class=\"aligncenter wp-image-8428 size-large\" src=\"http:\/\/projectes.xtec.cat\/occita\/wp-content\/uploads\/usu1295\/2017\/05\/05-1024x685.jpg\" alt=\"05\" width=\"1024\" height=\"685\" srcset=\"https:\/\/projectes.xtec.cat\/occita\/wp-content\/uploads\/usu1295\/2017\/05\/05-1024x685.jpg 1024w, https:\/\/projectes.xtec.cat\/occita\/wp-content\/uploads\/usu1295\/2017\/05\/05-300x201.jpg 300w, https:\/\/projectes.xtec.cat\/occita\/wp-content\/uploads\/usu1295\/2017\/05\/05-768x514.jpg 768w, https:\/\/projectes.xtec.cat\/occita\/wp-content\/uploads\/usu1295\/2017\/05\/05.jpg 1600w\" sizes=\"auto, (max-width: 1024px) 100vw, 1024px\" \/><\/p>\n<p>Tamb\u00e9 a facebook hi podem trobar una p\u00e0gina de Jaumes Privat, <strong><em><a href=\"https:\/\/www.facebook.com\/aici.mai\" target=\"_blank\">Aici mai<\/a><\/em><\/strong>, en la qual hi podem veure mostres de la seva poesia. aix\u00ed com tamb\u00e9 de la seva obra gr\u00e0fica.<\/p>\n<p><img loading=\"lazy\" decoding=\"async\" class=\"aligncenter wp-image-8429 size-full\" src=\"http:\/\/projectes.xtec.cat\/occita\/wp-content\/uploads\/usu1295\/2017\/05\/06.jpg\" alt=\"06\" width=\"960\" height=\"423\" srcset=\"https:\/\/projectes.xtec.cat\/occita\/wp-content\/uploads\/usu1295\/2017\/05\/06.jpg 960w, https:\/\/projectes.xtec.cat\/occita\/wp-content\/uploads\/usu1295\/2017\/05\/06-300x132.jpg 300w, https:\/\/projectes.xtec.cat\/occita\/wp-content\/uploads\/usu1295\/2017\/05\/06-768x338.jpg 768w\" sizes=\"auto, (max-width: 960px) 100vw, 960px\" \/><\/p>\n<blockquote><p>av\u00e8m tot a far encara<br \/>\nper comen\u00e7ar tornar<br \/>\na caminar<br \/>\ne los ponts passar :<br \/>\ndoblidar tot \u00e7\u00f2 que sab\u00e8m pas<\/p><\/blockquote>\n<p>&nbsp;<\/p>\n<p><img loading=\"lazy\" decoding=\"async\" class=\"aligncenter wp-image-8430 size-full\" src=\"http:\/\/projectes.xtec.cat\/occita\/wp-content\/uploads\/usu1295\/2017\/05\/07.jpg\" alt=\"07\" width=\"886\" height=\"710\" srcset=\"https:\/\/projectes.xtec.cat\/occita\/wp-content\/uploads\/usu1295\/2017\/05\/07.jpg 886w, https:\/\/projectes.xtec.cat\/occita\/wp-content\/uploads\/usu1295\/2017\/05\/07-300x240.jpg 300w, https:\/\/projectes.xtec.cat\/occita\/wp-content\/uploads\/usu1295\/2017\/05\/07-768x615.jpg 768w\" sizes=\"auto, (max-width: 886px) 100vw, 886px\" \/><\/p>\n<blockquote><p>en un exercici d\u2019anullacion<br \/>\ndubrir, plegar pu\u00e8i esqui\u00e7ar pel puntejat<br \/>\nont demor\u00e8ron los intestins,<br \/>\nlo demai se forvi\u00e8t per sempre.<br \/>\ndubrir, plegar pu\u00e8i esqui\u00e7ar pel puntejat<br \/>\nendur\u00e8ri pas los bud\u00e8ls sens votz<br \/>\ne m\u2019en an\u00e8ri<br \/>\nn\u2019anent<br \/>\nsens solament poder escupir<\/p><\/blockquote>\n<p><img loading=\"lazy\" decoding=\"async\" class=\"aligncenter wp-image-8431 size-full\" src=\"http:\/\/projectes.xtec.cat\/occita\/wp-content\/uploads\/usu1295\/2017\/05\/08.jpg\" alt=\"08\" width=\"842\" height=\"595\" srcset=\"https:\/\/projectes.xtec.cat\/occita\/wp-content\/uploads\/usu1295\/2017\/05\/08.jpg 842w, https:\/\/projectes.xtec.cat\/occita\/wp-content\/uploads\/usu1295\/2017\/05\/08-300x212.jpg 300w, https:\/\/projectes.xtec.cat\/occita\/wp-content\/uploads\/usu1295\/2017\/05\/08-768x543.jpg 768w\" sizes=\"auto, (max-width: 842px) 100vw, 842px\" \/>Jaumes Privat ha realitzat diverses exposicions de la seva obra pl\u00e0stica, tant individuals com col\u00b7lectives. Aquest cartell n&#8217;\u00e9s una mostra, en aquest cas d&#8217;una exposici\u00f3 realitzada a l&#8217;Ostal d&#8217;Occit\u00e0nia de Tolosa l&#8217;any 2013.<\/p>\n<p><img loading=\"lazy\" decoding=\"async\" class=\"aligncenter wp-image-8432 size-full\" src=\"http:\/\/projectes.xtec.cat\/occita\/wp-content\/uploads\/usu1295\/2017\/05\/09.jpg\" alt=\"09\" width=\"600\" height=\"848\" srcset=\"https:\/\/projectes.xtec.cat\/occita\/wp-content\/uploads\/usu1295\/2017\/05\/09.jpg 600w, https:\/\/projectes.xtec.cat\/occita\/wp-content\/uploads\/usu1295\/2017\/05\/09-212x300.jpg 212w\" sizes=\"auto, (max-width: 600px) 100vw, 600px\" \/><\/p>\n<p>En blogs com <em><a href=\"http:\/\/loiseaudefeudugarlaban.blogspot.com.es\/2010\/04\/les-creations-de-jaumes-privat.html\" target=\"_blank\">L&#8217;oiseau de feu du Garlaban<\/a><\/em>, creat pel poeta i cr\u00edtic literari franc\u00e8s Jean-Luc Pouliquen, tamb\u00e9 hi trobem un article il\u00b7lustrat dedicat a Jaumes Privat, en el qual l&#8217;autor en destaca la renovaci\u00f3 de formes que ha dut a terme l&#8217;artista. La il\u00b7lustraci\u00f3 i el poema que hi trobem pertanyen a l&#8217;obra Sus un fial.<\/p>\n<p>Dues de les m\u00e9s recents aportacions art\u00edstiques de Jaumes Privat, que podem veure a Aici mai, s\u00f3n les seg\u00fcents il\u00b7lustracions, Las termi\u00e8ras segon facebook, que ens parla dels l\u00edmits actuals de l&#8217;art, i Jos la p\u00e8l, l&#8217;ase, realitzada en forma de tr\u00edptic.<\/p>\n<p><img loading=\"lazy\" decoding=\"async\" class=\"aligncenter wp-image-8433 size-full\" src=\"http:\/\/projectes.xtec.cat\/occita\/wp-content\/uploads\/usu1295\/2017\/05\/10.jpg\" alt=\"10\" width=\"960\" height=\"712\" srcset=\"https:\/\/projectes.xtec.cat\/occita\/wp-content\/uploads\/usu1295\/2017\/05\/10.jpg 960w, https:\/\/projectes.xtec.cat\/occita\/wp-content\/uploads\/usu1295\/2017\/05\/10-300x223.jpg 300w, https:\/\/projectes.xtec.cat\/occita\/wp-content\/uploads\/usu1295\/2017\/05\/10-768x570.jpg 768w\" sizes=\"auto, (max-width: 960px) 100vw, 960px\" \/><\/p>\n<p><img loading=\"lazy\" decoding=\"async\" class=\"aligncenter wp-image-8434 size-full\" src=\"http:\/\/projectes.xtec.cat\/occita\/wp-content\/uploads\/usu1295\/2017\/05\/11.jpg\" alt=\"11\" width=\"960\" height=\"480\" srcset=\"https:\/\/projectes.xtec.cat\/occita\/wp-content\/uploads\/usu1295\/2017\/05\/11.jpg 960w, https:\/\/projectes.xtec.cat\/occita\/wp-content\/uploads\/usu1295\/2017\/05\/11-300x150.jpg 300w, https:\/\/projectes.xtec.cat\/occita\/wp-content\/uploads\/usu1295\/2017\/05\/11-768x384.jpg 768w\" sizes=\"auto, (max-width: 960px) 100vw, 960px\" \/><\/p>\n<p>En <em>Los invisibles se son negats<\/em>, obra que es troba reprodu\u00efda sota aquestes l\u00ednies, Jaumes Privat ens expressa la seva preocupaci\u00f3 pels grans drames actuals que tenen lloc a la Mediterr\u00e0nia, on malauradament, com tots i totes sabem, cada dia hi ha persones que hi moren ofegades cercant la seva llibertat i el seu futur lluny de la guerra i la fam.<\/p>\n<p><img loading=\"lazy\" decoding=\"async\" class=\"aligncenter wp-image-8436 size-full\" src=\"http:\/\/projectes.xtec.cat\/occita\/wp-content\/uploads\/usu1295\/2017\/05\/13.jpg\" alt=\"13\" width=\"400\" height=\"302\" srcset=\"https:\/\/projectes.xtec.cat\/occita\/wp-content\/uploads\/usu1295\/2017\/05\/13.jpg 400w, https:\/\/projectes.xtec.cat\/occita\/wp-content\/uploads\/usu1295\/2017\/05\/13-300x227.jpg 300w, https:\/\/projectes.xtec.cat\/occita\/wp-content\/uploads\/usu1295\/2017\/05\/13-200x150.jpg 200w\" sizes=\"auto, (max-width: 400px) 100vw, 400px\" \/><\/p>\n<h3>Jaumes Privat: l&#8217;autor<\/h3>\n<p><img loading=\"lazy\" decoding=\"async\" class=\"aligncenter wp-image-8424 size-large\" src=\"http:\/\/projectes.xtec.cat\/occita\/wp-content\/uploads\/usu1295\/2017\/05\/01-1024x685.jpg\" alt=\"01\" width=\"1024\" height=\"685\" srcset=\"https:\/\/projectes.xtec.cat\/occita\/wp-content\/uploads\/usu1295\/2017\/05\/01-1024x685.jpg 1024w, https:\/\/projectes.xtec.cat\/occita\/wp-content\/uploads\/usu1295\/2017\/05\/01-300x201.jpg 300w, https:\/\/projectes.xtec.cat\/occita\/wp-content\/uploads\/usu1295\/2017\/05\/01-768x514.jpg 768w, https:\/\/projectes.xtec.cat\/occita\/wp-content\/uploads\/usu1295\/2017\/05\/01.jpg 1600w\" sizes=\"auto, (max-width: 1024px) 100vw, 1024px\" \/><\/p>\n<p>Jaumes Privat va n\u00e9ixer a Espaliu (Aveyron) l&#8217;any 1953. Les seves primeres poesies, de l&#8217;any 1958, s\u00f3n escrites en franc\u00e8s. A partir de l&#8217;any 1960, despr\u00e9s d&#8217;una trobada amb Roland P\u00e9cout, comen\u00e7a a utilitzar l&#8217;occit\u00e0 en les seves creacions.<\/p>\n<p>Privat publica per primer cop les seves poesies l&#8217;any 1983 a les revistes \u00d2c i Jorn. A partir de 1995, comen\u00e7a a fabricar una s\u00e8rie de llibres d&#8217;artista que realitza des del seu taller de La Taillade. L&#8217;any 1996 publica el seu primer recull de poesia, Talhs, a Jorn.<\/p>\n<p>Ha escrit tamb\u00e9 textos per compositors musicals, com Nicolas Wohred, i ha col\u00b7laborat amb el cantant Luc Aussibal.<\/p>\n<p>L&#8217;any 2000, Jaumes Privat viatja a Eti\u00f2pia, la descoberta del qual expressa de manera personal amb els seus mots de poeta i amb les seves creacions art\u00edstiques.<\/p>\n<p>Jaumes Privat \u00e9s, a la vegada, poeta i artista. El seu cam\u00ed com artista est\u00e0 estretament lligat a la seva poesia. Privat, com diu el seu amic S\u00e8rgi Labatut, \u00e9s un home que diu all\u00f2 que mostra, i mostra all\u00f2 que diu. Es nodreix dels mites; els ha conegut a Gr\u00e8cia, on ha viscut, i viatjant a Eti\u00f2pia.<\/p>\n<p><img loading=\"lazy\" decoding=\"async\" class=\"aligncenter wp-image-8425 size-full\" src=\"http:\/\/projectes.xtec.cat\/occita\/wp-content\/uploads\/usu1295\/2017\/05\/02.jpg\" alt=\"02\" width=\"600\" height=\"326\" srcset=\"https:\/\/projectes.xtec.cat\/occita\/wp-content\/uploads\/usu1295\/2017\/05\/02.jpg 600w, https:\/\/projectes.xtec.cat\/occita\/wp-content\/uploads\/usu1295\/2017\/05\/02-300x163.jpg 300w\" sizes=\"auto, (max-width: 600px) 100vw, 600px\" \/><\/p>\n<blockquote><p>&#8220;soi la cavala d\u2019abraham lincoln quand a la batalha de lepanta cop\u00e8t lo bra\u00e7 de cendrars soi lo bra\u00e7 de diego de la vega quand amb l\u2019espada fagu\u00e8t zigazaga sul ventre d\u2019orson welles soi lo buf copat de joan-franc\u00e8s mari\u00f2t l\u2019estiu quand s\u2019estofega de cridar de po\u00e8mas en lenga soi la lenga de federico garc\u00eda lorca quand amb dins la man una flor de cot\u00e8l se pass\u00e8ja a New York e soi la flor de cot\u00e8l de New York quand joan-p\u00e8ire tardiu pel mi\u00e8g de las quatre rotas fa la gacha e la gacha a las quatre rotas quand nikos kavvad\u00edas se far tatoar pel cinquanten c\u00f2p la sirena d\u2019ulisses sus la p\u00e8l e ulisses quand esp\u00e8ra e que ven pas sus l\u2019iscla encara un c\u00f2p e tanben la sir\u00e8na que degus espera pas&#8230;&#8221;<\/p><\/blockquote>\n<p style=\"text-align: right;\">Fragment extret de la p\u00e0gina de Jaumes Privat, <em><a href=\"http:\/\/aicimai.blog.free.fr\/\" target=\"_blank\">&#8211; e b\u00e9 ! encara mai !<\/a><\/em><\/p>\n<p style=\"text-align: center;\"><img loading=\"lazy\" decoding=\"async\" class=\"alignnone wp-image-8426 size-full\" src=\"http:\/\/projectes.xtec.cat\/occita\/wp-content\/uploads\/usu1295\/2017\/05\/03.jpg\" alt=\"03\" width=\"960\" height=\"719\" srcset=\"https:\/\/projectes.xtec.cat\/occita\/wp-content\/uploads\/usu1295\/2017\/05\/03.jpg 960w, https:\/\/projectes.xtec.cat\/occita\/wp-content\/uploads\/usu1295\/2017\/05\/03-300x225.jpg 300w, https:\/\/projectes.xtec.cat\/occita\/wp-content\/uploads\/usu1295\/2017\/05\/03-768x575.jpg 768w, https:\/\/projectes.xtec.cat\/occita\/wp-content\/uploads\/usu1295\/2017\/05\/03-200x150.jpg 200w\" sizes=\"auto, (max-width: 960px) 100vw, 960px\" \/><\/p>\n<p>A continuaci\u00f3 podeu trobar un seguit d&#8217;enlla\u00e7os a p\u00e0gines web on hi trobareu informaci\u00f3 sobre Jaumes Privat, tant pel que fa a la seva vessant liter\u00e0ria com art\u00edstica, a m\u00e9s d&#8217;una entrevista al poeta a Canal U tv.<\/p>\n<ul>\n<li><a href=\"http:\/\/www.ocrevista.com\/spip.php?article15\" target=\"_blank\">Jaumes Privat a la revista OC<\/a><\/li>\n<li><a href=\"http:\/\/uoh.univ-montp3.fr\/1000ans\/?p=908\" target=\"_blank\">Jaumes Privat a Milleans de litt\u00e9rature d&#8217;Oc<\/a><\/li>\n<li><a href=\"http:\/\/www.editions-jorn.com\/auteurs-privat.htm\" target=\"_blank\">Jaumes Privat a Editions Jorn<\/a><\/li>\n<li><a href=\"http:\/\/lou-tam-tam.blogspot.com.es\/2015\/08\/dins-lo-talhier-de-jaumes-privat.html\" target=\"_blank\">Dins el taller del pintor, per Matieu Poitavin<\/a><\/li>\n<li><a href=\"https:\/\/www.canal-u.tv\/video\/vo_universite_toulouse_le_mirail\/rencontre_avec_le_poete_jacques_privat.814\" target=\"_blank\">Trobada amb el poeta a Canal U tv<\/a><\/li>\n<\/ul>\n<p>&nbsp;<\/p>\n<h3>Proposta did\u00e0ctica<\/h3>\n<p style=\"text-align: center;\"><iframe loading=\"lazy\" src=\"https:\/\/drive.google.com\/file\/d\/0ByILylm1AhSQRmtOWm90N0pLQXc\/preview\" width=\"640\" height=\"480\"><\/iframe><\/p>\n","protected":false},"excerpt":{"rendered":"<p>Jaumes Privat \u00e9s, a la vegada, poeta i artista. El seu cam\u00ed com artista est\u00e0 estretament lligat a la seva poesia.&hellip;  <a href=\"https:\/\/projectes.xtec.cat\/occita\/rota-literariaculturala\/faula-en-peira-de-jaumes-privat-1r-btx\/\" title=\"Read &#8220;Faula en p\u00e8ira&#8221;, de Jaumes Privat (1r BTX)\">Llegeix m\u00e9s\u00bb<\/a><\/p>\n","protected":false},"author":1,"featured_media":8424,"comment_status":"open","ping_status":"open","sticky":false,"template":"","format":"standard","meta":{"_bbp_topic_count":0,"_bbp_reply_count":0,"_bbp_total_topic_count":0,"_bbp_total_reply_count":0,"_bbp_voice_count":0,"_bbp_anonymous_reply_count":0,"_bbp_topic_count_hidden":0,"_bbp_reply_count_hidden":0,"_bbp_forum_subforum_count":0,"footnotes":""},"categories":[280],"tags":[290,287,296,295],"class_list":["post-8423","post","type-post","status-publish","format-standard","has-post-thumbnail","hentry","category-rota-literariaculturala","tag-1r-btx","tag-batxillerat","tag-literatura-universal","tag-occita-llenguadocia"],"post_mailing_queue_ids":[],"_links":{"self":[{"href":"https:\/\/projectes.xtec.cat\/occita\/wp-json\/wp\/v2\/posts\/8423","targetHints":{"allow":["GET"]}}],"collection":[{"href":"https:\/\/projectes.xtec.cat\/occita\/wp-json\/wp\/v2\/posts"}],"about":[{"href":"https:\/\/projectes.xtec.cat\/occita\/wp-json\/wp\/v2\/types\/post"}],"author":[{"embeddable":true,"href":"https:\/\/projectes.xtec.cat\/occita\/wp-json\/wp\/v2\/users\/1"}],"replies":[{"embeddable":true,"href":"https:\/\/projectes.xtec.cat\/occita\/wp-json\/wp\/v2\/comments?post=8423"}],"version-history":[{"count":3,"href":"https:\/\/projectes.xtec.cat\/occita\/wp-json\/wp\/v2\/posts\/8423\/revisions"}],"predecessor-version":[{"id":8464,"href":"https:\/\/projectes.xtec.cat\/occita\/wp-json\/wp\/v2\/posts\/8423\/revisions\/8464"}],"wp:featuredmedia":[{"embeddable":true,"href":"https:\/\/projectes.xtec.cat\/occita\/wp-json\/wp\/v2\/media\/8424"}],"wp:attachment":[{"href":"https:\/\/projectes.xtec.cat\/occita\/wp-json\/wp\/v2\/media?parent=8423"}],"wp:term":[{"taxonomy":"category","embeddable":true,"href":"https:\/\/projectes.xtec.cat\/occita\/wp-json\/wp\/v2\/categories?post=8423"},{"taxonomy":"post_tag","embeddable":true,"href":"https:\/\/projectes.xtec.cat\/occita\/wp-json\/wp\/v2\/tags?post=8423"}],"curies":[{"name":"wp","href":"https:\/\/api.w.org\/{rel}","templated":true}]}}