{"id":8487,"date":"2017-05-10T16:52:46","date_gmt":"2017-05-10T14:52:46","guid":{"rendered":"http:\/\/projectes.xtec.cat\/occita\/?p=8487"},"modified":"2017-05-10T17:22:55","modified_gmt":"2017-05-10T15:22:55","slug":"falsedatz-e-desmezura-de-peire-cardenal-1r-btx","status":"publish","type":"post","link":"https:\/\/projectes.xtec.cat\/occita\/rota-literariaculturala\/falsedatz-e-desmezura-de-peire-cardenal-1r-btx\/","title":{"rendered":"&#8220;Falsedatz e desmezura&#8221;, de P\u00e8ire Cardenal (1r BTX)"},"content":{"rendered":"<h2 style=\"text-align: center;\"><em>Falsedatz e desmezura<\/em><\/h2>\n<p>&nbsp;<\/p>\n<h3>El text: &#8220;Falsedatz e desmezura&#8221;<\/h3>\n<table>\n<tbody>\n<tr>\n<td>\n<blockquote>\n<h6>Falsedatz e desmezura<\/h6>\n<p>Falsedatz e desmezura<br \/>\nAn batailla empreza<br \/>\nAb vertat e ab drechura<br \/>\nE vens la falseza.<br \/>\nE deslialtatz si jura<br \/>\nContra lialeza,<br \/>\nE avaretatz s&#8217;atura<br \/>\nEncontra largueza!<br \/>\nFeunia vens amor<br \/>\nE malvestatz valor,<br \/>\nE peccatz cassa sanctor<br \/>\nE baratz simpleza.<\/p>\n<p>Si es homs que Dieu descreza,<br \/>\nSos afars enansa<br \/>\nAb que non aia grineza<br \/>\nMas d&#8217;emplir sa pansa.<br \/>\nE qui s&#8217;enten en sancteza<br \/>\nTrai greu malanansa!<br \/>\nA cui platz dreitz e tortz peza<br \/>\nSoven a grevansa!<br \/>\nEt an l&#8217;enganador<br \/>\nDe lur afar honor:<br \/>\nQar li mal entendedor<br \/>\nJujon per semblansa.<\/p>\n<p>Aras es vengut de Fransa<br \/>\nQue hom non somona<br \/>\nMas sels que an aondansa<br \/>\nDe vin e d&#8217;anona,<br \/>\nE c&#8217;om non aia coindansa<br \/>\nAb paubra persona,<br \/>\nEt aia mais de bobansa<br \/>\nAquel que meins dona,<br \/>\nE qu&#8217;om fassa major<br \/>\nD&#8217;un gran trafegador<br \/>\nE qu&#8217;om eleia-l trachor<br \/>\nE-l just dezapona.<\/p>\n<p>Coms Raimons, ducx de Narbona,<br \/>\nMarques de Proensa,<br \/>\nVostra valors es tan bona<br \/>\nQue tot lo mon gensa,<br \/>\nCar de la mar de Baiona<br \/>\nEntro a Valensa<br \/>\nA grans gens falsa e felona,<br \/>\nLaj&#8217;en viltenensa!<br \/>\nMas vos tenes vil lor,<br \/>\nQue Frances bevedor<br \/>\nPlus que perditz a l&#8217;austor<br \/>\nNo vos fan temensa.<\/p>\n<p>Ben volon obediensa<br \/>\nSels de la clersia,<br \/>\nE volon ben la crezensa<br \/>\nSol l&#8217;obra no-i sia!<br \/>\nGreu lor veires far failhensa<br \/>\nMas la nueg e-l dia,<br \/>\nE no portan malvolensa<br \/>\nNi fan simonia,<br \/>\nE son larc donador<br \/>\nE just amassador,<br \/>\nMas autre n&#8217;an la lauzor<br \/>\nE-ilh la folia.<\/p>\n<p>Non puesc dire l&#8217;error<br \/>\nDel fals segle trachor<br \/>\nQue fai de blasme lauzor<br \/>\nE de sen folia.<\/p>\n<p>Deu prec per sa dousor<br \/>\nQue-ns gar d&#8217;enfernal dolor,<br \/>\nE-ilh verge Maria.<\/p><\/blockquote>\n<\/td>\n<td>\n<blockquote>\n<h6>Falsedat i Desmesura<\/h6>\n<p>La Falsedat i la Desmesura<br \/>\nhan empr\u00e8s una batalla<br \/>\namb la Veritat i la Rectitud<br \/>\ni vens la Falsedat.<br \/>\nI la Deslleialtat conjura<br \/>\ncontra la Lleialtat,<br \/>\ni l\u2019Avar\u00edcia s\u2019encarnissa<br \/>\ncontra la Generositat!<br \/>\nLa Tra\u00efci\u00f3 ven\u00e7 l\u2019Amor<br \/>\ni la Dolentaria [ven\u00e7] el Valor,<br \/>\ni el Pecat ca\u00e7a la Santedat<br \/>\ni l\u2019Engany [ca\u00e7a] la Senzillesa.<\/p>\n<p>Si hi ha alg\u00fa que no creu en D\u00e9u,<br \/>\nels seus afers prosperen<br \/>\nmentre no tingui cap altre preocupaci\u00f3<br \/>\nque omplir-se la panxa.<br \/>\nEl qui busca la santedat<br \/>\npateix una greu indig\u00e8ncia!<br \/>\nQui estima el dret i li desplau la injust\u00edcia<br \/>\nsovint en rep el dany!<br \/>\nI els enganyadors obtenen<br \/>\nhonors del seu comportament:<br \/>\nperqu\u00e8 els mals entenedors<br \/>\njutgen per les aparences.<\/p>\n<p>Ara ens arriba de Fran\u00e7a<br \/>\nel costum de convidar<br \/>\ntan sols aquells que tenen abund\u00e0ncia<br \/>\nde vi i de blat,<br \/>\ni de no tenir tractes<br \/>\namb la gent pobre.<br \/>\nEs lluir\u00e0 m\u00e9s<br \/>\naquell qui menys doni,<br \/>\nser\u00e0 tingut per cap<br \/>\nun gran traficant<br \/>\ni s\u2019escollir\u00e0 el tra\u00efdor<br \/>\nper destituir el just.<\/p>\n<p>Comte Raimon, duc de Narbona,<br \/>\nmarqu\u00e8s de Proven\u00e7a,<br \/>\nel vostre valor \u00e9s tan gran<br \/>\nque tot el m\u00f3n ennobleix,<br \/>\nperqu\u00e8 des de la mar de Baiona<br \/>\nfins a Valen\u00e7a [del Roine]<br \/>\nhi ha molta gent falsa i tra\u00efdora,<br \/>\nro\u00efna en la seva vilesa!<br \/>\nper\u00f2 v\u00f3s tracteu-los de vils,<br \/>\nperqu\u00e8 els francesos s\u00f3n uns borratxos<br \/>\nque m\u00e9s la perdiu a l\u2019astor<br \/>\nno us fan por.<\/p>\n<p>Prometen obedi\u00e8ncia<br \/>\naquests del clergat,<br \/>\ni proclamen la fe<br \/>\nmentre no hi hagi obres!<br \/>\nDif\u00edcilment els veureu pecar<br \/>\nsi no \u00e9s de nit o de dia;<br \/>\nno mostren malvolen\u00e7a<br \/>\nni practiquen la simonia:<br \/>\ns\u00f3n generosos a l\u2019hora de donar<br \/>\ni justos a l\u2019hora d\u2019acabalar,<br \/>\nper\u00f2 altres en reben les lloances<br \/>\ni ells el blasme.<\/p>\n<p>No puc parlar de l\u2019error<br \/>\ndel m\u00f3n fals i tra\u00efdor,<br \/>\nque del blasme en fa lloan\u00e7a,<br \/>\ni del seny, follia.<\/p>\n<p>Prego a D\u00e9u, per la seva bondat,<br \/>\nque em protegeixi de l\u2019infernal dolor,<br \/>\ni amb ell la Verge Maria.<\/p><\/blockquote>\n<\/td>\n<\/tr>\n<\/tbody>\n<\/table>\n<h6>P\u00e8ire Cardenal, 1205? \u2013 1272?.<br \/>\n[Tirat de: Mart\u00edn de Riquer, <em>Los trovadores. Historia literaria y textos<\/em>, Ariel, 1984.]<\/h6>\n<p>&nbsp;<\/p>\n<h4>El text llegit<\/h4>\n<p>&nbsp;<\/p>\n<h4>Comentari sobre el text<\/h4>\n<p>El poema consta de cinc <em>coblas<\/em>, de 12 versos (de diferent nombre de s\u00edl\u00b7labes) cadascuna, m\u00e9s dues <em>tornadas<\/em>. La rima \u00e9s consonant. Es tracta d&#8217;un sirvent\u00e8s de contingut pol\u00edtic. Al llarg del poema l&#8217;autor utilitza amb freq\u00fc\u00e8ncia la contraposici\u00f3 de conceptes oposats: falsedat i desmesura contra veritat i rectitud, deslleialtat contra lleialtat, etc. D&#8217;aquesta forma, desenvolupa una cr\u00edtica directa contra el clergat corrupte, per una banda, i els invasors francesos, a qui acusa de &#8220;borratxos&#8221; per l&#8217;altra. De forma sat\u00edrica, afirma que s\u00f3n aquests aspectes malignes els que acaben triomfant, mentre que els comportaments virtuosos, encarnats en el seu protector, el comte Raimon VI de Tolosa, tenen les de perdre&#8230; Finalment, contraposa els defectes del m\u00f3n material (primera tornada) amb la salvaci\u00f3, que nom\u00e9s es pot obtenir per obra de D\u00e9u i intercessi\u00f3 de la Verge Maria.<br \/>\n&nbsp;<\/p>\n<h3>P\u00e8ire Cardenal: l&#8217;autor<\/h3>\n<p><img loading=\"lazy\" decoding=\"async\" class=\"size-full wp-image-8497 alignleft\" src=\"http:\/\/projectes.xtec.cat\/occita\/wp-content\/uploads\/usu1295\/2017\/05\/P\u00e8ire-Cardenal.jpg\" alt=\"P\u00e8ire Cardenal\" width=\"176\" height=\"159\" \/>P\u00e8ire Cardenal (Lo Pu\u00e8i de Velai,1180 aprox. &#8211; Montpelher, 1278 aprox.) va ser un trobador, poeta i m\u00fasic occit\u00e0. Procedent de fam\u00edlia noble, va abandonar el clergat i va passar a ser conseller i servidor del comte de Tolosa Raimon VI i del seu fill Raimon VII. Tamb\u00e9 \u00e9s apreciat pel rei Jaume I d&#8217;Arag\u00f3, el Conqueridor. Quan el comtat de Tolosa va caure en poder dels reis de Fran\u00e7a, va marxar a Montpelher, ciutat on va morir a una edat propera als 100 anys.<\/p>\n<p>Es conserven 96 dels seus poemes (tres d&#8217;ells amb m\u00fasica), la majoria sirventesos, on realitza una s\u00e0tira cr\u00edtica amb el clergat corrupte, els invasors francesos i la immoralitat dels rics. No conrea, per\u00f2, l&#8217;amor cort\u00e8s, que considera una de les causes de la decad\u00e8ncia moral del seu temps. Per tot plegat, se&#8217;l considera una veu propera al catarisme, combatut i eradicat en la croada que ell va viure, i defensor de la civilitzaci\u00f3 i la cultura occitanes. Tanmateix, no abra\u00e7a la fe dels &#8220;bonshomes&#8221;: es mant\u00e9 cat\u00f2lic i profundament religi\u00f3s.<\/p>\n<p>Molts d&#8217;aquests aspectes els coneixem gr\u00e0cies a la &#8220;Vida&#8221;, biografia de P\u00e8ire Cardenal escrita per Miquel de la Tor, cap al 1300.<\/p>\n<h6><a href=\"http:\/\/www.cardenal.org\/index.htm\" target=\"_blank\">Aquesta enlla\u00e7<\/a> porta a una p\u00e0gina web (en occit\u00e0 i franc\u00e8s) dedicada exclusivament a P\u00e8ire Cardenal, on es poden consultar la totalitat dels seus poemes.<\/h6>\n<p>Com a exemple de poema musicat, podem escoltar i veure el seg\u00fcent v\u00eddeo, on s&#8217;interpreta un dels sirventesos de P\u00e8ire Cardenal:<\/p>\n<p style=\"text-align: center;\"><iframe loading=\"lazy\" src=\"https:\/\/www.youtube.com\/embed\/qjGEIXZH-Qg\" width=\"560\" height=\"315\" frameborder=\"0\" allowfullscreen=\"allowfullscreen\"><\/iframe><\/p>\n<p>&nbsp;<\/p>\n<h4>Lo Pu\u00e8i de Velai<\/h4>\n<p>Lo Pu\u00e8i de Velai (<em>Le Puy-en-Velay<\/em>, en franc\u00e8s) \u00e9s una bella ciutat d&#8217;Auv\u00e8rnha, capital del departament franc\u00e8s de Naut L\u00e8ir (<em>Haute-Loire<\/em>, en franc\u00e8s). A l&#8217;Edat Mitjana va ser un important centre religi\u00f3s i de pelegrinatge: aqu\u00ed comen\u00e7a un dels quatre camins cl\u00e0ssics de Sant Jaume cap a Compostel\u00b7la, la <em>Via Podensis<\/em>.<\/p>\n<p style=\"text-align: center;\"><img loading=\"lazy\" decoding=\"async\" class=\"alignnone size-full wp-image-8496\" src=\"http:\/\/projectes.xtec.cat\/occita\/wp-content\/uploads\/usu1295\/2017\/05\/images.jpg\" alt=\"images\" width=\"276\" height=\"183\" \/><\/p>\n<p>Alguns dels seus monuments (aix\u00ed com el mateix Cam\u00ed de Sant Jaume) han estat declarats patrimoni de la humanitat per la Unesco: es tracta de la catedral i de l&#8217;H\u00f4tel-Dieu.<\/p>\n<p>&#8211; La catedral de Notre Dame du Puy s`aixeca al centre de la ciutat vella, al capdamunt d&#8217;una gran escalinata. Presenta diversitat d&#8217;estils, amb predomini del rom\u00e0nic. Hi destaca la fa\u00e7ana policroma, l&#8217;interior, amb pintures al fresc, i el claustre.<\/p>\n<p style=\"text-align: center;\"><img loading=\"lazy\" decoding=\"async\" src=\"http:\/\/projectes.xtec.cat\/occita\/wp-content\/uploads\/usu1295\/2017\/05\/images-1.jpg\" alt=\"images (1)\" width=\"136\" height=\"196\" class=\"alignnone size-full wp-image-8492\" \/><\/a><\/p>\n<p style=\"text-align: center;\"><img loading=\"lazy\" decoding=\"async\" src=\"http:\/\/projectes.xtec.cat\/occita\/wp-content\/uploads\/usu1295\/2017\/05\/images-2.jpg\" alt=\"images (2)\" width=\"299\" height=\"168\" class=\"alignnone size-full wp-image-8493\" \/><\/a><\/p>\n<p>&#8211; L&#8217;H\u00f4tel-Dieu va se fundat al s. XII per acollir pelegrins i malalts. Avui \u00e9s un centre muse\u00edstic i d&#8217;exposicions.<\/p>\n<p style=\"text-align: center;\"><img loading=\"lazy\" decoding=\"async\" src=\"http:\/\/projectes.xtec.cat\/occita\/wp-content\/uploads\/usu1295\/2017\/05\/Hotel-Dieu.jpg\" alt=\"Hotel-Dieu\" width=\"275\" height=\"183\" class=\"alignnone size-full wp-image-8491\" \/><\/a><\/p>\n<p>&#8211; La capella de Sant Miqu\u00e8u d&#8217;Agulha \u00e9s una de les icones de la ciutat. Situada dalt d&#8217;un pit\u00f3 volc\u00e0nic de 85 m d&#8217;al\u00e7ada i gaireb\u00e9 inaccessible, la capella \u00e9s una obra mestra de l&#8217;art rom\u00e0nic. L&#8217;acc\u00e9s es realitza per una escala de 268 graons, tallada a la roca.<\/p>\n<p style=\"text-align: center;\"><img loading=\"lazy\" decoding=\"async\" src=\"http:\/\/projectes.xtec.cat\/occita\/wp-content\/uploads\/usu1295\/2017\/05\/images-3.jpg\" alt=\"images (3)\" width=\"259\" height=\"194\" class=\"alignnone size-full wp-image-8494\" srcset=\"https:\/\/projectes.xtec.cat\/occita\/wp-content\/uploads\/usu1295\/2017\/05\/images-3.jpg 259w, https:\/\/projectes.xtec.cat\/occita\/wp-content\/uploads\/usu1295\/2017\/05\/images-3-200x150.jpg 200w\" sizes=\"auto, (max-width: 259px) 100vw, 259px\" \/><\/a><\/p>\n<p style=\"text-align: center;\"><iframe loading=\"lazy\" width=\"560\" height=\"315\" src=\"https:\/\/www.youtube.com\/embed\/2EVd5kiXMhs\" frameborder=\"0\" allowfullscreen><\/iframe><\/p>\n<p>-L&#8217;est\u00e0tua monumental de la Mare de D\u00e9u de Fran\u00e7a, de m\u00e9s de 20 m d&#8217;al\u00e7ada, s&#8217;aixeca en el punt m\u00e9s alt de la ciutat, la Roca Corneille. Va ser fosa amb el bronze dels canons gaunyats a l&#8217;ex\u00e8rcit rus durant la guerra de Crimea, al s. XIX.<\/p>\n<p style=\"text-align: center;\"><img loading=\"lazy\" decoding=\"async\" src=\"http:\/\/projectes.xtec.cat\/occita\/wp-content\/uploads\/usu1295\/2017\/05\/images-4.jpg\" alt=\"images (4)\" width=\"276\" height=\"182\" class=\"alignnone size-full wp-image-8495\" \/><\/a><\/p>\n<p>La ciutat \u00e9s un reputat centre d&#8217;artesania, on destaquen les obres realitzades amb puntes de coix\u00ed. I tamb\u00e9 s\u00f3n famosos productes gastron\u00f2mics locals com les llenties, el formatge, la cervesa o el licor de berbena.<br \/>\n&nbsp;<\/p>\n<h3>Proposta did\u00e0ctica<\/h3>\n<p style=\"text-align: center;\"><iframe loading=\"lazy\" src=\"https:\/\/drive.google.com\/file\/d\/0ByILylm1AhSQX1lnamdCVEcyYTQ\/preview\" width=\"640\" height=\"480\"><\/iframe><\/p>\n","protected":false},"excerpt":{"rendered":"<p>P\u00e8ire Cardenal no canta a l&#8217;amor, sin\u00f3 que fa una s\u00e0tira salvatge contra el clergat corrupte, els invasors francesos i la immoralitat dels rics.&hellip;  <a href=\"https:\/\/projectes.xtec.cat\/occita\/rota-literariaculturala\/falsedatz-e-desmezura-de-peire-cardenal-1r-btx\/\" title=\"Read &#8220;Falsedatz e desmezura&#8221;, de P\u00e8ire Cardenal (1r BTX)\">Llegeix m\u00e9s\u00bb<\/a><\/p>\n","protected":false},"author":1,"featured_media":8497,"comment_status":"open","ping_status":"open","sticky":false,"template":"","format":"standard","meta":{"_bbp_topic_count":0,"_bbp_reply_count":0,"_bbp_total_topic_count":0,"_bbp_total_reply_count":0,"_bbp_voice_count":0,"_bbp_anonymous_reply_count":0,"_bbp_topic_count_hidden":0,"_bbp_reply_count_hidden":0,"_bbp_forum_subforum_count":0,"footnotes":""},"categories":[280],"tags":[290,287,289,303],"class_list":["post-8487","post","type-post","status-publish","format-standard","has-post-thumbnail","hentry","category-rota-literariaculturala","tag-1r-btx","tag-batxillerat","tag-llengua-catalana-i-literatura","tag-occita-medieval"],"post_mailing_queue_ids":[],"_links":{"self":[{"href":"https:\/\/projectes.xtec.cat\/occita\/wp-json\/wp\/v2\/posts\/8487","targetHints":{"allow":["GET"]}}],"collection":[{"href":"https:\/\/projectes.xtec.cat\/occita\/wp-json\/wp\/v2\/posts"}],"about":[{"href":"https:\/\/projectes.xtec.cat\/occita\/wp-json\/wp\/v2\/types\/post"}],"author":[{"embeddable":true,"href":"https:\/\/projectes.xtec.cat\/occita\/wp-json\/wp\/v2\/users\/1"}],"replies":[{"embeddable":true,"href":"https:\/\/projectes.xtec.cat\/occita\/wp-json\/wp\/v2\/comments?post=8487"}],"version-history":[{"count":3,"href":"https:\/\/projectes.xtec.cat\/occita\/wp-json\/wp\/v2\/posts\/8487\/revisions"}],"predecessor-version":[{"id":8500,"href":"https:\/\/projectes.xtec.cat\/occita\/wp-json\/wp\/v2\/posts\/8487\/revisions\/8500"}],"wp:featuredmedia":[{"embeddable":true,"href":"https:\/\/projectes.xtec.cat\/occita\/wp-json\/wp\/v2\/media\/8497"}],"wp:attachment":[{"href":"https:\/\/projectes.xtec.cat\/occita\/wp-json\/wp\/v2\/media?parent=8487"}],"wp:term":[{"taxonomy":"category","embeddable":true,"href":"https:\/\/projectes.xtec.cat\/occita\/wp-json\/wp\/v2\/categories?post=8487"},{"taxonomy":"post_tag","embeddable":true,"href":"https:\/\/projectes.xtec.cat\/occita\/wp-json\/wp\/v2\/tags?post=8487"}],"curies":[{"name":"wp","href":"https:\/\/api.w.org\/{rel}","templated":true}]}}