{"id":8529,"date":"2017-05-11T10:00:06","date_gmt":"2017-05-11T08:00:06","guid":{"rendered":"http:\/\/projectes.xtec.cat\/occita\/?p=8529"},"modified":"2017-05-11T10:04:24","modified_gmt":"2017-05-11T08:04:24","slug":"faula-vesper-e-la-luna-dels-fraisses-de-renat-nelli-4t-eso","status":"publish","type":"post","link":"https:\/\/projectes.xtec.cat\/occita\/rota-literariaculturala\/faula-vesper-e-la-luna-dels-fraisses-de-renat-nelli-4t-eso\/","title":{"rendered":"Faula &#8220;Vesp\u00e8r e la luna dels fraisses&#8221;, de Renat Nelli (4t ESO)"},"content":{"rendered":"<h2 style=\"text-align: center;\"><em>Vesp\u00e8r a la luna dels fraisses<\/em><\/h2>\n<p>&nbsp;<\/p>\n<h3>El text: &#8220;Vesp\u00e8r a la luna dels fraisses&#8221;<\/h3>\n<blockquote>\n<h5>Faula<\/h5>\n<p><a href=\"http:\/\/projectes.xtec.cat\/occita\/wp-content\/uploads\/usu1295\/2017\/05\/images-8.jpg\"><img loading=\"lazy\" decoding=\"async\" class=\" wp-image-8539 alignright\" src=\"http:\/\/projectes.xtec.cat\/occita\/wp-content\/uploads\/usu1295\/2017\/05\/images-8.jpg\" alt=\"images\" width=\"203\" height=\"194\" \/><\/a>Lo grilh, sa can\u00e7on es caitiva,<br \/>\ndins lo vent e dins l\u2018\u00e8rba sorna.<br \/>\nper delai lo japar dels gosses,<br \/>\nd\u2018un palais de cendre e d\u2018esclam.<\/p>\n<p>Son arma es pas qu\u2018una altra vida<br \/>\nque s\u2018arrasa ont lo ser l\u2018oblida,<br \/>\nuna transpar\u00e9ncia qu\u2018estiva<br \/>\ndins l\u2018eterna Fragilitat.<\/p>\n<p><a href=\"http:\/\/projectes.xtec.cat\/occita\/wp-content\/uploads\/usu1295\/2017\/05\/023026583_prevstill.jpeg\"><img loading=\"lazy\" decoding=\"async\" class=\"wp-image-8531 alignright\" src=\"http:\/\/projectes.xtec.cat\/occita\/wp-content\/uploads\/usu1295\/2017\/05\/023026583_prevstill-1024x576.jpeg\" alt=\"023026583_prevstill\" width=\"306\" height=\"172\" srcset=\"https:\/\/projectes.xtec.cat\/occita\/wp-content\/uploads\/usu1295\/2017\/05\/023026583_prevstill-1024x576.jpeg 1024w, https:\/\/projectes.xtec.cat\/occita\/wp-content\/uploads\/usu1295\/2017\/05\/023026583_prevstill-300x169.jpeg 300w, https:\/\/projectes.xtec.cat\/occita\/wp-content\/uploads\/usu1295\/2017\/05\/023026583_prevstill-768x432.jpeg 768w, https:\/\/projectes.xtec.cat\/occita\/wp-content\/uploads\/usu1295\/2017\/05\/023026583_prevstill.jpeg 1920w\" sizes=\"auto, (max-width: 306px) 100vw, 306px\" \/><\/a>Tanben tot mirant la darri\u00e8ra<br \/>\nestela que l\u2018atrai amont<br \/>\nvei lusir l\u2018estona de Dieu,<\/p>\n<p>e mila estius formar lor grapa<br \/>\nde passat e d\u2018avenidor,<br \/>\ndins lo temps que mor\u00eds sa canta.<\/p><\/blockquote>\n<h6 style=\"text-align: right;\"><\/h6>\n<h6 style=\"text-align: right;\">Renat Nelli (1962). <em>Vesp\u00e8r e la luna dels fraisses<\/em>.<\/h6>\n<h6 style=\"text-align: right;\">[Tirat de: Christian Nique (dir.), <em>Petite anthologie des litt\u00e9ratures occitane et catalane<\/em>, CRDP Acad\u00e9mie de Montpellier, 2006.]<\/h6>\n<p>&nbsp;<\/p>\n<h4>El text llegit<\/h4>\n<p>&nbsp;<\/p>\n<h4>Comentari sobre el text<\/h4>\n<p>\u00c9s un poema sota el t\u00edtol Faula, on el personatge \u00e9s un grill, per tant, s&#8217;adequa al conegut terme Faula, on els personatges s\u00f3n animals. Poema format per quatre estrofes, les dues primeres de quatre versos i les dues \u00faltimes de tres versos. Versos octos\u00edl\u00b7labs.<br \/>\n&nbsp;<\/p>\n<h3>Renat Nelli: l&#8217;autor<\/h3>\n<p><img loading=\"lazy\" decoding=\"async\" class=\"size-full wp-image-8538 alignleft\" src=\"http:\/\/projectes.xtec.cat\/occita\/wp-content\/uploads\/usu1295\/2017\/05\/images-7.jpg\" alt=\"images (7)\" width=\"232\" height=\"218\" \/><\/a>Renat Nelli o Ren\u00e9 Nelli (Carcassona, 20 de febrer de 1906 \u2013 11 de mar\u00e7 de 1982) fou un poeta, fil\u00f2sof, historiador i escriptor occit\u00e0, que es f\u00e9u fam\u00f3s per la seva contribuci\u00f3 als estudis de la cultura occitana i particularment del catarisme.<\/p>\n<p>Durant la Fran\u00e7a de Vichy col\u00b7labor\u00e0 amb la Resist\u00e8ncia i el 1945 fou un dels fundadors de l&#8217;Institut d&#8217;Estudis Occitans, particip\u00e0 amb Jo\u00eb Bousquet en la redacci\u00f3 del n\u00famero especial dels &#8220;Cahiers du Sud&#8221;, dedicat a <em>Le g\u00e9nie d&#8217;oc et l&#8217;homme m\u00e9diterran\u00e9en<\/em> (1943), on hom troba les tres direccions de la seva obra: edici\u00f3 i traducci\u00f3 de poetes occitans medievals, poemes personals \u2014pr\u00f2xims a Paul Val\u00e9ry\u2014 i tasca cr\u00edtica (<em>Fragment d&#8217;un m\u00e9taphysique d&#8217;oc<\/em>).<\/p>\n<p>Paral\u00b7lelament, va investigar i va escriure nombroses obres i estudis sobre heretgies de l&#8217;Edat mitjana al Mi\u00e8gjorn i sobre el catarisme, contrastant literatura especulativa i sensacionalista escrita fins al moment que perjudicava els estudis rigorosos sobre aquest aspecte social i hist\u00f2ric. Com per a Fernand Niel o d&#8217;altres investigadors sobre aquesta tem\u00e0tica, va ser fonamental la seva relaci\u00f3 amb D\u00e9odat Roch\u00e9.<\/p>\n<p>Tamb\u00e9 va fundar, l&#8217;any 1981, el Centre national d&#8217;\u00e9tudes cathares, renomenat m\u00e9s tard com a Centre d&#8217;\u00e9tudes cathares-Ren\u00e9 Nelli.<\/p>\n<p>Els seus reculls po\u00e8tics s\u00f3n d&#8217;escriptura densa i tem\u00e0tica sensual, recuperen la tradici\u00f3 m\u00edstica i eroticopo\u00e8tica dels trobadors. Posteriorment es dedic\u00e0 a la prosa i al teatre.<\/p>\n<p>En occit\u00e0<\/p>\n<ul>\n<li><em>Entre l&#8217;esp\u00e8r e l&#8217;abs\u00e9ncia<\/em> (1942)<\/li>\n<li><em>Arma de vertat<\/em> (1952)<\/li>\n<li><em>Vesp\u00e8r e la luna dels fraisses<\/em> (1962)<\/li>\n<li><em>Beatr\u00eds de Planiss\u00f2las<\/em> (1972) (teatre)<\/li>\n<li><em>Ist\u00f2ri secr\u00e8to d\u00f3u Lengad\u00f2<\/em> (1978)<\/li>\n<\/ul>\n<p>En franc\u00e8s<\/p>\n<ul>\n<li><em>Le Languedoc et le Comt\u00e9 de Foix, le Roussillon<\/em> (1958)<\/li>\n<li><em>\u00c9critures cathares. La C\u00e8ne secr\u00e8te : Le Livre des deux principes : Trait\u00e9 cathare : Le Rituel occitan : Le Rituel latin : textes pr\u00e9cathares et cathares pr\u00e9sent\u00e9s, traduits et comment\u00e9s avec une introduction sur les origines et l&#8217;esprit du catharisme<\/em> (1959)<\/li>\n<li><em>L&#8217;\u00e9rotique des troubadours, Toulouse<\/em> (1963)<\/li>\n<li><em>Le Roman de Flamenca, un art d&#8217;aimer occitanien au XIIIe si\u00e8cle<\/em> (1966)<\/li>\n<li><em>Le mus\u00e9e du Catharisme<\/em> (1966)<\/li>\n<li><em>Dictionnaire des h\u00e9r\u00e9sies et des mouvements h\u00e9t\u00e9rodoxes ou ind\u00e9pendants apparus dans le midi de la France depuis l&#8217;\u00e9tablissement du christianisme<\/em> (1968).<\/li>\n<li><em>La vie quotidienne des Cathares du Languedoc au XIIIe si\u00e8cle<\/em> (1969)<\/li>\n<li><em>Des Cathares du Languedoc au XIIIe si\u00e8cle<\/em> (1969)<\/li>\n<li><em>Les Cathares<\/em> (1972)<\/li>\n<li><em>La philosophie du catharisme<\/em> (1975)<\/li>\n<li><em>Le Ph\u00e9nom\u00e8ne cathare &#8211; perspectives philosophiques et morales<\/em> (1988)<\/li>\n<li><em>Les Grands arcanes de l&#8217;herm\u00e9tisme occidental<\/em> (1991)<\/li>\n<\/ul>\n<table class=\" aligncenter\" style=\"width: 698px;\">\n<tbody>\n<tr>\n<td style=\"width: 228px;\"><img loading=\"lazy\" decoding=\"async\" class=\"size-full wp-image-8532 aligncenter\" src=\"http:\/\/projectes.xtec.cat\/occita\/wp-content\/uploads\/usu1295\/2017\/05\/images-1-1.jpg\" alt=\"images (1)\" width=\"194\" height=\"259\" \/><\/td>\n<td style=\"width: 213px;\"><img loading=\"lazy\" decoding=\"async\" class=\"wp-image-8533 aligncenter\" src=\"http:\/\/projectes.xtec.cat\/occita\/wp-content\/uploads\/usu1295\/2017\/05\/images-2-1.jpg\" alt=\"images (2)\" width=\"174\" height=\"254\" \/><\/td>\n<td style=\"width: 247px;\"><img loading=\"lazy\" decoding=\"async\" class=\"wp-image-8534 aligncenter\" src=\"http:\/\/projectes.xtec.cat\/occita\/wp-content\/uploads\/usu1295\/2017\/05\/images-3-1.jpg\" alt=\"images (3)\" width=\"253\" height=\"253\" srcset=\"https:\/\/projectes.xtec.cat\/occita\/wp-content\/uploads\/usu1295\/2017\/05\/images-3-1.jpg 225w, https:\/\/projectes.xtec.cat\/occita\/wp-content\/uploads\/usu1295\/2017\/05\/images-3-1-150x150.jpg 150w\" sizes=\"auto, (max-width: 253px) 100vw, 253px\" \/><\/td>\n<\/tr>\n<tr>\n<td style=\"width: 228px;\"><img loading=\"lazy\" decoding=\"async\" class=\"wp-image-8535 aligncenter\" src=\"http:\/\/projectes.xtec.cat\/occita\/wp-content\/uploads\/usu1295\/2017\/05\/images-4-1.jpg\" alt=\"images (4)\" width=\"186\" height=\"255\" \/><\/td>\n<td style=\"width: 213px;\"><img loading=\"lazy\" decoding=\"async\" class=\"wp-image-8536 aligncenter\" src=\"http:\/\/projectes.xtec.cat\/occita\/wp-content\/uploads\/usu1295\/2017\/05\/images-5.jpg\" alt=\"images (5)\" width=\"184\" height=\"256\" \/><\/td>\n<td style=\"width: 247px;\"><img loading=\"lazy\" decoding=\"async\" class=\"wp-image-8537 aligncenter\" src=\"http:\/\/projectes.xtec.cat\/occita\/wp-content\/uploads\/usu1295\/2017\/05\/images-6.jpg\" alt=\"images (6)\" width=\"187\" height=\"258\" \/><\/td>\n<\/tr>\n<\/tbody>\n<\/table>\n<p>&nbsp;<\/p>\n<h3>Proposta did\u00e0ctica<\/h3>\n<p style=\"text-align: center;\"><iframe loading=\"lazy\" src=\"https:\/\/drive.google.com\/file\/d\/0ByILylm1AhSQZm1IaE0zR3k1ZGs\/preview\" width=\"640\" height=\"480\"><\/iframe><\/p>\n","protected":false},"excerpt":{"rendered":"<p>Ren\u00e9 Nelli \u00e9s un autor de tem\u00e0tica sensual, que recupera la tradici\u00f3 m\u00edstica i eroticopo\u00e8tica dels trobadors.&hellip;  <a href=\"https:\/\/projectes.xtec.cat\/occita\/rota-literariaculturala\/faula-vesper-e-la-luna-dels-fraisses-de-renat-nelli-4t-eso\/\" title=\"Read Faula &#8220;Vesp\u00e8r e la luna dels fraisses&#8221;, de Renat Nelli (4t ESO)\">Llegeix m\u00e9s\u00bb<\/a><\/p>\n","protected":false},"author":1,"featured_media":8538,"comment_status":"open","ping_status":"open","sticky":false,"template":"","format":"standard","meta":{"_bbp_topic_count":0,"_bbp_reply_count":0,"_bbp_total_topic_count":0,"_bbp_total_reply_count":0,"_bbp_voice_count":0,"_bbp_anonymous_reply_count":0,"_bbp_topic_count_hidden":0,"_bbp_reply_count_hidden":0,"_bbp_forum_subforum_count":0,"footnotes":""},"categories":[280],"tags":[304,281,289,295],"class_list":["post-8529","post","type-post","status-publish","format-standard","has-post-thumbnail","hentry","category-rota-literariaculturala","tag-4t-eso","tag-educacio-secundaria-obligatoria","tag-llengua-catalana-i-literatura","tag-occita-llenguadocia"],"post_mailing_queue_ids":[],"_links":{"self":[{"href":"https:\/\/projectes.xtec.cat\/occita\/wp-json\/wp\/v2\/posts\/8529","targetHints":{"allow":["GET"]}}],"collection":[{"href":"https:\/\/projectes.xtec.cat\/occita\/wp-json\/wp\/v2\/posts"}],"about":[{"href":"https:\/\/projectes.xtec.cat\/occita\/wp-json\/wp\/v2\/types\/post"}],"author":[{"embeddable":true,"href":"https:\/\/projectes.xtec.cat\/occita\/wp-json\/wp\/v2\/users\/1"}],"replies":[{"embeddable":true,"href":"https:\/\/projectes.xtec.cat\/occita\/wp-json\/wp\/v2\/comments?post=8529"}],"version-history":[{"count":3,"href":"https:\/\/projectes.xtec.cat\/occita\/wp-json\/wp\/v2\/posts\/8529\/revisions"}],"predecessor-version":[{"id":8547,"href":"https:\/\/projectes.xtec.cat\/occita\/wp-json\/wp\/v2\/posts\/8529\/revisions\/8547"}],"wp:featuredmedia":[{"embeddable":true,"href":"https:\/\/projectes.xtec.cat\/occita\/wp-json\/wp\/v2\/media\/8538"}],"wp:attachment":[{"href":"https:\/\/projectes.xtec.cat\/occita\/wp-json\/wp\/v2\/media?parent=8529"}],"wp:term":[{"taxonomy":"category","embeddable":true,"href":"https:\/\/projectes.xtec.cat\/occita\/wp-json\/wp\/v2\/categories?post=8529"},{"taxonomy":"post_tag","embeddable":true,"href":"https:\/\/projectes.xtec.cat\/occita\/wp-json\/wp\/v2\/tags?post=8529"}],"curies":[{"name":"wp","href":"https:\/\/api.w.org\/{rel}","templated":true}]}}