{"id":8632,"date":"2017-05-16T14:27:16","date_gmt":"2017-05-16T12:27:16","guid":{"rendered":"http:\/\/projectes.xtec.cat\/occita\/?p=8632"},"modified":"2017-06-22T13:07:02","modified_gmt":"2017-06-22T11:07:02","slug":"presoers-dera-mar-gelada-de-frances-boya-alos-1r-btx","status":"publish","type":"post","link":"https:\/\/projectes.xtec.cat\/occita\/rota-literariaculturala\/presoers-dera-mar-gelada-de-frances-boya-alos-1r-btx\/","title":{"rendered":"&#8220;Preso\u00e8rs dera mar gelada&#8221;, de Franc\u00e9s Boya Al\u00f3s (1r BTX)"},"content":{"rendered":"<h2 style=\"text-align: center;\"><em>Preso\u00e8rs dera mar gelada<\/em><\/h2>\n<p>Aran\u00e8s &#8230; el millor lloc per mantenir-ho viu&#8230; Aran..<br \/>\nLes millors oportunitats per mantenir viu l&#8217;aran\u00e8s&#8230; amb els nens i adolescents d&#8217;Aran&#8230;<br \/>\nVegem un autor proper a la seva realitat&#8230; poden veure-ho al carrer, a la televisi\u00f3 o a la r\u00e0dio&#8230; parlar amb ell&#8230; con\u00e8ixer la seva traject\u00f2ria en diferents \u00e0mbits de la seva vida&#8230;<\/p>\n<h3>El text: &#8220;Cap\u00edtol 2&#8221;<\/h3>\n<p><iframe loading=\"lazy\" src=\"https:\/\/drive.google.com\/file\/d\/0ByILylm1AhSQZVdmQjZmSmVUMGM\/preview\" width=\"640\" height=\"480\"><\/iframe> <img loading=\"lazy\" decoding=\"async\" class=\" wp-image-8635 alignright\" src=\"http:\/\/projectes.xtec.cat\/occita\/wp-content\/uploads\/usu1295\/2017\/05\/9788499750170.jpg\" alt=\"9788499750170\" width=\"343\" height=\"470\" srcset=\"https:\/\/projectes.xtec.cat\/occita\/wp-content\/uploads\/usu1295\/2017\/05\/9788499750170.jpg 622w, https:\/\/projectes.xtec.cat\/occita\/wp-content\/uploads\/usu1295\/2017\/05\/9788499750170-219x300.jpg 219w\" sizes=\"auto, (max-width: 343px) 100vw, 343px\" \/><br \/>\n&nbsp;<\/p>\n<h4>El text llegit<\/h4>\n<p>&nbsp;<\/p>\n<h3>Franc\u00e9s Boya Al\u00f3s: l&#8217;autor<\/h3>\n<p><a href=\"http:\/\/projectes.xtec.cat\/occita\/wp-content\/uploads\/usu1295\/2017\/05\/Paco_Boya.png\"><img loading=\"lazy\" decoding=\"async\" class=\"size-full wp-image-8633 alignleft\" src=\"http:\/\/projectes.xtec.cat\/occita\/wp-content\/uploads\/usu1295\/2017\/05\/Paco_Boya.png\" alt=\"Paco_Boya\" width=\"160\" height=\"178\" \/><\/a>Franc\u00e8s Xavier Boya Al\u00f2s (Les, 1960) \u00e9s un pol\u00edtic, escriptor, m\u00fasic i senador aran\u00e8s que va ser S\u00edndic dera Val d\u2019Aran. \u00c9s m\u00e9s conegut popularment com Paco Boya. Franc\u00e8s Boya neix en Les (1960), poblaci\u00f3 del Vall d&#8217;Aran (prov\u00edncia de Lleida). Ha cursat estudis de formaci\u00f3 professional. \u00c9s t\u00e8cnic de grau mitj\u00e0 en electricitat, ha estat cap de departament a l&#8217;Administraci\u00f3 de la Generalitat de Catalunya durant vuit anys.<\/p>\n<p>Membre fundador del partit Unitat d&#8217;Aran (partit afiliat en 1995 al PSC), en 1978 del que ha estat secretari general. Ha ocupat diferents c\u00e0rrecs al seu ajuntament natal Les, des de 1989 a 2007. Aquest any, va guanyar les eleccions del Conselh Generau d&#8217;Aran, erigint-se s\u00edndic de Ar\u00e1n fins a 2011. En les eleccions generals d&#8217;aquest any aconsegueix un esc\u00f3 en el Senat. A m\u00e9s, va ser diputat del Parlament de Catalunya entre 1989 i 2003. El 2015 aconsegueix un esc\u00f3 a la Diputaci\u00f3 Provincial de Lleida.<\/p>\n<p>Paco Boya ha cultivat l&#8217;occit\u00e0 aran\u00e8s en diferents g\u00e8neres literaris. Destaca la seva novel\u00b7la <em>Preso\u00e8rs dera mar gelada<\/em>, guardonada amb el premi Els Tal\u00faries en 1998, la medalla Vila de Luchon (1998) i la medalla St\u00e9phen Li\u00e8gard (1999). Tamb\u00e9 va escriure la guia liter\u00e0ria <em>Era Val d&#8217;Aran<\/em> (1995) i la col\u00b7lecci\u00f3 de relats <em>L&#8217;al\u00e8 del bosc<\/em> (1997).<\/p>\n<p>Va ser director del programa <em>Era lucana<\/em>, de Televisi\u00f3 Espanyola a Catalunya (1989-1990) i ha col\u00b7laborat amb el diari Segre i a la revista Descobrir Catalunya. Boya \u00e9s un gran defensor de l&#8217;occit\u00e0 aran\u00e8s, pertanyent a diferents organitzacions en defensa de la llengua d&#8217;Aran i dels seus costums. \u00c9s membre de l&#8217;associaci\u00f3 cultural \u00c9s Corbilhu\u00e8rs de Les, de l&#8217;associaci\u00f3 Llengua Viua, de la Fondacion Mus\u00e8u Etnologic dera Val d&#8217;Aran.<\/p>\n<p style=\"text-align: center;\"><iframe loading=\"lazy\" src=\"https:\/\/www.youtube.com\/embed\/SUT9_8qgwNE\" width=\"560\" height=\"315\" frameborder=\"0\" allowfullscreen=\"allowfullscreen\"><\/iframe><\/p>\n<h6 style=\"text-align: center;\">Video del grup &#8220;Bramatopin&#8221; i la can\u00e7\u00f3 &#8220;Es caulets&#8221; on participa Paco Boya amb m\u00fasica i veu.<\/h6>\n<p>&nbsp;<\/p>\n<h3>Proposta did\u00e0ctica<\/h3>\n<p style=\"text-align: center;\"><iframe loading=\"lazy\" src=\"https:\/\/drive.google.com\/file\/d\/0ByILylm1AhSQVzcxdXRzYTFLUE0\/preview\" width=\"640\" height=\"480\"><\/iframe><\/p>\n","protected":false},"excerpt":{"rendered":"<p>Franc\u00e8s Xavier Boya Al\u00f2s \u00e9s un pol\u00edtic, escriptor, m\u00fasic i senador aran\u00e8s que va ser S\u00edndic dera Val d\u2019Aran.&hellip;  <a href=\"https:\/\/projectes.xtec.cat\/occita\/rota-literariaculturala\/presoers-dera-mar-gelada-de-frances-boya-alos-1r-btx\/\" title=\"Read &#8220;Preso\u00e8rs dera mar gelada&#8221;, de Franc\u00e9s Boya Al\u00f3s (1r BTX)\">Llegeix m\u00e9s\u00bb<\/a><\/p>\n","protected":false},"author":1,"featured_media":8633,"comment_status":"open","ping_status":"open","sticky":false,"template":"","format":"standard","meta":{"_bbp_topic_count":0,"_bbp_reply_count":0,"_bbp_total_topic_count":0,"_bbp_total_reply_count":0,"_bbp_voice_count":0,"_bbp_anonymous_reply_count":0,"_bbp_topic_count_hidden":0,"_bbp_reply_count_hidden":0,"_bbp_forum_subforum_count":0,"footnotes":""},"categories":[280],"tags":[290,287,312,294,288,314],"class_list":["post-8632","post","type-post","status-publish","format-standard","has-post-thumbnail","hentry","category-rota-literariaculturala","tag-1r-btx","tag-batxillerat","tag-educacio-fisica","tag-lengua-occitana-aranes-e-literatura","tag-occita-gasco","tag-occita-gasco-aranes"],"post_mailing_queue_ids":[],"_links":{"self":[{"href":"https:\/\/projectes.xtec.cat\/occita\/wp-json\/wp\/v2\/posts\/8632","targetHints":{"allow":["GET"]}}],"collection":[{"href":"https:\/\/projectes.xtec.cat\/occita\/wp-json\/wp\/v2\/posts"}],"about":[{"href":"https:\/\/projectes.xtec.cat\/occita\/wp-json\/wp\/v2\/types\/post"}],"author":[{"embeddable":true,"href":"https:\/\/projectes.xtec.cat\/occita\/wp-json\/wp\/v2\/users\/1"}],"replies":[{"embeddable":true,"href":"https:\/\/projectes.xtec.cat\/occita\/wp-json\/wp\/v2\/comments?post=8632"}],"version-history":[{"count":3,"href":"https:\/\/projectes.xtec.cat\/occita\/wp-json\/wp\/v2\/posts\/8632\/revisions"}],"predecessor-version":[{"id":8643,"href":"https:\/\/projectes.xtec.cat\/occita\/wp-json\/wp\/v2\/posts\/8632\/revisions\/8643"}],"wp:featuredmedia":[{"embeddable":true,"href":"https:\/\/projectes.xtec.cat\/occita\/wp-json\/wp\/v2\/media\/8633"}],"wp:attachment":[{"href":"https:\/\/projectes.xtec.cat\/occita\/wp-json\/wp\/v2\/media?parent=8632"}],"wp:term":[{"taxonomy":"category","embeddable":true,"href":"https:\/\/projectes.xtec.cat\/occita\/wp-json\/wp\/v2\/categories?post=8632"},{"taxonomy":"post_tag","embeddable":true,"href":"https:\/\/projectes.xtec.cat\/occita\/wp-json\/wp\/v2\/tags?post=8632"}],"curies":[{"name":"wp","href":"https:\/\/api.w.org\/{rel}","templated":true}]}}