{"id":8648,"date":"2017-06-21T12:36:14","date_gmt":"2017-06-21T10:36:14","guid":{"rendered":"http:\/\/projectes.xtec.cat\/occita\/?p=8648"},"modified":"2017-06-21T12:36:14","modified_gmt":"2017-06-21T10:36:14","slug":"lei-companhs-de-finamor-de-francois-ridel-1r-btx","status":"publish","type":"post","link":"https:\/\/projectes.xtec.cat\/occita\/rota-literariaculturala\/lei-companhs-de-finamor-de-francois-ridel-1r-btx\/","title":{"rendered":"&#8220;Lei companhs de fin&#8217;amor&#8221;, de Fran\u00e7ois Ridel (1r BTX)"},"content":{"rendered":"<h2 style=\"text-align: center;\"><em>Lei companhs de fin&#8217;amor<\/em>, de Fran\u00e7ois Ridel (Tatou)<\/h2>\n<p>&nbsp;<\/p>\n<h3>El text: &#8220;Lei companhs de fin&#8217;amor&#8221;<\/h3>\n<blockquote><p>\u00d2 bravei gents d&#8217;aquesto barri,<br \/>\nsi\u00e1u aqu\u00ed per cantar la gl\u00f2ria<br \/>\nde lei qu&#8217;an fach la n\u00f2st&#8217;ist\u00f2ria,<br \/>\nde fin amor lei companhs.<\/p>\n<p>Cantarai de toteis aquelei<br \/>\nqu&#8217;an pausat dins n\u00f2sta mem\u00f2ria,<br \/>\ndrudari\u00e1, trobar e paratge,<br \/>\ntresaur per n\u00f2steis enfants.<\/p>\n<p>Ai! Perqu\u00e9 nos va fau cantar?<br \/>\nPerque v&#8217;an pas dich a l&#8217;esc\u00f2la.<br \/>\nAi! Perqu\u00e9 nos va fau cantar?<br \/>\nPerque a l&#8217;esc\u00f2la va di\u00e1n pas.<\/p>\n<p>Ara vau comen\u00e7ar lo viatge<br \/>\namb\u00e9 lo Guilhen d&#8217;Aquit\u00e0ni<br \/>\nque fogu\u00e8t lo premier d&#8217;entre elei,<br \/>\naqu\u00f2 fa mai de mil&#8217;ans.<\/p>\n<p>Jaufre Rudel vengu\u00e8t fad\u00f2li<br \/>\nd&#8217;una princessa de Trip\u00f2li<br \/>\ne sens jamai veire sa f\u00e0cia,<br \/>\nper ela fagu\u00e8t toei sei cants.<\/p>\n<p>De Ventadorn fau que n&#8217;en parli<br \/>\ne de Vidal e de Cerveri<br \/>\nque nos an mandat lo messatge<br \/>\nque j\u00f2i dura mai qu&#8217;un instant.<\/p>\n<p>De Peire Cardenal, ieu canti,<br \/>\nque nos a apr\u00e9s lo coratge<br \/>\nde pas jamai faire silenci<br \/>\nquora governan lei mechants.<\/p>\n<p>N&#8217;av\u00e8m mai dins lo n\u00f2ste carri,<br \/>\nde que cafir un diccionari,<br \/>\ndrudari\u00e1, trobar e paratge,<br \/>\ntresaur per n\u00f2steis enfants.<\/p><\/blockquote>\n<p>&nbsp;<\/p>\n<h4>El text llegit<\/h4>\n<p>&nbsp;<\/p>\n<h3>Fran\u00e7ois Ridel &#8220;Tatou&#8221;: l&#8217;autor<\/h3>\n<p><img loading=\"lazy\" decoding=\"async\" class=\"alignleft wp-image-8652\" src=\"http:\/\/projectes.xtec.cat\/occita\/wp-content\/uploads\/usu1295\/2017\/06\/2.jpg\" alt=\"2\" width=\"306\" height=\"300\" srcset=\"https:\/\/projectes.xtec.cat\/occita\/wp-content\/uploads\/usu1295\/2017\/06\/2.jpg 461w, https:\/\/projectes.xtec.cat\/occita\/wp-content\/uploads\/usu1295\/2017\/06\/2-300x294.jpg 300w\" sizes=\"auto, (max-width: 306px) 100vw, 306px\" \/>Fran\u00e7ois Ridel, conegut popularment com a Tatou, \u00e9s el cantant i compositor principal de moltes de les can\u00e7ons del grup de m\u00fasica marsell\u00e8s Massilia sound system. Nascut el 1959 a Par\u00eds, va cr\u00e9ixer a Ivry-sur-Seine, a la <em>banl\u00e8ga<\/em> parisenca, i va instal\u00b7lar-se a Marsella l&#8217;any 1978, quan tenia divuit anys. Els seus pares eren d&#8217;origen normand. El seu pare, policia. La seva mare treballava als transports p\u00fablics. Com que sovint estaven molt ocupats en les seves respectives feines, deixaven sovint el seu fill amb la conserge del seu bloc de pisos, Madame Court\u00e8s, que era origin\u00e0ria de Caussencs (al Gers, Gascunya) i el marit de la qual era catal\u00e0. En Fran\u00e7ois fins i tot passava els estius al Gers, i per tant va entrar en contacte amb un entorn que encara parlava occit\u00e0 en una edat matinera tot i viure a Par\u00eds. Justament, Madame Court\u00e8s anomenava Fran\u00e7ois &#8220;Fran\u00e7on&#8221;, diminutiu en occit\u00e0 del seu nom. Una nena de la seva edat, Catherine, de la qual tamb\u00e9 s&#8217;ocupaven els Court\u00e8s, no aconseguia de pronunciar el diminutiu en q\u00fcesti\u00f3 i l&#8217;anomenava &#8220;Tatou&#8221;, que esdevindria un dels pseud\u00f2nims m\u00e9s coneguts de la m\u00fasica i la cultura occitanes actuals.<\/p>\n<p><img loading=\"lazy\" decoding=\"async\" class=\"alignright wp-image-8649\" src=\"http:\/\/projectes.xtec.cat\/occita\/wp-content\/uploads\/usu1295\/2017\/06\/9.jpg\" alt=\"9\" width=\"322\" height=\"315\" srcset=\"https:\/\/projectes.xtec.cat\/occita\/wp-content\/uploads\/usu1295\/2017\/06\/9.jpg 461w, https:\/\/projectes.xtec.cat\/occita\/wp-content\/uploads\/usu1295\/2017\/06\/9-300x294.jpg 300w\" sizes=\"auto, (max-width: 322px) 100vw, 322px\" \/>Despr\u00e9s d&#8217;arribar a Marsella (on Tatou creia que podria parlar immediatament occit\u00e0 amb tothom, cosa que no va ser aix\u00ed), va entrar r\u00e0pidament en contacte amb l&#8217;ambient musical local, i s&#8217;uniria progressivament amb amics amb els quals acabaria formant Massilia sound system. L&#8217;any 1985 es convertiria en un inseparable de Ren\u00e9 Mazzarino, marsell\u00e8s de naixement per\u00f2 la fam\u00edlia del qual era d&#8217;origen itali\u00e0, que igualment havia entrat en contacte amb l&#8217;occit\u00e0 de jove, precisament a Gap, on la seva mare va arribar fugint dels bombardejos. Ridel (Tatou) i Mazzarino (conegut com a Papet J) s\u00f3n encara fins avui l&#8217;\u00e0nima de Massilia sound system. Aquest grup de Marsella reivindica no nom\u00e9s una feina de recuperaci\u00f3 cultural feta des de la base i des dels barris, sin\u00f3 que proclama que els MC s\u00f3n els descendents dels trobadors i d&#8217;alguns dels seus g\u00e8neres. Ridel ha esdevingut una icona de la cultura occitana i ha aconseguit fer-la arribar -amb els seus companys de Massilia- m\u00e9s enll\u00e0 dels l\u00edmits de l&#8217;occitanisme. Fa uns quants anys que les seves composicions no nom\u00e9s se senten a trav\u00e9s dels enregistraments de Masssilia i el rap o els ritmes jamaicans, sin\u00f3 que tamb\u00e9 han pres un aire ac\u00fastic mitjan\u00e7ant la formaci\u00f3 Moussu T e lei Jovents (\u00e9s a dir: el senyor T, Tatou, i la colla de joves).<br \/>\n&nbsp;<\/p>\n<h3>Proposta did\u00e0ctica<\/h3>\n<p style=\"text-align: center;\"><iframe loading=\"lazy\" src=\"https:\/\/drive.google.com\/file\/d\/0ByILylm1AhSQSTZ1bWZKeWhLbzg\/preview\" width=\"640\" height=\"480\"><\/iframe><\/p>\n","protected":false},"excerpt":{"rendered":"<p>Recollint la tradici\u00f3 dels trobadors de l&#8217;\u00e8poca medieval, Massilia Sound System canta les bondats d&#8217;aquests poetes de la fin&#8217;amor.&hellip;  <a href=\"https:\/\/projectes.xtec.cat\/occita\/rota-literariaculturala\/lei-companhs-de-finamor-de-francois-ridel-1r-btx\/\" title=\"Read &#8220;Lei companhs de fin&#8217;amor&#8221;, de Fran\u00e7ois Ridel (1r BTX)\">Llegeix m\u00e9s\u00bb<\/a><\/p>\n","protected":false},"author":1,"featured_media":8656,"comment_status":"open","ping_status":"closed","sticky":false,"template":"","format":"standard","meta":{"_bbp_topic_count":0,"_bbp_reply_count":0,"_bbp_total_topic_count":0,"_bbp_total_reply_count":0,"_bbp_voice_count":0,"_bbp_anonymous_reply_count":0,"_bbp_topic_count_hidden":0,"_bbp_reply_count_hidden":0,"_bbp_forum_subforum_count":0,"footnotes":""},"categories":[280],"tags":[290,287,289,297],"class_list":["post-8648","post","type-post","status-publish","format-standard","has-post-thumbnail","hentry","category-rota-literariaculturala","tag-1r-btx","tag-batxillerat","tag-llengua-catalana-i-literatura","tag-occita-provencal"],"post_mailing_queue_ids":[],"_links":{"self":[{"href":"https:\/\/projectes.xtec.cat\/occita\/wp-json\/wp\/v2\/posts\/8648","targetHints":{"allow":["GET"]}}],"collection":[{"href":"https:\/\/projectes.xtec.cat\/occita\/wp-json\/wp\/v2\/posts"}],"about":[{"href":"https:\/\/projectes.xtec.cat\/occita\/wp-json\/wp\/v2\/types\/post"}],"author":[{"embeddable":true,"href":"https:\/\/projectes.xtec.cat\/occita\/wp-json\/wp\/v2\/users\/1"}],"replies":[{"embeddable":true,"href":"https:\/\/projectes.xtec.cat\/occita\/wp-json\/wp\/v2\/comments?post=8648"}],"version-history":[{"count":3,"href":"https:\/\/projectes.xtec.cat\/occita\/wp-json\/wp\/v2\/posts\/8648\/revisions"}],"predecessor-version":[{"id":8658,"href":"https:\/\/projectes.xtec.cat\/occita\/wp-json\/wp\/v2\/posts\/8648\/revisions\/8658"}],"wp:featuredmedia":[{"embeddable":true,"href":"https:\/\/projectes.xtec.cat\/occita\/wp-json\/wp\/v2\/media\/8656"}],"wp:attachment":[{"href":"https:\/\/projectes.xtec.cat\/occita\/wp-json\/wp\/v2\/media?parent=8648"}],"wp:term":[{"taxonomy":"category","embeddable":true,"href":"https:\/\/projectes.xtec.cat\/occita\/wp-json\/wp\/v2\/categories?post=8648"},{"taxonomy":"post_tag","embeddable":true,"href":"https:\/\/projectes.xtec.cat\/occita\/wp-json\/wp\/v2\/tags?post=8648"}],"curies":[{"name":"wp","href":"https:\/\/api.w.org\/{rel}","templated":true}]}}