{"id":8682,"date":"2017-06-22T12:30:57","date_gmt":"2017-06-22T10:30:57","guid":{"rendered":"http:\/\/projectes.xtec.cat\/occita\/?p=8682"},"modified":"2017-06-22T12:30:57","modified_gmt":"2017-06-22T10:30:57","slug":"un-trin-que-sen-va-de-pau-nadau-i-la-nova-cancon-occitana-1r-btx","status":"publish","type":"post","link":"https:\/\/projectes.xtec.cat\/occita\/rota-literariaculturala\/un-trin-que-sen-va-de-pau-nadau-i-la-nova-cancon-occitana-1r-btx\/","title":{"rendered":"Un trin que se&#8217;n va de Pau: Nadau i la N\u00f2va Can\u00e7on Occitana (1r BTX)"},"content":{"rendered":"<h2 style=\"text-align: center;\"><em>Un trin que se&#8217;n va de Pau<\/em>: Nadau i la N\u00f2va Can\u00e7on Occitana<\/h2>\n<p>&nbsp;<\/p>\n<h3>El text: &#8220;Un trin que se&#8217;n va de Pau&#8221;<\/h3>\n<p>&nbsp;<\/p>\n<blockquote><p>Un trin que se&#8217;n va de Pau<br \/>\ne l&#8217;autre que i arriba,<br \/>\nsegur, que l&#8217;autre que i arriba.<br \/>\nQu&#8217;ei la vita e qu&#8217;ei atau,<br \/>\nadishatz monde e la companhia,<br \/>\ntot dimenge ser que plau.<\/p>\n<p><img loading=\"lazy\" decoding=\"async\" class=\"wp-image-8688  alignright\" src=\"http:\/\/projectes.xtec.cat\/occita\/wp-content\/uploads\/usu1295\/2017\/06\/1280px-Paugare-1024x768.jpg\" alt=\"1280px-Paugare\" width=\"508\" height=\"381\" srcset=\"https:\/\/projectes.xtec.cat\/occita\/wp-content\/uploads\/usu1295\/2017\/06\/1280px-Paugare-1024x768.jpg 1024w, https:\/\/projectes.xtec.cat\/occita\/wp-content\/uploads\/usu1295\/2017\/06\/1280px-Paugare-300x225.jpg 300w, https:\/\/projectes.xtec.cat\/occita\/wp-content\/uploads\/usu1295\/2017\/06\/1280px-Paugare-768x576.jpg 768w, https:\/\/projectes.xtec.cat\/occita\/wp-content\/uploads\/usu1295\/2017\/06\/1280px-Paugare-200x150.jpg 200w, https:\/\/projectes.xtec.cat\/occita\/wp-content\/uploads\/usu1295\/2017\/06\/1280px-Paugare.jpg 1280w\" sizes=\"auto, (max-width: 508px) 100vw, 508px\" \/>Una hemna qu&#8217;ei la baish,<br \/>\ntan ber\u00f2ia e tan triste,<br \/>\nsegur, tan ber\u00f2ia e tan triste.<br \/>\nQu&#8217;ei la vita e qu&#8217;ei atau,<br \/>\nadishatz monde e la companhia,<br \/>\ntot dimenge ser que plau.<\/p>\n<p>Jo me&#8217;n vau ent\u00e0 Par\u00eds,<br \/>\nela lh\u00e8u t\u00e0 Tolosa,<br \/>\njo me&#8217;n vau ent\u00e0 Par\u00eds,<br \/>\nela lh\u00e8u t\u00e0 Tolosa,<br \/>\nsegur que se&#8217;n va t\u00e0 Tolosa.<br \/>\nQu&#8217;ei la vita e qu&#8217;ei atau,<br \/>\nadishatz monde e la companhia,<br \/>\ntot dimenge ser que plau.<\/p>\n<p>Ne saur\u00e0 pas jamei \u00e7\u00f2<br \/>\nque l&#8217;auri\u00e1i volut d\u00edser,<br \/>\nne saur\u00e0 pas jamei \u00e7\u00f2<br \/>\nque l&#8217;auri\u00e1i volut d\u00edser,<br \/>\nsegur que li auri\u00e1i volut d\u00edser.<br \/>\nQu&#8217;ei la vita e qu&#8217;ei atau,<br \/>\nadishatz monde e la companhia,<br \/>\ntot dimenge ser que plau.<\/p><\/blockquote>\n<p>&nbsp;<\/p>\n<h4>El text llegit<\/h4>\n<p style=\"text-align: center;\"><iframe loading=\"lazy\" src=\"https:\/\/www.youtube.com\/embed\/VeKyNrRL3gk\" width=\"560\" height=\"315\" frameborder=\"0\" allowfullscreen=\"allowfullscreen\"><\/iframe><\/p>\n<p>&nbsp;<\/p>\n<h4>Comentari sobre el text<\/h4>\n<p><img loading=\"lazy\" decoding=\"async\" class=\"aligncenter wp-image-8684 size-large\" src=\"http:\/\/projectes.xtec.cat\/occita\/wp-content\/uploads\/usu1295\/2017\/06\/Pau-un-trin_1-723x1024.jpg\" alt=\"Pau-un trin_1\" width=\"723\" height=\"1024\" srcset=\"https:\/\/projectes.xtec.cat\/occita\/wp-content\/uploads\/usu1295\/2017\/06\/Pau-un-trin_1-723x1024.jpg 723w, https:\/\/projectes.xtec.cat\/occita\/wp-content\/uploads\/usu1295\/2017\/06\/Pau-un-trin_1-212x300.jpg 212w, https:\/\/projectes.xtec.cat\/occita\/wp-content\/uploads\/usu1295\/2017\/06\/Pau-un-trin_1-768x1087.jpg 768w, https:\/\/projectes.xtec.cat\/occita\/wp-content\/uploads\/usu1295\/2017\/06\/Pau-un-trin_1.jpg 1239w\" sizes=\"auto, (max-width: 723px) 100vw, 723px\" \/><\/p>\n<p>&nbsp;<\/p>\n<p style=\"text-align: center;\"><iframe loading=\"lazy\" src=\"https:\/\/drive.google.com\/file\/d\/0ByILylm1AhSQWXFNR0YxQ1hUY1E\/preview\" width=\"640\" height=\"480\"><\/iframe><\/p>\n<p>&nbsp;<\/p>\n<h3>Nadau: l&#8217;autor<\/h3>\n<p><img loading=\"lazy\" decoding=\"async\" class=\"aligncenter wp-image-8683 size-large\" src=\"http:\/\/projectes.xtec.cat\/occita\/wp-content\/uploads\/usu1295\/2017\/06\/Nadau_un-trin1-723x1024.jpg\" alt=\"Nadau_un trin1\" width=\"723\" height=\"1024\" srcset=\"https:\/\/projectes.xtec.cat\/occita\/wp-content\/uploads\/usu1295\/2017\/06\/Nadau_un-trin1-723x1024.jpg 723w, https:\/\/projectes.xtec.cat\/occita\/wp-content\/uploads\/usu1295\/2017\/06\/Nadau_un-trin1-212x300.jpg 212w, https:\/\/projectes.xtec.cat\/occita\/wp-content\/uploads\/usu1295\/2017\/06\/Nadau_un-trin1-768x1087.jpg 768w, https:\/\/projectes.xtec.cat\/occita\/wp-content\/uploads\/usu1295\/2017\/06\/Nadau_un-trin1.jpg 1239w\" sizes=\"auto, (max-width: 723px) 100vw, 723px\" \/><br \/>\n&nbsp;<\/p>\n<h3>Proposta did\u00e0ctica<\/h3>\n<p style=\"text-align: center;\"><iframe loading=\"lazy\" src=\"https:\/\/drive.google.com\/file\/d\/0ByILylm1AhSQMHZtODEyeXM3aE0\/preview\" width=\"640\" height=\"480\"><\/iframe><\/p>\n","protected":false},"excerpt":{"rendered":"<p>Un trin que se&#8217;n va de Pau e l&#8217;autre que i arriba, segur, que l&#8217;autre que i arriba&#8230;&hellip;  <a href=\"https:\/\/projectes.xtec.cat\/occita\/rota-literariaculturala\/un-trin-que-sen-va-de-pau-nadau-i-la-nova-cancon-occitana-1r-btx\/\" title=\"Read Un trin que se&#8217;n va de Pau: Nadau i la N\u00f2va Can\u00e7on Occitana (1r BTX)\">Llegeix m\u00e9s\u00bb<\/a><\/p>\n","protected":false},"author":1,"featured_media":8312,"comment_status":"open","ping_status":"closed","sticky":false,"template":"","format":"standard","meta":{"_bbp_topic_count":0,"_bbp_reply_count":0,"_bbp_total_topic_count":0,"_bbp_total_reply_count":0,"_bbp_voice_count":0,"_bbp_anonymous_reply_count":0,"_bbp_topic_count_hidden":0,"_bbp_reply_count_hidden":0,"_bbp_forum_subforum_count":0,"footnotes":""},"categories":[280],"tags":[290,287,289,288],"class_list":["post-8682","post","type-post","status-publish","format-standard","has-post-thumbnail","hentry","category-rota-literariaculturala","tag-1r-btx","tag-batxillerat","tag-llengua-catalana-i-literatura","tag-occita-gasco"],"post_mailing_queue_ids":[],"_links":{"self":[{"href":"https:\/\/projectes.xtec.cat\/occita\/wp-json\/wp\/v2\/posts\/8682","targetHints":{"allow":["GET"]}}],"collection":[{"href":"https:\/\/projectes.xtec.cat\/occita\/wp-json\/wp\/v2\/posts"}],"about":[{"href":"https:\/\/projectes.xtec.cat\/occita\/wp-json\/wp\/v2\/types\/post"}],"author":[{"embeddable":true,"href":"https:\/\/projectes.xtec.cat\/occita\/wp-json\/wp\/v2\/users\/1"}],"replies":[{"embeddable":true,"href":"https:\/\/projectes.xtec.cat\/occita\/wp-json\/wp\/v2\/comments?post=8682"}],"version-history":[{"count":3,"href":"https:\/\/projectes.xtec.cat\/occita\/wp-json\/wp\/v2\/posts\/8682\/revisions"}],"predecessor-version":[{"id":8690,"href":"https:\/\/projectes.xtec.cat\/occita\/wp-json\/wp\/v2\/posts\/8682\/revisions\/8690"}],"wp:featuredmedia":[{"embeddable":true,"href":"https:\/\/projectes.xtec.cat\/occita\/wp-json\/wp\/v2\/media\/8312"}],"wp:attachment":[{"href":"https:\/\/projectes.xtec.cat\/occita\/wp-json\/wp\/v2\/media?parent=8682"}],"wp:term":[{"taxonomy":"category","embeddable":true,"href":"https:\/\/projectes.xtec.cat\/occita\/wp-json\/wp\/v2\/categories?post=8682"},{"taxonomy":"post_tag","embeddable":true,"href":"https:\/\/projectes.xtec.cat\/occita\/wp-json\/wp\/v2\/tags?post=8682"}],"curies":[{"name":"wp","href":"https:\/\/api.w.org\/{rel}","templated":true}]}}