{"id":9036,"date":"2021-01-26T13:18:14","date_gmt":"2021-01-26T12:18:14","guid":{"rendered":"https:\/\/projectes.xtec.cat\/occita\/?p=9036"},"modified":"2021-02-22T12:39:51","modified_gmt":"2021-02-22T11:39:51","slug":"talhier-en-linha-parlem-occitan","status":"publish","type":"post","link":"https:\/\/projectes.xtec.cat\/occita\/occitania-e-loccitan\/talhier-en-linha-parlem-occitan\/","title":{"rendered":"Talhi\u00e8r en linha:  \u201cParlem occitan!\u201d"},"content":{"rendered":"<p><span style=\"font-weight: 400;\"><a href=\"https:\/\/projectes.xtec.cat\/occita\/wp-content\/uploads\/usu1295\/2021\/01\/talhi\u00e8r-_parlem_occitan_.jpg\"><img loading=\"lazy\" decoding=\"async\" class=\" wp-image-9037 alignleft\" src=\"https:\/\/projectes.xtec.cat\/occita\/wp-content\/uploads\/usu1295\/2021\/01\/talhi\u00e8r-_parlem_occitan_-724x1024.jpg\" alt=\"\" width=\"306\" height=\"433\" data-wp-editing=\"1\" srcset=\"https:\/\/projectes.xtec.cat\/occita\/wp-content\/uploads\/usu1295\/2021\/01\/talhi\u00e8r-_parlem_occitan_-724x1024.jpg 724w, https:\/\/projectes.xtec.cat\/occita\/wp-content\/uploads\/usu1295\/2021\/01\/talhi\u00e8r-_parlem_occitan_-212x300.jpg 212w, https:\/\/projectes.xtec.cat\/occita\/wp-content\/uploads\/usu1295\/2021\/01\/talhi\u00e8r-_parlem_occitan_-768x1086.jpg 768w, https:\/\/projectes.xtec.cat\/occita\/wp-content\/uploads\/usu1295\/2021\/01\/talhi\u00e8r-_parlem_occitan_.jpg 1414w\" sizes=\"auto, (max-width: 306px) 100vw, 306px\" \/><\/a><\/span><\/p>\n<p><span style=\"font-weight: 400;\">El<\/span><a href=\"https:\/\/caoc.cat\/\"><span style=\"font-weight: 400;\"> Cercle d\u2019Agermanament Occitano &#8211; Catal\u00e0<\/span><\/a><span style=\"font-weight: 400;\">, l\u2019associaci\u00f3 que treballa per promoure i fer con\u00e8ixer les arrels comunes entre la societat catalana i occitana, ofereix un taller de llengua occitana en l\u00ednia adre\u00e7at a les persones que volen practicar i millorar l\u2019expressi\u00f3 oral en occit\u00e0. \u00c9s un taller de 10 h formatives que t\u00e9 com a objectiu que els usuaris adquireixin m\u00e9s flu\u00efdesa, comprensi\u00f3 i domini de la llengua. Des del CAOC recomanen que els participants tinguin un nivell de llengua intermedi 1 (B1 del MCER)\u00a0 de llengua occitana a l\u2019hora d\u2019inscriure\u2019s al curs. La formaci\u00f3 es portar\u00e0 a terme mitjan\u00e7ant sessions s\u00edncrones de videoconfer\u00e8ncia.\u00a0<\/span><\/p>\n<p><strong>Dates: <\/strong><span style=\"font-weight: 400;\">Dimecres 3 de febrer \/ 17 de febrer \/ 3 de mar\u00e7 \/ 17 de mar\u00e7 \/ 24 de mar\u00e7 de 2021<\/span><\/p>\n<p><strong>Horari:\u00a0<\/strong><span style=\"font-weight: 400;\">De 18h30 a 20h30<\/span><\/p>\n<p><strong>Preu:\u00a0<\/strong><span style=\"font-weight: 400;\">37\u20ac (Per a socis del CAOC 30\u20ac)<\/span><\/p>\n<p><strong>Inscripcions mitjan\u00e7ant correu electr\u00f2nic o tel\u00e8fon:\u00a0<\/strong><\/p>\n<p><a href=\"mailto:caoc@caoc.cat\"><span style=\"font-weight: 400;\">caoc@caoc.cat<\/span><\/a><span style=\"font-weight: 400;\"> \/ 932843634<\/span><\/p>\n","protected":false},"excerpt":{"rendered":"<p>El Cercle d\u2019Agermanament Occitano &#8211; Catal\u00e0, l\u2019associaci\u00f3 que treballa per promoure i fer con\u00e8ixer les arrels comunes entre la societat catalana i occitana, ofereix un taller de llengua occitana en l\u00ednia adre\u00e7at a les persones que volen practicar i millorar l\u2019expressi\u00f3 oral en occit\u00e0. \u00c9s un taller de 10 h formatives que t\u00e9 com a objectiu que els usuaris adquireixin m\u00e9s flu\u00efdesa, comprensi\u00f3 i domini de la llengua. Des del CAOC recomanen que els participants tinguin un nivell de llengua intermedi 1 (B1 del MCER)\u00a0 de llengua occitana a l\u2019hora d\u2019inscriure\u2019s al curs. La formaci\u00f3 es portar\u00e0 a terme mitjan\u00e7ant sessions s\u00edncrones de videoconfer\u00e8ncia.\u00a0&hellip;  <a href=\"https:\/\/projectes.xtec.cat\/occita\/occitania-e-loccitan\/talhier-en-linha-parlem-occitan\/\" title=\"Read Talhi\u00e8r en linha:  \u201cParlem occitan!\u201d\">Llegeix m\u00e9s\u00bb<\/a><\/p>\n","protected":false},"author":38,"featured_media":9042,"comment_status":"open","ping_status":"closed","sticky":false,"template":"","format":"standard","meta":{"_bbp_topic_count":0,"_bbp_reply_count":0,"_bbp_total_topic_count":0,"_bbp_total_reply_count":0,"_bbp_voice_count":0,"_bbp_anonymous_reply_count":0,"_bbp_topic_count_hidden":0,"_bbp_reply_count_hidden":0,"_bbp_forum_subforum_count":0,"footnotes":""},"categories":[329,338],"tags":[333,335,332,336,334,330,331,337],"class_list":["post-9036","post","type-post","status-publish","format-standard","has-post-thumbnail","hentry","category-occitania-e-loccitan","category-portisson","tag-apren","tag-caoc","tag-catala","tag-curs","tag-expressio-oral","tag-llengua","tag-occita","tag-taller"],"post_mailing_queue_ids":[],"_links":{"self":[{"href":"https:\/\/projectes.xtec.cat\/occita\/wp-json\/wp\/v2\/posts\/9036","targetHints":{"allow":["GET"]}}],"collection":[{"href":"https:\/\/projectes.xtec.cat\/occita\/wp-json\/wp\/v2\/posts"}],"about":[{"href":"https:\/\/projectes.xtec.cat\/occita\/wp-json\/wp\/v2\/types\/post"}],"author":[{"embeddable":true,"href":"https:\/\/projectes.xtec.cat\/occita\/wp-json\/wp\/v2\/users\/38"}],"replies":[{"embeddable":true,"href":"https:\/\/projectes.xtec.cat\/occita\/wp-json\/wp\/v2\/comments?post=9036"}],"version-history":[{"count":4,"href":"https:\/\/projectes.xtec.cat\/occita\/wp-json\/wp\/v2\/posts\/9036\/revisions"}],"predecessor-version":[{"id":9157,"href":"https:\/\/projectes.xtec.cat\/occita\/wp-json\/wp\/v2\/posts\/9036\/revisions\/9157"}],"wp:featuredmedia":[{"embeddable":true,"href":"https:\/\/projectes.xtec.cat\/occita\/wp-json\/wp\/v2\/media\/9042"}],"wp:attachment":[{"href":"https:\/\/projectes.xtec.cat\/occita\/wp-json\/wp\/v2\/media?parent=9036"}],"wp:term":[{"taxonomy":"category","embeddable":true,"href":"https:\/\/projectes.xtec.cat\/occita\/wp-json\/wp\/v2\/categories?post=9036"},{"taxonomy":"post_tag","embeddable":true,"href":"https:\/\/projectes.xtec.cat\/occita\/wp-json\/wp\/v2\/tags?post=9036"}],"curies":[{"name":"wp","href":"https:\/\/api.w.org\/{rel}","templated":true}]}}