{"id":9188,"date":"2021-03-02T11:40:12","date_gmt":"2021-03-02T10:40:12","guid":{"rendered":"https:\/\/projectes.xtec.cat\/occita\/?p=9188"},"modified":"2021-03-12T11:11:33","modified_gmt":"2021-03-12T10:11:33","slug":"certifica-el-teu-nivell-de-llengua-aranesa-occitana","status":"publish","type":"post","link":"https:\/\/projectes.xtec.cat\/occita\/general\/certifica-el-teu-nivell-de-llengua-aranesa-occitana\/","title":{"rendered":"Certifica el teu nivell de llengua occitana"},"content":{"rendered":"<p style=\"font-family: 'Helvetica Neue', Helvetica, Helvetica, Arial, sans-serif; font-size: 16px;\"><img loading=\"lazy\" decoding=\"async\" class=\"wp-image-9189 alignright\" src=\"https:\/\/projectes.xtec.cat\/occita\/wp-content\/uploads\/usu1295\/2021\/03\/logo1.png\" alt=\"\" width=\"356\" height=\"75\" srcset=\"https:\/\/projectes.xtec.cat\/occita\/wp-content\/uploads\/usu1295\/2021\/03\/logo1.png 361w, https:\/\/projectes.xtec.cat\/occita\/wp-content\/uploads\/usu1295\/2021\/03\/logo1-300x63.png 300w\" sizes=\"auto, (max-width: 356px) 100vw, 356px\" \/><\/p>\n<p><span style=\"font-weight: 400;\">El <\/span><a style=\"font-family: inherit; font-size: 1em;\" href=\"https:\/\/www.conselharan.org\/aranes.\">Conselh Generau d\u2019Aran<\/a><span style=\"font-weight: 400;\"> ha convocat proves per a l\u2019obtenci\u00f3 de certificats oficials de llengua occitana (aran\u00e8s).<\/span><\/p>\n<ul>\n<li aria-level=\"1\"><b>A qui va dirigit?\u00a0<\/b><\/li>\n<\/ul>\n<p><span style=\"font-weight: 400;\">A tots els parlants de llengua occitana (aran\u00e8s) de m\u00e9s de <\/span><b>17 anys.<\/b><span style=\"font-weight: 400;\">\u00a0<\/span><\/p>\n<ul>\n<li aria-level=\"1\"><b>Quin nivell puc certificar?<\/b><\/li>\n<\/ul>\n<p><span style=\"font-weight: 400;\">Es pot certificar des de el nivell <\/span><b>A1<\/b><span style=\"font-weight: 400;\"> fins al nivell <\/span><b>C1 del MCE<\/b><b style=\"font-family: inherit; font-size: 1em;\">R<\/b><span style=\"font-weight: 400;\">. Encara que pel nivell C1 cal certificar el nivell B2 pr\u00e8viament.\u00a0<\/span><\/p>\n<ul>\n<li aria-level=\"1\"><b>On tindran lloc les convocat\u00f2ries?<\/b><\/li>\n<\/ul>\n<p><span style=\"font-weight: 400;\">A Vielha, entre el <\/span><b>24 i el 31 de maig<\/b><span style=\"font-weight: 400;\">, es realitzaran proves de tots els nivells de llengua i, a Barcelona, entre els dies <\/span><b>3 i 27 de maig<\/b><span style=\"font-weight: 400;\">, es faran proves \u00fanicament del nivell B1.\u00a0 A m\u00e9s, est\u00e0 previst que al mes de setembre es faci una altra convocat\u00f2ria.\u00a0<\/span><\/p>\n<p><span style=\"text-decoration: underline;\"><span style=\"font-weight: 400;\">Convocat\u00f2ria a Vielha a l&#8217;Institut d&#8217;Aran i a l&#8217;Escola Garona de Vielha:<\/span><\/span><\/p>\n<p><span style=\"font-weight: 400;\">&#8211; Nivell A1:<\/span><\/p>\n<p><span style=\"font-weight: 400;\">Prova oral: dilluns, 24 de maig de 2021 a les 18.00 hores (on line)<\/span><\/p>\n<p><span style=\"font-weight: 400;\">Prova escrita: dilluns, 31 de maig de 2021 a les 18.00 hores (Institut d&#8217;Aran)<\/span><\/p>\n<p><span style=\"font-weight: 400;\">&#8211; Nivell A2:<\/span><\/p>\n<p><span style=\"font-weight: 400;\">Prova oral: dilluns, 24 de maig de 2021 a les 18.00 hores (on line)<\/span><\/p>\n<p><span style=\"font-weight: 400;\">Prova escrita: dilluns, 31 de maig de 2021 a les 18.00 hores (Esc\u00f2la Garona)<\/span><\/p>\n<p><span style=\"font-weight: 400;\">&#8211; Nivell B1:<\/span><\/p>\n<p><span style=\"font-weight: 400;\">Prova oral: dilluns, 24 de maig de 2021 a les 18.00 hores (on line)<\/span><\/p>\n<p><span style=\"font-weight: 400;\">Prova escrita: dilluns, 31 de maig de 2021 a les 18.00 hores (Esc\u00f2la Garona)<\/span><\/p>\n<p><span style=\"font-weight: 400;\">&#8211; Nivell B2:<\/span><\/p>\n<p><span style=\"font-weight: 400;\">Prova oral: dilluns, 24 de maig de 2021 a les 18.00 hores (on line)<\/span><\/p>\n<p><span style=\"font-weight: 400;\">Prova escrita: dilluns, 31 de maig de 2021 a les 18.00 hores (Institut d&#8217;Aran)<\/span><\/p>\n<p><span style=\"font-weight: 400;\">&#8211; Nivell C1:<\/span><\/p>\n<p><span style=\"font-weight: 400;\">Prova oral: dimarts, 29 de juny de 2021 a les 18.00 hores (on line)<\/span><\/p>\n<p><span style=\"font-weight: 400;\">Prova escrita: dimecres, 30 de juny de 2021 a les 18.00 hores (Institut d&#8217;Aran)<\/span><\/p>\n<p><span style=\"text-decoration: underline;\"><span style=\"font-weight: 400;\">Convocat\u00f2ria a Barcelona<\/span><\/span><\/p>\n<p><span style=\"font-weight: 400;\">&#8211; Nivell B1:\u00a0<\/span><\/p>\n<p><span style=\"font-weight: 400;\">Prova oral: dijous, 27 de juny de 2021 a les 18.00 hores (on line)<\/span><\/p>\n<p><span style=\"font-weight: 400;\">Prova escrita: dijous, 3 de juny de 2021 a les 18.00 hores (a la Direcci\u00f3 General de Pol\u00edtica Ling\u00fc\u00edstica de la Generalitat de Catalunya, portal St. Madrona, 6-8 de Barcelona (08001))<\/span><\/p>\n<ul>\n<li aria-level=\"1\"><b>Quin preu t\u00e9?<\/b><\/li>\n<\/ul>\n<p><span style=\"font-weight: 400;\">Les persones que es presenten per lliure a l&#8217;examen a trav\u00e9s del web del <\/span><a href=\"https:\/\/www.conselharan.org\/aranes.\"><span style=\"font-weight: 400;\">Conselh Generau d&#8217;Aran<\/span><\/a><span style=\"font-weight: 400;\"> han de fer la inscripci\u00f3 a l&#8217;examen entre els dies<\/span><b> 3 i el 17 de maig<\/b><span style=\"font-weight: 400;\"> i fer un abonament dels drets d&#8217;examen que \u00e9s de 52\u202f\u20ac a la Vall d&#8217;Aran i de 72\u202f\u20ac a Barcelona.<\/span><\/p>\n<p><img loading=\"lazy\" decoding=\"async\" class=\" wp-image-9190 alignright\" src=\"https:\/\/projectes.xtec.cat\/occita\/wp-content\/uploads\/usu1295\/2021\/03\/logo2.png\" alt=\"\" width=\"192\" height=\"172\" \/><\/p>\n<p>&nbsp;<\/p>\n<p><span style=\"font-weight: 400;\">L\u2019<\/span><a href=\"https:\/\/www.ofici-occitan.eu\/oc\/desiratz-certificar-vostras-competencias-en-occitan\/\"><span style=\"font-weight: 400;\">Ofici p\u00fablic de la lenga occitana<\/span><\/a><span style=\"font-weight: 400;\">, per tal de promoure l&#8217;\u00fas de la llengua occitana dins l&#8217;\u00e0mbit<\/span><span style=\"font-weight: 400;\"> professional, ofereix una ajuda financera als parlants de llengua<\/span><span style=\"font-weight: 400;\">\u00a0occitana que vulguin certificar el seu nivell de llengua amb el<\/span><b style=\"font-family: inherit; font-size: 1em;\"> dipl\u00f3ma de compet\u00e9ncia en lenga (DCL) occitan.<\/b><\/p>\n<ul>\n<li aria-level=\"1\"><b>A qui va dirigit?<\/b><\/li>\n<\/ul>\n<p><span style=\"font-weight: 400;\">A qualsevol persona que tingui una m\u00ednima compet\u00e8ncia ling\u00fc\u00edstica en llengua occitana: assalariats, persones en atur, estudiants, particulars\u2026\u00a0<\/span><\/p>\n<ul>\n<li aria-level=\"1\"><b>Quin nivell puc certificar?<\/b><\/li>\n<\/ul>\n<p><span style=\"font-weight: 400;\">Es pot certificar els <strong>5 nivells<\/strong>, des de principiant fins a expert, del MCER.\u00a0<\/span><\/p>\n<ul>\n<li aria-level=\"1\"><b>On tindran lloc les convocat\u00f2ries?<\/b><\/li>\n<\/ul>\n<p><span style=\"font-weight: 400;\">Les convocat\u00f2ries tindran lloc el <strong>26 de maig<\/strong> als diferents centres d\u2019ex\u00e0mens de <strong>Bordeaux, Limoges, Montpellier et Toulouse.<\/strong><\/span><\/p>\n<ul>\n<li aria-level=\"1\"><b>Quin preu t\u00e9?<\/b><\/li>\n<\/ul>\n<p><span style=\"font-weight: 400;\">El preu de l&#8217;examen \u00e9s de 100 \u20ac. Encara que L\u2019Ofici p\u00fablic de la lenga occitana cobreix el 80% de les despeses als candidats de Nov\u00e8la-Aquit\u00e0nia i Occit\u00e0nia que justifiquin que certificaran el nivell per a fins professionals.\u00a0<\/span><\/p>\n","protected":false},"excerpt":{"rendered":"<p>El <a style=\"font-family: inherit; font-size: 1em;\" href=\"https:\/\/www.conselharan.org\/aranes.\">Conselh Generau d\u2019Aran<\/a> ha convocat proves per a l\u2019obtenci\u00f3 de certificats oficials de llengua occitana (aran\u00e8s).<\/p>\n<ul>\n<li aria-level=\"1\">A qui va dirigit?\u00a0<\/li>\n<\/ul>\n<p>A tots els parlants de llengua occitana (aran\u00e8s) de m\u00e9s de 17 anys.\u00a0<\/p>\n<ul>\n<li aria-level=\"1\">Quin nivell puc certificar?<\/li>\n<\/ul>\n<p>Es pot certificar des&hellip;  <a href=\"https:\/\/projectes.xtec.cat\/occita\/general\/certifica-el-teu-nivell-de-llengua-aranesa-occitana\/\" title=\"Read Certifica el teu nivell de llengua occitana\">Llegeix m\u00e9s\u00bb<\/a><\/p>\n","protected":false},"author":38,"featured_media":9191,"comment_status":"open","ping_status":"closed","sticky":false,"template":"","format":"standard","meta":{"_bbp_topic_count":0,"_bbp_reply_count":0,"_bbp_total_topic_count":0,"_bbp_total_reply_count":0,"_bbp_voice_count":0,"_bbp_anonymous_reply_count":0,"_bbp_topic_count_hidden":0,"_bbp_reply_count_hidden":0,"_bbp_forum_subforum_count":0,"footnotes":""},"categories":[1,329],"tags":[339,362,360,359,361,331],"class_list":["post-9188","post","type-post","status-publish","format-standard","has-post-thumbnail","hentry","category-general","category-occitania-e-loccitan","tag-aranes","tag-certificacions","tag-competencies","tag-examens","tag-nivell-de-llengua","tag-occita"],"post_mailing_queue_ids":[],"_links":{"self":[{"href":"https:\/\/projectes.xtec.cat\/occita\/wp-json\/wp\/v2\/posts\/9188","targetHints":{"allow":["GET"]}}],"collection":[{"href":"https:\/\/projectes.xtec.cat\/occita\/wp-json\/wp\/v2\/posts"}],"about":[{"href":"https:\/\/projectes.xtec.cat\/occita\/wp-json\/wp\/v2\/types\/post"}],"author":[{"embeddable":true,"href":"https:\/\/projectes.xtec.cat\/occita\/wp-json\/wp\/v2\/users\/38"}],"replies":[{"embeddable":true,"href":"https:\/\/projectes.xtec.cat\/occita\/wp-json\/wp\/v2\/comments?post=9188"}],"version-history":[{"count":3,"href":"https:\/\/projectes.xtec.cat\/occita\/wp-json\/wp\/v2\/posts\/9188\/revisions"}],"predecessor-version":[{"id":9220,"href":"https:\/\/projectes.xtec.cat\/occita\/wp-json\/wp\/v2\/posts\/9188\/revisions\/9220"}],"wp:featuredmedia":[{"embeddable":true,"href":"https:\/\/projectes.xtec.cat\/occita\/wp-json\/wp\/v2\/media\/9191"}],"wp:attachment":[{"href":"https:\/\/projectes.xtec.cat\/occita\/wp-json\/wp\/v2\/media?parent=9188"}],"wp:term":[{"taxonomy":"category","embeddable":true,"href":"https:\/\/projectes.xtec.cat\/occita\/wp-json\/wp\/v2\/categories?post=9188"},{"taxonomy":"post_tag","embeddable":true,"href":"https:\/\/projectes.xtec.cat\/occita\/wp-json\/wp\/v2\/tags?post=9188"}],"curies":[{"name":"wp","href":"https:\/\/api.w.org\/{rel}","templated":true}]}}