{"id":9231,"date":"2021-03-26T14:15:50","date_gmt":"2021-03-26T13:15:50","guid":{"rendered":"https:\/\/projectes.xtec.cat\/occita\/?p=9231"},"modified":"2021-03-26T14:15:50","modified_gmt":"2021-03-26T13:15:50","slug":"ii-concors-de-racontes-breus-en-occitan","status":"publish","type":"post","link":"https:\/\/projectes.xtec.cat\/occita\/general\/ii-concors-de-racontes-breus-en-occitan\/","title":{"rendered":"II Concors de racontes br\u00e8us en occitan"},"content":{"rendered":"<p><span style=\"font-weight: 400;\">El<\/span><strong><a href=\"https:\/\/caoc.cat\/\"> Cercle d\u2019Agermanament Occitano \u2013 Catal\u00e0<\/a><\/strong><span style=\"font-weight: 400;\"> organitza el <\/span><b>II Concors de racontes br\u00e8us en occitan \u2013 Enric Garriga Trullols<\/b><span style=\"font-weight: 400;\">. Es un concurs literari de tema i g\u00e8nere lliure. Les obres poden ser en qualsevol variant de la llengua occitana.\u00a0<\/span><\/p>\n<p><span style=\"font-weight: 400;\">Les obres es poden presentar en arxiu Word, PDF o Office Write i han de tenir una extensi\u00f3 d\u2019entre 10.000 i 12.000 car\u00e0cters. Els participants les hauran d\u2019enviar a l\u2019adre\u00e7a de correu <\/span><strong><a href=\"mailto:caoc@caoc.cat\">caoc@caoc.cat<\/a><\/strong><span style=\"font-weight: 400;\"> no m\u00e9s tard del <\/span><b>26 de mar\u00e7<\/b><span style=\"font-weight: 400;\">.\u00a0<\/span><\/p>\n<p><span style=\"font-weight: 400;\">El premi tindr\u00e0 lloc el<\/span><b> 24 d\u2019abril de 2021<\/b><span style=\"font-weight: 400;\"> en un acte p\u00fablic (si la pand\u00e8mia ho permet). Les tres millors obres podran optar als premis seg\u00fcents:<\/span><\/p>\n<ul>\n<li style=\"font-weight: 400;\" aria-level=\"1\"><span style=\"font-weight: 400;\">El primer guanyador tindr\u00e0 dret a inscriure\u2019s de manera gratu\u00efta a l\u2019Esc\u00f2la Occitana d\u2019Estiu, que es troba a Vilan\u00f2va d\u2019Olt<\/span><\/li>\n<li style=\"font-weight: 400;\" aria-level=\"1\"><span style=\"font-weight: 400;\">El segon guanyador podr\u00e0 inscriure\u2019s gratis a un curs d\u2019Occit\u00e0, m\u00e9s 50 \u20ac<\/span><\/li>\n<li style=\"font-weight: 400;\" aria-level=\"1\"><span style=\"font-weight: 400;\">El tercer guanyador podr\u00e0 inscriure\u2019s gratis a la Pujada al Port de Salau, organitzada pel CAOC, que tindr\u00e0 lloc el primer diumenge d\u2019agost, m\u00e9s 25 \u20ac<\/span><\/li>\n<li style=\"font-weight: 400;\" aria-level=\"1\"><span style=\"font-weight: 400;\">La resta de participants rebran un diploma de participaci\u00f3 i llibres en occit\u00e0<\/span><\/li>\n<\/ul>\n<p><span style=\"font-weight: 400;\">En aquest <\/span><strong><a href=\"https:\/\/caoc.cat\/wp-content\/uploads\/2021\/02\/Basas-2nd-Concors-de-racontes-breus-Enric-Garriga-Trullols.pdf\">enlla\u00e7<\/a><\/strong><span style=\"font-weight: 400;\"> podeu consultar les bases del concurs de manera m\u00e9s detallada.<\/span><\/p>\n<p><span style=\"font-weight: 400;\">Vos encoratjam a participar!<\/span><\/p>\n<p>&nbsp;<\/p>\n<p><img loading=\"lazy\" decoding=\"async\" class=\"wp-image-9232 aligncenter\" src=\"https:\/\/projectes.xtec.cat\/occita\/wp-content\/uploads\/usu1295\/2021\/03\/Captura.jpg\" alt=\"\" width=\"409\" height=\"410\" srcset=\"https:\/\/projectes.xtec.cat\/occita\/wp-content\/uploads\/usu1295\/2021\/03\/Captura.jpg 631w, https:\/\/projectes.xtec.cat\/occita\/wp-content\/uploads\/usu1295\/2021\/03\/Captura-150x150.jpg 150w, https:\/\/projectes.xtec.cat\/occita\/wp-content\/uploads\/usu1295\/2021\/03\/Captura-300x300.jpg 300w\" sizes=\"auto, (max-width: 409px) 100vw, 409px\" \/><\/p>\n","protected":false},"excerpt":{"rendered":"<p>El<a href=\"https:\/\/caoc.cat\/\"> Cercle d\u2019Agermanament Occitano \u2013 Catal\u00e0<\/a> organitza el II Concors de racontes br\u00e8us en occitan \u2013 Enric Garriga Trullols. Es un concurs literari de tema i g\u00e8nere lliure. Les obres poden ser en qualsevol variant de la llengua occitana.\u00a0<br \/>\nLes obres es poden presentar en&hellip;  <a href=\"https:\/\/projectes.xtec.cat\/occita\/general\/ii-concors-de-racontes-breus-en-occitan\/\" title=\"Read II Concors de racontes br\u00e8us en occitan\">Llegeix m\u00e9s\u00bb<\/a><\/p>\n","protected":false},"author":38,"featured_media":9237,"comment_status":"open","ping_status":"closed","sticky":false,"template":"","format":"standard","meta":{"_bbp_topic_count":0,"_bbp_reply_count":0,"_bbp_total_topic_count":0,"_bbp_total_reply_count":0,"_bbp_voice_count":0,"_bbp_anonymous_reply_count":0,"_bbp_topic_count_hidden":0,"_bbp_reply_count_hidden":0,"_bbp_forum_subforum_count":0,"footnotes":""},"categories":[1,329],"tags":[339,335,368,294,340],"class_list":["post-9231","post","type-post","status-publish","format-standard","has-post-thumbnail","hentry","category-general","category-occitania-e-loccitan","tag-aranes","tag-caoc","tag-concurs","tag-lengua-occitana-aranes-e-literatura","tag-llengua-occitana"],"post_mailing_queue_ids":[],"_links":{"self":[{"href":"https:\/\/projectes.xtec.cat\/occita\/wp-json\/wp\/v2\/posts\/9231","targetHints":{"allow":["GET"]}}],"collection":[{"href":"https:\/\/projectes.xtec.cat\/occita\/wp-json\/wp\/v2\/posts"}],"about":[{"href":"https:\/\/projectes.xtec.cat\/occita\/wp-json\/wp\/v2\/types\/post"}],"author":[{"embeddable":true,"href":"https:\/\/projectes.xtec.cat\/occita\/wp-json\/wp\/v2\/users\/38"}],"replies":[{"embeddable":true,"href":"https:\/\/projectes.xtec.cat\/occita\/wp-json\/wp\/v2\/comments?post=9231"}],"version-history":[{"count":3,"href":"https:\/\/projectes.xtec.cat\/occita\/wp-json\/wp\/v2\/posts\/9231\/revisions"}],"predecessor-version":[{"id":9236,"href":"https:\/\/projectes.xtec.cat\/occita\/wp-json\/wp\/v2\/posts\/9231\/revisions\/9236"}],"wp:featuredmedia":[{"embeddable":true,"href":"https:\/\/projectes.xtec.cat\/occita\/wp-json\/wp\/v2\/media\/9237"}],"wp:attachment":[{"href":"https:\/\/projectes.xtec.cat\/occita\/wp-json\/wp\/v2\/media?parent=9231"}],"wp:term":[{"taxonomy":"category","embeddable":true,"href":"https:\/\/projectes.xtec.cat\/occita\/wp-json\/wp\/v2\/categories?post=9231"},{"taxonomy":"post_tag","embeddable":true,"href":"https:\/\/projectes.xtec.cat\/occita\/wp-json\/wp\/v2\/tags?post=9231"}],"curies":[{"name":"wp","href":"https:\/\/api.w.org\/{rel}","templated":true}]}}