{"id":9257,"date":"2021-04-15T12:00:27","date_gmt":"2021-04-15T10:00:27","guid":{"rendered":"https:\/\/projectes.xtec.cat\/occita\/?p=9257"},"modified":"2021-04-15T12:06:34","modified_gmt":"2021-04-15T10:06:34","slug":"cors-dintroduccion-au-gascon-en-linha","status":"publish","type":"post","link":"https:\/\/projectes.xtec.cat\/occita\/general\/cors-dintroduccion-au-gascon-en-linha\/","title":{"rendered":"Cors d&#8217;introduccion au gascon &#8211; en linha"},"content":{"rendered":"<p><span style=\"font-weight: 400;\">La setmana vinent comen\u00e7a el <\/span><b>&#8220;<a href=\"https:\/\/caoc.cat\/cors-dintroduccion-au-gascon-en-linha\/\">Cors d&#8217;introducci\u00f3n au gascon<\/a><\/b><span style=\"font-weight: 400;\">&#8221; ofert pel <\/span><strong><a href=\"https:\/\/caoc.cat\/\">Cercle d&#8217;Agermanament<\/a><a href=\"https:\/\/caoc.cat\/\">\u00a0Occitano-Catal\u00e0<\/a><\/strong><span style=\"font-weight: 400;\">. El curs t\u00e9 com a objectiu fer una <strong>revisi\u00f3 general del gasc\u00f3<\/strong> a trav\u00e9s de la seva <\/span><b>cultura popular<\/b><span style=\"font-weight: 400;\">. S&#8217;adre\u00e7a a qualsevol parlant de llengua occitana que estigui interessat en la cultura gascona i la llengua vehicular del curs ser\u00e0 l&#8217;occit\u00e0 <\/span><b>gasc\u00f3<\/b><span style=\"font-weight: 400;\">.\u00a0<\/span><\/p>\n<p><span style=\"font-weight: 400;\">S&#8217;organitzaran <\/span><b>quatre sessions en l\u00ednia<\/b><span style=\"font-weight: 400;\"> de dues hores cadascuna els dies <\/span><b>21 d&#8217;abril, 5 de maig, 19 de maig <\/b><span style=\"font-weight: 400;\">i <\/span><b>2 de juny<\/b><span style=\"font-weight: 400;\"> del 2021. L&#8217;horari d&#8217;aquestes sessions ser\u00e0 de <\/span><b>18:30\u202fh <\/b><span style=\"font-weight: 400;\">a<\/span><b> 19:30\u202fh<\/b><span style=\"font-weight: 400;\">. <\/span><\/p>\n<p><span style=\"font-weight: 400;\">El preu del curs \u00e9s de <\/span><b>45\u202f\u20ac<\/b><span style=\"font-weight: 400;\">.<\/span><\/p>\n<p><span style=\"font-weight: 400;\">La inscripci\u00f3 s\u2019ha de fer a trav\u00e9s del correu <\/span><a href=\"mailto:caoc@caoc.cat\"><span style=\"font-weight: 400;\">caoc@caoc.cat.<\/span><\/a><\/p>\n<p><span style=\"font-weight: 400;\">Us animem a participar-hi!<\/span><\/p>\n<p><img loading=\"lazy\" decoding=\"async\" class=\"wp-image-9259 aligncenter\" src=\"https:\/\/projectes.xtec.cat\/occita\/wp-content\/uploads\/usu1295\/2021\/04\/Cors-dintroduccion-au-gascon_page-0001-724x1024.jpg\" alt=\"\" width=\"555\" height=\"785\" srcset=\"https:\/\/projectes.xtec.cat\/occita\/wp-content\/uploads\/usu1295\/2021\/04\/Cors-dintroduccion-au-gascon_page-0001-724x1024.jpg 724w, https:\/\/projectes.xtec.cat\/occita\/wp-content\/uploads\/usu1295\/2021\/04\/Cors-dintroduccion-au-gascon_page-0001-212x300.jpg 212w, https:\/\/projectes.xtec.cat\/occita\/wp-content\/uploads\/usu1295\/2021\/04\/Cors-dintroduccion-au-gascon_page-0001-768x1086.jpg 768w, https:\/\/projectes.xtec.cat\/occita\/wp-content\/uploads\/usu1295\/2021\/04\/Cors-dintroduccion-au-gascon_page-0001.jpg 1241w\" sizes=\"auto, (max-width: 555px) 100vw, 555px\" \/><\/p>\n<p>&nbsp;<\/p>\n","protected":false},"excerpt":{"rendered":"<p>La setmana vinent comen\u00e7a el &#8220;Cors d&#8217;introducci\u00f3n au gascon&#8221; ofert pel Cercle d&#8217;Agermanament\u00a0Occitano-Catal\u00e0. El curs t\u00e9 com a objectiu fer una revisi\u00f3 general del gasc\u00f3 a trav\u00e9s de la seva cultura popular. S&#8217;adre\u00e7a a qualsevol parlant de llengua occitana que estigui interessat en la cultura gascona i la llengua vehicular del curs ser\u00e0 l&#8217;occit\u00e0 gasc\u00f3.&hellip;  <a href=\"https:\/\/projectes.xtec.cat\/occita\/general\/cors-dintroduccion-au-gascon-en-linha\/\" title=\"Read Cors d&#8217;introduccion au gascon &#8211; en linha\">Llegeix m\u00e9s\u00bb<\/a><\/p>\n","protected":false},"author":38,"featured_media":9264,"comment_status":"open","ping_status":"closed","sticky":false,"template":"","format":"standard","meta":{"_bbp_topic_count":0,"_bbp_reply_count":0,"_bbp_total_topic_count":0,"_bbp_total_reply_count":0,"_bbp_voice_count":0,"_bbp_anonymous_reply_count":0,"_bbp_topic_count_hidden":0,"_bbp_reply_count_hidden":0,"_bbp_forum_subforum_count":0,"footnotes":""},"categories":[1,329,338],"tags":[336,374,370,340,288],"class_list":["post-9257","post","type-post","status-publish","format-standard","has-post-thumbnail","hentry","category-general","category-occitania-e-loccitan","category-portisson","tag-curs","tag-curs-en-linia","tag-formacio","tag-llengua-occitana","tag-occita-gasco"],"post_mailing_queue_ids":[],"_links":{"self":[{"href":"https:\/\/projectes.xtec.cat\/occita\/wp-json\/wp\/v2\/posts\/9257","targetHints":{"allow":["GET"]}}],"collection":[{"href":"https:\/\/projectes.xtec.cat\/occita\/wp-json\/wp\/v2\/posts"}],"about":[{"href":"https:\/\/projectes.xtec.cat\/occita\/wp-json\/wp\/v2\/types\/post"}],"author":[{"embeddable":true,"href":"https:\/\/projectes.xtec.cat\/occita\/wp-json\/wp\/v2\/users\/38"}],"replies":[{"embeddable":true,"href":"https:\/\/projectes.xtec.cat\/occita\/wp-json\/wp\/v2\/comments?post=9257"}],"version-history":[{"count":3,"href":"https:\/\/projectes.xtec.cat\/occita\/wp-json\/wp\/v2\/posts\/9257\/revisions"}],"predecessor-version":[{"id":9267,"href":"https:\/\/projectes.xtec.cat\/occita\/wp-json\/wp\/v2\/posts\/9257\/revisions\/9267"}],"wp:featuredmedia":[{"embeddable":true,"href":"https:\/\/projectes.xtec.cat\/occita\/wp-json\/wp\/v2\/media\/9264"}],"wp:attachment":[{"href":"https:\/\/projectes.xtec.cat\/occita\/wp-json\/wp\/v2\/media?parent=9257"}],"wp:term":[{"taxonomy":"category","embeddable":true,"href":"https:\/\/projectes.xtec.cat\/occita\/wp-json\/wp\/v2\/categories?post=9257"},{"taxonomy":"post_tag","embeddable":true,"href":"https:\/\/projectes.xtec.cat\/occita\/wp-json\/wp\/v2\/tags?post=9257"}],"curies":[{"name":"wp","href":"https:\/\/api.w.org\/{rel}","templated":true}]}}