{"id":9294,"date":"2021-05-26T13:55:19","date_gmt":"2021-05-26T11:55:19","guid":{"rendered":"https:\/\/projectes.xtec.cat\/occita\/?p=9294"},"modified":"2021-06-02T16:28:28","modified_gmt":"2021-06-02T14:28:28","slug":"taller-la-immigracio-occitana-a-catalunya-s-xvi-i-xvii","status":"publish","type":"post","link":"https:\/\/projectes.xtec.cat\/occita\/general\/taller-la-immigracio-occitana-a-catalunya-s-xvi-i-xvii\/","title":{"rendered":"Taller &#8220;La immigraci\u00f3 occitana a Catalunya\u2013 S.XVI I XVII&#8221;"},"content":{"rendered":"<p style=\"text-align: left;\"><span style=\"font-weight: 400;\">Entre el segle XVI i XVII Catalunya va ser un territori migratori que es va omplir de francesos obligats a <\/span><span style=\"font-family: inherit; font-size: 1em;\">abandonar el seu lloc d\u2019origen a causa de la superpoblaci\u00f3 i problemes de subsist\u00e8ncia que hi havia a les terres del Pirineu, a m\u00e9s dels conflictes b\u00e8l\u00b7lics derivats de la rivalitat entre cat\u00f2lics i protestants.<\/span><\/p>\n<p><img loading=\"lazy\" decoding=\"async\" class=\"wp-image-9295 alignright\" src=\"https:\/\/projectes.xtec.cat\/occita\/wp-content\/uploads\/usu1295\/2021\/05\/curs-Immigracio-Occitana-a-Catalunya_page-0001-724x1024.jpg\" alt=\"\" width=\"315\" height=\"446\" srcset=\"https:\/\/projectes.xtec.cat\/occita\/wp-content\/uploads\/usu1295\/2021\/05\/curs-Immigracio-Occitana-a-Catalunya_page-0001-724x1024.jpg 724w, https:\/\/projectes.xtec.cat\/occita\/wp-content\/uploads\/usu1295\/2021\/05\/curs-Immigracio-Occitana-a-Catalunya_page-0001-212x300.jpg 212w, https:\/\/projectes.xtec.cat\/occita\/wp-content\/uploads\/usu1295\/2021\/05\/curs-Immigracio-Occitana-a-Catalunya_page-0001-768x1086.jpg 768w, https:\/\/projectes.xtec.cat\/occita\/wp-content\/uploads\/usu1295\/2021\/05\/curs-Immigracio-Occitana-a-Catalunya_page-0001.jpg 1241w\" sizes=\"auto, (max-width: 315px) 100vw, 315px\" \/><\/p>\n<p><span style=\"font-weight: 400;\">Catalunya va ser un dels principals punts d\u2019atracci\u00f3 de poblaci\u00f3 francesa gr\u00e0cies a la gran oferta de treball que hi havia, sobretot en el m\u00f3n agrari, i a les afinitats ling\u00fc\u00edstiques i culturals entre els dos territoris, cosa que va afavorir l\u2019adaptaci\u00f3 i la integraci\u00f3 dels migrants.\u00a0<\/span><span style=\"font-weight: 400;\">La majoria d\u2019ells provenien, principalment, dels Pirineus i Prepirineus francesos, per\u00f2 tamb\u00e9 del Llenguadoc, el Garona, les Terres Altes i el Mass\u00eds Central, i es van distribuir arreu de tot el territori.\u00a0<\/span><\/p>\n<p><span style=\"font-weight: 400;\">\u00c9s per aix\u00f2 que encara avui dia tenim influ\u00e8ncies occitanes en la nostra societat. D&#8217;una banda, des d\u2019un punt de vista cultural, els occitans van contribuir a la construcci\u00f3 i remodelaci\u00f3 d\u2019edificis religiosos i civils. D\u2019altra, des d\u2019un punt de vista ling\u00fc\u00edstic, a la llengua catalana, encara resten noms propis de la llengua occitana, com per exemple, cognoms i top\u00f2nims del nostre territori.\u00a0<\/span><\/p>\n<p><span style=\"font-weight: 400;\">El <\/span><a href=\"https:\/\/caoc.cat\/taller-la-immigracio-occitana-a-catalunya-s-xvi-i-xvii\/\"><span style=\"font-weight: 400;\">Cercle d\u2019Agermanament Catalano-Occit\u00e0 (CAOC)<\/span><\/a> ofereix aquest<span style=\"font-family: inherit; font-size: 1em;\"> curs que t\u00e9 com a objectiu explicar amb m\u00e9s detall les caracter\u00edstiques del moviment migratori i oferir els recursos necessaris perqu\u00e8 aquelles persones que descendeixin d\u2019occitans puguin aprofundir en l\u2019estudi de la seva fam\u00edlia i el seu lloc de proced\u00e8ncia.<\/span><\/p>\n<p><span style=\"font-family: inherit; font-size: 1em;\">El taller s\u2019ofereix en l\u00ednia i es distribueix en dues sessions de dues hores que es duran a terme els dies 16 i 30 de juny. L\u2019horari de les trobades ser\u00e0 de 18.30 h a 2020 h i el cost del taller \u00e9s de 20\u20ac.\u00a0<\/span><\/p>\n<p><span style=\"font-weight: 400;\">La inscripci\u00f3 es pot efectuar enviant un correu a <\/span><a href=\"mailto:caoc@caoc.cat\"><span style=\"font-weight: 400;\">caoc@caoc.cat<\/span><\/a><span style=\"font-weight: 400;\">.\u00a0\u00a0<\/span><\/p>\n<p><span style=\"font-weight: 400;\">Us animem a participar-hi!<\/span><\/p>\n","protected":false},"excerpt":{"rendered":"<p>Entre el segle XVI i XVII Catalunya va ser un territori migratori que es va omplir de francesos obligats a abandonar el seu lloc d\u2019origen a causa de la superpoblaci\u00f3 i problemes de subsist\u00e8ncia que hi havia a les terres del Pirineu, a m\u00e9s dels conflictes b\u00e8l\u00b7lics derivats de la rivalitat entre cat\u00f2lics i protestants.&hellip;  <a href=\"https:\/\/projectes.xtec.cat\/occita\/general\/taller-la-immigracio-occitana-a-catalunya-s-xvi-i-xvii\/\" title=\"Read Taller &#8220;La immigraci\u00f3 occitana a Catalunya\u2013 S.XVI I XVII&#8221;\">Llegeix m\u00e9s\u00bb<\/a><\/p>\n","protected":false},"author":38,"featured_media":9299,"comment_status":"open","ping_status":"closed","sticky":false,"template":"","format":"standard","meta":{"_bbp_topic_count":0,"_bbp_reply_count":0,"_bbp_total_topic_count":0,"_bbp_total_reply_count":0,"_bbp_voice_count":0,"_bbp_anonymous_reply_count":0,"_bbp_topic_count_hidden":0,"_bbp_reply_count_hidden":0,"_bbp_forum_subforum_count":0,"footnotes":""},"categories":[328,1,329],"tags":[343,370,340],"class_list":["post-9294","post","type-post","status-publish","format-standard","has-post-thumbnail","hentry","category-formacion","category-general","category-occitania-e-loccitan","tag-cultura","tag-formacio","tag-llengua-occitana"],"post_mailing_queue_ids":[],"_links":{"self":[{"href":"https:\/\/projectes.xtec.cat\/occita\/wp-json\/wp\/v2\/posts\/9294","targetHints":{"allow":["GET"]}}],"collection":[{"href":"https:\/\/projectes.xtec.cat\/occita\/wp-json\/wp\/v2\/posts"}],"about":[{"href":"https:\/\/projectes.xtec.cat\/occita\/wp-json\/wp\/v2\/types\/post"}],"author":[{"embeddable":true,"href":"https:\/\/projectes.xtec.cat\/occita\/wp-json\/wp\/v2\/users\/38"}],"replies":[{"embeddable":true,"href":"https:\/\/projectes.xtec.cat\/occita\/wp-json\/wp\/v2\/comments?post=9294"}],"version-history":[{"count":3,"href":"https:\/\/projectes.xtec.cat\/occita\/wp-json\/wp\/v2\/posts\/9294\/revisions"}],"predecessor-version":[{"id":9303,"href":"https:\/\/projectes.xtec.cat\/occita\/wp-json\/wp\/v2\/posts\/9294\/revisions\/9303"}],"wp:featuredmedia":[{"embeddable":true,"href":"https:\/\/projectes.xtec.cat\/occita\/wp-json\/wp\/v2\/media\/9299"}],"wp:attachment":[{"href":"https:\/\/projectes.xtec.cat\/occita\/wp-json\/wp\/v2\/media?parent=9294"}],"wp:term":[{"taxonomy":"category","embeddable":true,"href":"https:\/\/projectes.xtec.cat\/occita\/wp-json\/wp\/v2\/categories?post=9294"},{"taxonomy":"post_tag","embeddable":true,"href":"https:\/\/projectes.xtec.cat\/occita\/wp-json\/wp\/v2\/tags?post=9294"}],"curies":[{"name":"wp","href":"https:\/\/api.w.org\/{rel}","templated":true}]}}