{"id":9334,"date":"2022-03-15T17:21:30","date_gmt":"2022-03-15T16:21:30","guid":{"rendered":"https:\/\/projectes.xtec.cat\/occita\/?p=9334"},"modified":"2022-03-15T17:21:30","modified_gmt":"2022-03-15T16:21:30","slug":"curs-de-fonetica-i-ortografia-occitana","status":"publish","type":"post","link":"https:\/\/projectes.xtec.cat\/occita\/general\/curs-de-fonetica-i-ortografia-occitana\/","title":{"rendered":"Curs de fon\u00e8tica i ortografia occitana"},"content":{"rendered":"<p><a href=\"https:\/\/projectes.xtec.cat\/occita\/wp-content\/uploads\/usu1295\/2022\/03\/Occita.png\"><img loading=\"lazy\" decoding=\"async\" class=\" wp-image-9335 alignleft\" src=\"https:\/\/projectes.xtec.cat\/occita\/wp-content\/uploads\/usu1295\/2022\/03\/Occita.png\" alt=\"\" width=\"203\" height=\"282\" \/><\/a>El <strong>CAOC<\/strong> organitza un curs b\u00e0sic de fon\u00e8tica i ortografia occitana per poder aprendre a pronunciar i escriure la llengua occitana mitjan\u00e7ant un treball pr\u00e0ctic.<\/p>\n<p>L&#8217;activitat s&#8217;estructura a partir de <strong>4 sessions de 2 hores<\/strong> cadascuna per comen\u00e7ar a llegir i escriure en occit\u00e0, tot practicant amb un vocabulari b\u00e0sic, frases senzilles i textos literaris cl\u00e0ssics i moderns.<\/p>\n<p>Les sessions es faran el <strong>28 i el 31 de mar\u00e7 i el 4 i el 7 d\u2019abril<\/strong> de 2022 de <strong>18.30h a 20.30h<\/strong> a la seu del <strong>CAOC<\/strong> (C. Provid\u00e8ncia, 42. Barcelona).<\/p>\n<p>Trobareu m\u00e9s informaci\u00f3 per fer la inscripci\u00f3 en aquest <a href=\"https:\/\/caoc.cat\/curs-de-fonetica-i-ortografia-occitana\/\"><strong>enlla\u00e7<\/strong><\/a>.<\/p>\n","protected":false},"excerpt":{"rendered":"<p>El CAOC organitza un curs b\u00e0sic de fon\u00e8tica i ortografia occitana per poder aprendre a pronunciar i escriure la llengua occitana mitjan\u00e7ant un treball pr\u00e0ctic.&hellip;  <a href=\"https:\/\/projectes.xtec.cat\/occita\/general\/curs-de-fonetica-i-ortografia-occitana\/\" title=\"Read Curs de fon\u00e8tica i ortografia occitana\">Llegeix m\u00e9s\u00bb<\/a><\/p>\n","protected":false},"author":36,"featured_media":9335,"comment_status":"open","ping_status":"closed","sticky":false,"template":"","format":"standard","meta":{"_bbp_topic_count":0,"_bbp_reply_count":0,"_bbp_total_topic_count":0,"_bbp_total_reply_count":0,"_bbp_voice_count":0,"_bbp_anonymous_reply_count":0,"_bbp_topic_count_hidden":0,"_bbp_reply_count_hidden":0,"_bbp_forum_subforum_count":0,"footnotes":""},"categories":[328,1],"tags":[335,370,294,331],"class_list":["post-9334","post","type-post","status-publish","format-standard","has-post-thumbnail","hentry","category-formacion","category-general","tag-caoc","tag-formacio","tag-lengua-occitana-aranes-e-literatura","tag-occita"],"post_mailing_queue_ids":[],"_links":{"self":[{"href":"https:\/\/projectes.xtec.cat\/occita\/wp-json\/wp\/v2\/posts\/9334","targetHints":{"allow":["GET"]}}],"collection":[{"href":"https:\/\/projectes.xtec.cat\/occita\/wp-json\/wp\/v2\/posts"}],"about":[{"href":"https:\/\/projectes.xtec.cat\/occita\/wp-json\/wp\/v2\/types\/post"}],"author":[{"embeddable":true,"href":"https:\/\/projectes.xtec.cat\/occita\/wp-json\/wp\/v2\/users\/36"}],"replies":[{"embeddable":true,"href":"https:\/\/projectes.xtec.cat\/occita\/wp-json\/wp\/v2\/comments?post=9334"}],"version-history":[{"count":2,"href":"https:\/\/projectes.xtec.cat\/occita\/wp-json\/wp\/v2\/posts\/9334\/revisions"}],"predecessor-version":[{"id":9337,"href":"https:\/\/projectes.xtec.cat\/occita\/wp-json\/wp\/v2\/posts\/9334\/revisions\/9337"}],"wp:featuredmedia":[{"embeddable":true,"href":"https:\/\/projectes.xtec.cat\/occita\/wp-json\/wp\/v2\/media\/9335"}],"wp:attachment":[{"href":"https:\/\/projectes.xtec.cat\/occita\/wp-json\/wp\/v2\/media?parent=9334"}],"wp:term":[{"taxonomy":"category","embeddable":true,"href":"https:\/\/projectes.xtec.cat\/occita\/wp-json\/wp\/v2\/categories?post=9334"},{"taxonomy":"post_tag","embeddable":true,"href":"https:\/\/projectes.xtec.cat\/occita\/wp-json\/wp\/v2\/tags?post=9334"}],"curies":[{"name":"wp","href":"https:\/\/api.w.org\/{rel}","templated":true}]}}