{"id":9351,"date":"2022-04-22T11:29:18","date_gmt":"2022-04-22T09:29:18","guid":{"rendered":"https:\/\/projectes.xtec.cat\/occita\/?p=9351"},"modified":"2022-04-22T11:29:38","modified_gmt":"2022-04-22T09:29:38","slug":"bogre-la-gran-heretgia-europea","status":"publish","type":"post","link":"https:\/\/projectes.xtec.cat\/occita\/general\/bogre-la-gran-heretgia-europea\/","title":{"rendered":"\u201cBOGRE. LA GRAN HERETGIA EUROPEA\u201d"},"content":{"rendered":"<p>\u2018Bogre, la gran heretgia europea\u2019 \u00e9s un film documental hist\u00f2ric que ressegueix les petjades dels c\u00e0tars a trav\u00e9s del relat de <strong>Fredo Valla<\/strong>, protagonista del film a la vegada que director, al qual veiem tornar al seu poble natal de les valls occitanes d\u2019It\u00e0lia per recuperar el bust del seu pare, el primer que li havia parlat dels bugres.<\/p>\n<p>El record de l\u2019an\u00e8cdota empeny el protagonista a iniciar un gran viatge: un <em>road trip<\/em> personal per Bulg\u00e0ria, It\u00e0lia, Occit\u00e0nia i B\u00f2snia resseguint la hist\u00f2ria de les idees, de les religions, de les persones i del poder, mitjan\u00e7ant el qual assistim al desenvolupament, esplendor i mort del catarisme i el bogomilisme, religions her\u00e8tiques que s\u2019estengueren dels Balcans fins a l\u2019Europa occidental. El llargmetratge parteix d\u2019una persecuci\u00f3 oblidada per fer llum sobre les intoler\u00e0ncies del passat i del present i compta amb la participaci\u00f3 dels millors especialistes europeus de la hist\u00f2ria del bogomilisme i catarisme i en llurs lleng\u00fces originals (turc, b\u00falgar, bosni\u00e0, franc\u00e8s, occit\u00e0 i itali\u00e0).<\/p>\n<p><iframe loading=\"lazy\" title=\"YouTube video player\" src=\"https:\/\/www.youtube.com\/embed\/os24z4sE4FA\" width=\"560\" height=\"315\" frameborder=\"0\" allowfullscreen=\"allowfullscreen\"><\/iframe><\/p>\n<ul>\n<li><strong>PROJECCI\u00d3 DEL FILM &#8220;BOGRE&#8221; A L&#8217;AUDITORI-CAL\u00c0BRIA 66 (BCN) a<\/strong>mb la pres\u00e8ncia del seu director.<\/li>\n<\/ul>\n<p><strong style=\"font-family: inherit; font-size: 1em;\">\u00a0 \u00a0 Lloc:<\/strong><span style=\"font-family: inherit; font-size: 1em;\">\u00a0AUDITORI-CAL\u00c0BRIA 66 (c.\/ Cal\u00e0bria, 66 \u2013 2\u00aa Planta) \u2013 Espai Ve\u00efnal \u2013 (entre els carrers de Floridablanca i Enten\u00e7a)<\/span><\/p>\n<p><strong>\u00a0 \u00a0 Dia i hora: <\/strong>28 d\u2019abril a les 17h.<\/p>\n<p><strong>\u00a0 \u00a0 Informaci\u00f3 t\u00e8cnica: <\/strong>Presentaci\u00f3 del Director Fredo Valla a les 16.45h. Mitja part de 10\/15 minuts. Final Exhibici\u00f3: 20.45h<\/p>\n<p><strong>\u00a0 \u00a0 Entrada:<\/strong>\u00a0de franc<\/p>\n<p><strong>\u00a0 \u00a0 Reserva d&#8217;entrada:<\/strong>\u00a0<a href=\"mailto:amicsdelscatars700@gmail.com\" target=\"_blank\" rel=\"noopener\">amicsdelscatars700<span class=\"\">@gmail.com<\/span><\/a> (tot fent constar els Noms i Cognoms dels sol\u00b7licitants).<\/p>\n<p>&nbsp;<\/p>\n<ul>\n<li><strong>JORNADES SOBRE OCCIT\u00c0NIA I ELS C\u00c0TARS \u2013 UB <\/strong>\u00a0Dimarts 26 d\u2019abril i divendres 29 d\u2019abril, projecci\u00f3 del film en dues parts, acompanyades de sengles taules rodones. Les sessions seran presentades per la directora de l\u2019IRCVM, Meritxell Sim\u00f3 i la directora de Scripta. Dialectologia Catalana, \u00c0ngels Massip.<\/li>\n<\/ul>\n<p><strong>\u00a0 \u00a0 Lloc:<\/strong>\u00a0AULA MAGNA. FACULTAT DE GEOGRAFIA I HIST\u00d2RIA. (Carrer de Montalegre 6, Barcelona).<\/p>\n<p><strong>\u00a0 \u00a0 Horari:<\/strong> de 17h a 20h.<\/p>\n<p><strong>\u00a0 \u00a0 Entrada:<\/strong>\u00a0de franc<\/p>\n<p>La Taula Rodona, de <strong>dimarts 26 d\u2019abril<\/strong>, comptar\u00e0 amb la participaci\u00f3 del mateix director, Fredo Valla; la revitalitzadora ling\u00fc\u00edstica,\u00a0 \u00a0 \u00a0 \u00a0 \u00a0 \u00a0 \u00a0 \u00a0Mariona Miret; i el coordinador d\u2019Amics dels C\u00e0tars, Jaume Cluet.<\/p>\n<p>A la segona Taula Rodona, de <strong>divendres 29<\/strong>, intervindran el vicerector de Patrimoni, Agust\u00ed Alcoberro; la directora de Scripta.\u00a0 \u00a0 \u00a0 \u00a0 \u00a0 \u00a0 \u00a0 \u00a0 \u00a0 \u00a0 \u00a0 \u00a0 \u00a0Dialectologia Catalana, \u00c0ngels Massip; i el president del CAOC, Francesc Sangar.<\/p>\n<p>&nbsp;<\/p>\n<ul>\n<li><strong>XXVIes JORNADES OCCITANES A LA UAB\u00a0 <\/strong>Organitzades per l\u2019Arxiu Occit\u00e0, entre d\u2019altres activitats, dimecres 27 d\u2019abril a les 11:30 h es projectar\u00e0 el film, amb la pres\u00e8ncia del director Fredo Valla que respondr\u00e0 les preguntes dels assistents.<\/li>\n<\/ul>\n<p><strong>\u00a0 \u00a0 Lloc:<\/strong>\u00a0CINEMA DE LA UAB (Pla\u00e7a C\u00edvica) al Campus de la UAB.<\/p>\n<p><strong>\u00a0 \u00a0 Horari:<\/strong> d&#8217;1130h a 15h.<\/p>\n<p><strong>\u00a0 \u00a0 Entrada:<\/strong>\u00a0de franc<\/p>\n","protected":false},"excerpt":{"rendered":"<p>\u2018Bogre, la gran heretgia europea\u2019 \u00e9s un film documental hist\u00f2ric que ressegueix les petjades dels c\u00e0tars a trav\u00e9s del relat de Fredo Valla, protagonista del film a la vegada que director, al qual veiem tornar al seu poble natal de les valls occitanes d\u2019It\u00e0lia per recuperar el bust del seu pare, el primer que li havia parlat dels bugres.&hellip;  <a href=\"https:\/\/projectes.xtec.cat\/occita\/general\/bogre-la-gran-heretgia-europea\/\" title=\"Read \u201cBOGRE. LA GRAN HERETGIA EUROPEA\u201d\">Llegeix m\u00e9s\u00bb<\/a><\/p>\n","protected":false},"author":36,"featured_media":9354,"comment_status":"open","ping_status":"closed","sticky":false,"template":"","format":"standard","meta":{"_bbp_topic_count":0,"_bbp_reply_count":0,"_bbp_total_topic_count":0,"_bbp_total_reply_count":0,"_bbp_voice_count":0,"_bbp_anonymous_reply_count":0,"_bbp_topic_count_hidden":0,"_bbp_reply_count_hidden":0,"_bbp_forum_subforum_count":0,"footnotes":""},"categories":[1,329],"tags":[343,331,366,387],"class_list":["post-9351","post","type-post","status-publish","format-standard","has-post-thumbnail","hentry","category-general","category-occitania-e-loccitan","tag-cultura","tag-occita","tag-occitania","tag-pellicula"],"post_mailing_queue_ids":[],"_links":{"self":[{"href":"https:\/\/projectes.xtec.cat\/occita\/wp-json\/wp\/v2\/posts\/9351","targetHints":{"allow":["GET"]}}],"collection":[{"href":"https:\/\/projectes.xtec.cat\/occita\/wp-json\/wp\/v2\/posts"}],"about":[{"href":"https:\/\/projectes.xtec.cat\/occita\/wp-json\/wp\/v2\/types\/post"}],"author":[{"embeddable":true,"href":"https:\/\/projectes.xtec.cat\/occita\/wp-json\/wp\/v2\/users\/36"}],"replies":[{"embeddable":true,"href":"https:\/\/projectes.xtec.cat\/occita\/wp-json\/wp\/v2\/comments?post=9351"}],"version-history":[{"count":3,"href":"https:\/\/projectes.xtec.cat\/occita\/wp-json\/wp\/v2\/posts\/9351\/revisions"}],"predecessor-version":[{"id":9355,"href":"https:\/\/projectes.xtec.cat\/occita\/wp-json\/wp\/v2\/posts\/9351\/revisions\/9355"}],"wp:featuredmedia":[{"embeddable":true,"href":"https:\/\/projectes.xtec.cat\/occita\/wp-json\/wp\/v2\/media\/9354"}],"wp:attachment":[{"href":"https:\/\/projectes.xtec.cat\/occita\/wp-json\/wp\/v2\/media?parent=9351"}],"wp:term":[{"taxonomy":"category","embeddable":true,"href":"https:\/\/projectes.xtec.cat\/occita\/wp-json\/wp\/v2\/categories?post=9351"},{"taxonomy":"post_tag","embeddable":true,"href":"https:\/\/projectes.xtec.cat\/occita\/wp-json\/wp\/v2\/tags?post=9351"}],"curies":[{"name":"wp","href":"https:\/\/api.w.org\/{rel}","templated":true}]}}