{"id":9368,"date":"2023-02-03T16:54:08","date_gmt":"2023-02-03T15:54:08","guid":{"rendered":"https:\/\/projectes.xtec.cat\/occita\/?p=9368"},"modified":"2023-02-03T16:54:08","modified_gmt":"2023-02-03T15:54:08","slug":"dictada-occitanana-proche-den-co-vostre","status":"publish","type":"post","link":"https:\/\/projectes.xtec.cat\/occita\/general\/portisson\/dictada-occitanana-proche-den-co-vostre\/","title":{"rendered":"Dictada occitanana &#8211; Proche d&#8217;en \u00e7\u00f2 v\u00f2stre"},"content":{"rendered":"<p><a href=\"https:\/\/projectes.xtec.cat\/occita\/wp-content\/uploads\/usu1295\/2023\/02\/Copia-de-Copia-de-Proves-certificats-2023-AOE.png\"><img loading=\"lazy\" decoding=\"async\" class=\"size-full wp-image-9370 alignleft\" src=\"https:\/\/projectes.xtec.cat\/occita\/wp-content\/uploads\/usu1295\/2023\/02\/Copia-de-Copia-de-Proves-certificats-2023-AOE.png\" alt=\"\" width=\"450\" height=\"200\" srcset=\"https:\/\/projectes.xtec.cat\/occita\/wp-content\/uploads\/usu1295\/2023\/02\/Copia-de-Copia-de-Proves-certificats-2023-AOE.png 450w, https:\/\/projectes.xtec.cat\/occita\/wp-content\/uploads\/usu1295\/2023\/02\/Copia-de-Copia-de-Proves-certificats-2023-AOE-300x133.png 300w\" sizes=\"auto, (max-width: 450px) 100vw, 450px\" \/><\/a>El passat 28 de gener, es va celebrar la <strong>Dictada occitana<\/strong>: un concurs d\u2019ortografia en el qual tothom pot participar i que es va idear com una oportunitat per a tots aquells parlants naturals d\u2019occit\u00e0 que no el sabien escriure.<\/p>\n<p>El seu objectiu \u00e9s donar prestigi a la llengua occitana i el concurs no \u00e9s nom\u00e9s per als estudiosos de l\u2019occit\u00e0, sin\u00f3 que tamb\u00e9 s\u2019hi pot participar malgrat no es tingui gaire coneixement de la llengua. Es fa un cop l\u2019any, i cada vegada s\u2019hi afegeixen m\u00e9s pobles i ciutats tant d\u2019Occit\u00e0nia com dels Pa\u00efsos Catalans. Aquest any hi han participat 36 les localitats.<\/p>\n<p>La din\u00e0mica \u00e9s molt senzilla: el mateix dia i a la mateixa hora, en diverses localitats es llegeix un text d&#8217;un reconegut autor occit\u00e0 i els participants l\u2019han d\u2019escriure, tot seguit es fa la correcci\u00f3 dels textos i guanya aquell que ha fet el dictat amb menys faltes. \u00c9s tan senzilla que \u00e9s una bona pr\u00e0ctica que podeu traslladar a les vostres aules i dur-la a terme amb el vostre alumnat.<\/p>\n<p>A la Dictada que el passat dissabte es va celebrar a la seu del Departament d\u2019Educaci\u00f3, hi van participar 65 persones de totes les edats i el guanyador absolut va ser un professor de llengua catalana de l&#8217;Institut Maragall de Barcelona.<\/p>\n<p><a href=\"https:\/\/projectes.xtec.cat\/occita\/wp-content\/uploads\/usu1295\/2023\/02\/image0.jpeg\"><img loading=\"lazy\" decoding=\"async\" class=\"wp-image-9371 aligncenter\" src=\"https:\/\/projectes.xtec.cat\/occita\/wp-content\/uploads\/usu1295\/2023\/02\/image0-1024x768.jpeg\" alt=\"\" width=\"571\" height=\"429\" srcset=\"https:\/\/projectes.xtec.cat\/occita\/wp-content\/uploads\/usu1295\/2023\/02\/image0-1024x768.jpeg 1024w, https:\/\/projectes.xtec.cat\/occita\/wp-content\/uploads\/usu1295\/2023\/02\/image0-300x225.jpeg 300w, https:\/\/projectes.xtec.cat\/occita\/wp-content\/uploads\/usu1295\/2023\/02\/image0-768x576.jpeg 768w, https:\/\/projectes.xtec.cat\/occita\/wp-content\/uploads\/usu1295\/2023\/02\/image0-1536x1152.jpeg 1536w, https:\/\/projectes.xtec.cat\/occita\/wp-content\/uploads\/usu1295\/2023\/02\/image0-200x150.jpeg 200w, https:\/\/projectes.xtec.cat\/occita\/wp-content\/uploads\/usu1295\/2023\/02\/image0.jpeg 2016w\" sizes=\"auto, (max-width: 571px) 100vw, 571px\" \/><\/a><\/p>\n","protected":false},"excerpt":{"rendered":"<p>El passat 28 de gener, es va celebrar la Dictada occitana: un concurs d\u2019ortografia en el qual tothom pot participar i que es va idear com una oportunitat per a tots aquells parlants naturals d\u2019occit\u00e0 que no el sabien escriure.&hellip;  <a href=\"https:\/\/projectes.xtec.cat\/occita\/general\/portisson\/dictada-occitanana-proche-den-co-vostre\/\" title=\"Read Dictada occitanana &#8211; Proche d&#8217;en \u00e7\u00f2 v\u00f2stre\">Llegeix m\u00e9s\u00bb<\/a><\/p>\n","protected":false},"author":36,"featured_media":9370,"comment_status":"open","ping_status":"closed","sticky":false,"template":"","format":"standard","meta":{"_bbp_topic_count":0,"_bbp_reply_count":0,"_bbp_total_topic_count":0,"_bbp_total_reply_count":0,"_bbp_voice_count":0,"_bbp_anonymous_reply_count":0,"_bbp_topic_count_hidden":0,"_bbp_reply_count_hidden":0,"_bbp_forum_subforum_count":0,"footnotes":""},"categories":[338],"tags":[368,390,294],"class_list":["post-9368","post","type-post","status-publish","format-standard","has-post-thumbnail","hentry","category-portisson","tag-concurs","tag-dictada","tag-lengua-occitana-aranes-e-literatura"],"post_mailing_queue_ids":[],"_links":{"self":[{"href":"https:\/\/projectes.xtec.cat\/occita\/wp-json\/wp\/v2\/posts\/9368","targetHints":{"allow":["GET"]}}],"collection":[{"href":"https:\/\/projectes.xtec.cat\/occita\/wp-json\/wp\/v2\/posts"}],"about":[{"href":"https:\/\/projectes.xtec.cat\/occita\/wp-json\/wp\/v2\/types\/post"}],"author":[{"embeddable":true,"href":"https:\/\/projectes.xtec.cat\/occita\/wp-json\/wp\/v2\/users\/36"}],"replies":[{"embeddable":true,"href":"https:\/\/projectes.xtec.cat\/occita\/wp-json\/wp\/v2\/comments?post=9368"}],"version-history":[{"count":2,"href":"https:\/\/projectes.xtec.cat\/occita\/wp-json\/wp\/v2\/posts\/9368\/revisions"}],"predecessor-version":[{"id":9373,"href":"https:\/\/projectes.xtec.cat\/occita\/wp-json\/wp\/v2\/posts\/9368\/revisions\/9373"}],"wp:featuredmedia":[{"embeddable":true,"href":"https:\/\/projectes.xtec.cat\/occita\/wp-json\/wp\/v2\/media\/9370"}],"wp:attachment":[{"href":"https:\/\/projectes.xtec.cat\/occita\/wp-json\/wp\/v2\/media?parent=9368"}],"wp:term":[{"taxonomy":"category","embeddable":true,"href":"https:\/\/projectes.xtec.cat\/occita\/wp-json\/wp\/v2\/categories?post=9368"},{"taxonomy":"post_tag","embeddable":true,"href":"https:\/\/projectes.xtec.cat\/occita\/wp-json\/wp\/v2\/tags?post=9368"}],"curies":[{"name":"wp","href":"https:\/\/api.w.org\/{rel}","templated":true}]}}