{"id":9397,"date":"2024-02-09T20:34:42","date_gmt":"2024-02-09T19:34:42","guid":{"rendered":"https:\/\/projectes.xtec.cat\/occita\/?p=9397"},"modified":"2024-02-09T20:34:42","modified_gmt":"2024-02-09T19:34:42","slug":"politica-linguistica-de-llengues-minoritzades-i-el-be-estar-el-cas-de-les-comunitats-escolars-araneses","status":"publish","type":"post","link":"https:\/\/projectes.xtec.cat\/occita\/formacion\/politica-linguistica-de-llengues-minoritzades-i-el-be-estar-el-cas-de-les-comunitats-escolars-araneses\/","title":{"rendered":"\u00abPol\u00edtica ling\u00fc\u00edstica de lleng\u00fces minoritzades i el b\u00e9-estar: el cas de les comunitats escolars araneses\u00bb"},"content":{"rendered":"<p><a href=\"https:\/\/projectes.xtec.cat\/occita\/wp-content\/uploads\/usu1295\/2024\/02\/2023-2024-Seminari-CUSC-cartell.png\"><img loading=\"lazy\" decoding=\"async\" class=\"wp-image-9398 alignleft\" src=\"https:\/\/projectes.xtec.cat\/occita\/wp-content\/uploads\/usu1295\/2024\/02\/2023-2024-Seminari-CUSC-cartell-724x1024.png\" alt=\"\" width=\"348\" height=\"492\" srcset=\"https:\/\/projectes.xtec.cat\/occita\/wp-content\/uploads\/usu1295\/2024\/02\/2023-2024-Seminari-CUSC-cartell-724x1024.png 724w, https:\/\/projectes.xtec.cat\/occita\/wp-content\/uploads\/usu1295\/2024\/02\/2023-2024-Seminari-CUSC-cartell-212x300.png 212w, https:\/\/projectes.xtec.cat\/occita\/wp-content\/uploads\/usu1295\/2024\/02\/2023-2024-Seminari-CUSC-cartell-768x1086.png 768w, https:\/\/projectes.xtec.cat\/occita\/wp-content\/uploads\/usu1295\/2024\/02\/2023-2024-Seminari-CUSC-cartell-1086x1536.png 1086w, https:\/\/projectes.xtec.cat\/occita\/wp-content\/uploads\/usu1295\/2024\/02\/2023-2024-Seminari-CUSC-cartell-1448x2048.png 1448w\" sizes=\"auto, (max-width: 348px) 100vw, 348px\" \/><\/a>El proper divendres,<b> 16 de febrer,\u00a0<\/b>tindr\u00e0 lloc la sisena sessi\u00f3 del curs 2023-2024 del\u00a0<a id=\"m_5889047020010410940m_6593053738698448056OWAade8ae73-e21b-0ece-882b-317085ac4ffb\" href=\"https:\/\/www.ub.edu\/cusc\/formacio\/seminari-del-cusc\/\" target=\"_blank\" rel=\"noopener\" data-saferedirecturl=\"https:\/\/www.google.com\/url?q=https:\/\/www.ub.edu\/cusc\/formacio\/seminari-del-cusc\/&amp;source=gmail&amp;ust=1707545498003000&amp;usg=AOvVaw3HgtXQDx-8RWw3sqLYs4bz\"><strong>seminari de socioling\u00fc\u00edstica i pol\u00edtica ling\u00fc\u00edstica<\/strong><\/a>, que organitza el CUSC-UB amb la col\u00b7laboraci\u00f3 de la\u00a0<strong><a id=\"m_5889047020010410940m_6593053738698448056OWAd43275ca-6778-da25-07c7-6caff3e3b72f\" href=\"https:\/\/llengua.gencat.cat\/ca\/inici\" target=\"_blank\" rel=\"noopener\" data-saferedirecturl=\"https:\/\/www.google.com\/url?q=https:\/\/llengua.gencat.cat\/ca\/inici&amp;source=gmail&amp;ust=1707545498003000&amp;usg=AOvVaw1TlX_MYmo9vZuZisbVN_95\">Secretaria de Pol\u00edtica Ling\u00fc\u00edstica de la Generalitat de Catalunya<\/a><\/strong>.<\/p>\n<p>Aquesta sessi\u00f3 es dur\u00e0 a terme\u00a0<b><a id=\"m_5889047020010410940m_6593053738698448056OWA8e23e784-d188-118a-8b1b-49aa26415ea2\" href=\"https:\/\/ub-edu.zoom.us\/j\/94812174200\" target=\"_blank\" rel=\"noopener\" data-saferedirecturl=\"https:\/\/www.google.com\/url?q=https:\/\/ub-edu.zoom.us\/j\/94812174200&amp;source=gmail&amp;ust=1707545498003000&amp;usg=AOvVaw1ipOA4I6IQf-QjhxGUt99T\">en l\u00ednia<\/a> a les 12h<\/b>\u00a0i comptar\u00e0 amb la pres\u00e8ncia de\u00a0<b>Camille Marvin<\/b>, doctoranda de la UOC, que presentar\u00e0 la seva recerca sobre\u00a0<b>\u00abPol\u00edtica ling\u00fc\u00edstica de lleng\u00fces minoritzades i el b\u00e9-estar: el cas de les comunitats escolars araneses\u00bb.<\/b><\/p>\n<p>Les sessions se celebren en l\u00ednia amb una periodicitat mensual i s\u00f3n gratu\u00eftes i obertes a investigadors i p\u00fablic general interessat en la intersecci\u00f3 entre llengua i societat. Podeu consultar el calendari complet del curs 2023\/2024 en\u00a0<a id=\"m_5889047020010410940m_6593053738698448056OWA539876c4-3dd5-6eac-49ac-06f8ccc7ccdc\" href=\"https:\/\/www.ub.edu\/cusc\/formacio\/seminari-del-cusc\/\" target=\"_blank\" rel=\"noopener\" data-saferedirecturl=\"https:\/\/www.google.com\/url?q=https:\/\/www.ub.edu\/cusc\/formacio\/seminari-del-cusc\/&amp;source=gmail&amp;ust=1707545498003000&amp;usg=AOvVaw3HgtXQDx-8RWw3sqLYs4bz\"><strong>aquest enlla\u00e7<\/strong><\/a>. A m\u00e9s, l\u2019assist\u00e8ncia durant tot un curs acad\u00e8mic est\u00e0 reconeguda com a activitat de formaci\u00f3 certificada per l\u2019<strong><a id=\"m_5889047020010410940m_6593053738698448056OWAb97571ee-a90e-e946-ec69-ce9acc66b944\" href=\"https:\/\/www.ub.edu\/idp\/web\/\" target=\"_blank\" rel=\"noopener\" data-saferedirecturl=\"https:\/\/www.google.com\/url?q=https:\/\/www.ub.edu\/idp\/web\/&amp;source=gmail&amp;ust=1707545498003000&amp;usg=AOvVaw3Z4Zms7-y3U4v_l9VvFIMH\">Institut de Desenvolupament Professional de la Universitat de Barcelona<\/a><\/strong>. Les persones interessades a rebre el certificat oficial poden inscriure\u2019s en\u00a0<strong><a id=\"m_5889047020010410940m_6593053738698448056OWA640a7e18-614a-5f9a-56e9-88196f0a1ead\" href=\"https:\/\/www.ub.edu\/gidp-matice\/faces\/formatice;jsessionid=4M4Yvd6JxCEgVxh-HtrUolcehHQSEWuVNI835vrvkhdPSKPBtqj1!1814913208?curs=58057\" target=\"_blank\" rel=\"noopener\" data-saferedirecturl=\"https:\/\/www.google.com\/url?q=https:\/\/www.ub.edu\/gidp-matice\/faces\/formatice;jsessionid%3D4M4Yvd6JxCEgVxh-HtrUolcehHQSEWuVNI835vrvkhdPSKPBtqj1!1814913208?curs%3D58057&amp;source=gmail&amp;ust=1707545498003000&amp;usg=AOvVaw2E2rPovSxVGBwCrJWX0rJe\">aquest enlla\u00e7<\/a><\/strong>\u00a0(requisit per a una avaluaci\u00f3 positiva: 80% d\u2019assist\u00e8ncia).<\/p>\n<p>Podeu seguir tota l\u2019actualitat del seminari al\u00a0<strong><a id=\"m_5889047020010410940m_6593053738698448056OWA9bd4dcfc-0818-efab-2791-312765def83a\" href=\"https:\/\/www.ub.edu\/cusc\/\" target=\"_blank\" rel=\"noopener\" data-saferedirecturl=\"https:\/\/www.google.com\/url?q=https:\/\/www.ub.edu\/cusc\/&amp;source=gmail&amp;ust=1707545498003000&amp;usg=AOvVaw0NrzSWQfA79VOF9BUqeIXJ\">web<\/a><\/strong>,\u00a0<strong><a id=\"m_5889047020010410940m_6593053738698448056OWAa50971f1-35ae-9347-cd85-6ffa2e6fba94\" href=\"https:\/\/twitter.com\/CuscUB\" target=\"_blank\" rel=\"noopener\" data-saferedirecturl=\"https:\/\/www.google.com\/url?q=https:\/\/twitter.com\/CuscUB&amp;source=gmail&amp;ust=1707545498003000&amp;usg=AOvVaw1OMF-id9KrLcxlxC0lv0RB\">Twitter<\/a><\/strong>\u00a0i\u00a0<strong><a id=\"m_5889047020010410940m_6593053738698448056OWA4a1c42a8-31d5-8879-f38a-e84d60287a7f\" href=\"https:\/\/www.facebook.com\/cuscub\/\" target=\"_blank\" rel=\"noopener\" data-saferedirecturl=\"https:\/\/www.google.com\/url?q=https:\/\/www.facebook.com\/cuscub\/&amp;source=gmail&amp;ust=1707545498003000&amp;usg=AOvVaw1i8v-oIiAGgTVRPIoarE9i\">Facebook<\/a><\/strong>\u00a0del CUSC.<\/p>\n","protected":false},"excerpt":{"rendered":"<p>El proper divendres, 16 de febrer,\u00a0tindr\u00e0 lloc la sisena sessi\u00f3 del curs 2023-2024 del\u00a0seminari de socioling\u00fc\u00edstica i pol\u00edtica ling\u00fc\u00edstica, que organitza el CUSC-UB amb la col\u00b7laboraci\u00f3 de la\u00a0Secretaria de Pol\u00edtica Ling\u00fc\u00edstica de la Generalitat de Catalunya.<\/p>\n<p>Aquesta sessi\u00f3 es dur\u00e0 a terme\u00a0en l\u00ednia a les 12h\u00a0i comptar\u00e0 amb la pres\u00e8ncia de\u00a0Camille Marvin, doctoranda de la UOC, que presentar\u00e0 la seva recerca sobre\u00a0\u00abPol\u00edtica ling\u00fc\u00edstica de lleng\u00fces minoritzades i el b\u00e9-estar: el cas de les comunitats escolars araneses\u00bb.&hellip;  <a href=\"https:\/\/projectes.xtec.cat\/occita\/formacion\/politica-linguistica-de-llengues-minoritzades-i-el-be-estar-el-cas-de-les-comunitats-escolars-araneses\/\" title=\"Read \u00abPol\u00edtica ling\u00fc\u00edstica de lleng\u00fces minoritzades i el b\u00e9-estar: el cas de les comunitats escolars araneses\u00bb\">Llegeix m\u00e9s\u00bb<\/a><\/p>\n","protected":false},"author":36,"featured_media":9398,"comment_status":"open","ping_status":"closed","sticky":false,"template":"","format":"standard","meta":{"_bbp_topic_count":0,"_bbp_reply_count":0,"_bbp_total_topic_count":0,"_bbp_total_reply_count":0,"_bbp_voice_count":0,"_bbp_anonymous_reply_count":0,"_bbp_topic_count_hidden":0,"_bbp_reply_count_hidden":0,"_bbp_forum_subforum_count":0,"footnotes":""},"categories":[328,338],"tags":[370,404,341,405],"class_list":["post-9397","post","type-post","status-publish","format-standard","has-post-thumbnail","hentry","category-formacion","category-portisson","tag-formacio","tag-llengua-aranesa","tag-llengua-minoritaria","tag-sociolinguistica"],"post_mailing_queue_ids":[],"_links":{"self":[{"href":"https:\/\/projectes.xtec.cat\/occita\/wp-json\/wp\/v2\/posts\/9397","targetHints":{"allow":["GET"]}}],"collection":[{"href":"https:\/\/projectes.xtec.cat\/occita\/wp-json\/wp\/v2\/posts"}],"about":[{"href":"https:\/\/projectes.xtec.cat\/occita\/wp-json\/wp\/v2\/types\/post"}],"author":[{"embeddable":true,"href":"https:\/\/projectes.xtec.cat\/occita\/wp-json\/wp\/v2\/users\/36"}],"replies":[{"embeddable":true,"href":"https:\/\/projectes.xtec.cat\/occita\/wp-json\/wp\/v2\/comments?post=9397"}],"version-history":[{"count":2,"href":"https:\/\/projectes.xtec.cat\/occita\/wp-json\/wp\/v2\/posts\/9397\/revisions"}],"predecessor-version":[{"id":9400,"href":"https:\/\/projectes.xtec.cat\/occita\/wp-json\/wp\/v2\/posts\/9397\/revisions\/9400"}],"wp:featuredmedia":[{"embeddable":true,"href":"https:\/\/projectes.xtec.cat\/occita\/wp-json\/wp\/v2\/media\/9398"}],"wp:attachment":[{"href":"https:\/\/projectes.xtec.cat\/occita\/wp-json\/wp\/v2\/media?parent=9397"}],"wp:term":[{"taxonomy":"category","embeddable":true,"href":"https:\/\/projectes.xtec.cat\/occita\/wp-json\/wp\/v2\/categories?post=9397"},{"taxonomy":"post_tag","embeddable":true,"href":"https:\/\/projectes.xtec.cat\/occita\/wp-json\/wp\/v2\/tags?post=9397"}],"curies":[{"name":"wp","href":"https:\/\/api.w.org\/{rel}","templated":true}]}}