{"id":9419,"date":"2025-01-14T13:05:27","date_gmt":"2025-01-14T12:05:27","guid":{"rendered":"https:\/\/projectes.xtec.cat\/occita\/?p=9419"},"modified":"2025-01-14T13:05:27","modified_gmt":"2025-01-14T12:05:27","slug":"dictada-occitana-25-de-genier-de-2025","status":"publish","type":"post","link":"https:\/\/projectes.xtec.cat\/occita\/general\/dictada-occitana-25-de-genier-de-2025\/","title":{"rendered":"Dictada occitana \u2013 25 de geni\u00e8r de 2025"},"content":{"rendered":"<p><a href=\"https:\/\/projectes.xtec.cat\/occita\/wp-content\/uploads\/usu1295\/2025\/01\/Dictada-occitana-2025.jpg\"><img loading=\"lazy\" decoding=\"async\" class=\"wp-image-9420 alignleft\" src=\"https:\/\/projectes.xtec.cat\/occita\/wp-content\/uploads\/usu1295\/2025\/01\/Dictada-occitana-2025-724x1024.jpg\" alt=\"\" width=\"249\" height=\"352\" srcset=\"https:\/\/projectes.xtec.cat\/occita\/wp-content\/uploads\/usu1295\/2025\/01\/Dictada-occitana-2025-724x1024.jpg 724w, https:\/\/projectes.xtec.cat\/occita\/wp-content\/uploads\/usu1295\/2025\/01\/Dictada-occitana-2025-212x300.jpg 212w, https:\/\/projectes.xtec.cat\/occita\/wp-content\/uploads\/usu1295\/2025\/01\/Dictada-occitana-2025-768x1086.jpg 768w, https:\/\/projectes.xtec.cat\/occita\/wp-content\/uploads\/usu1295\/2025\/01\/Dictada-occitana-2025-1086x1536.jpg 1086w, https:\/\/projectes.xtec.cat\/occita\/wp-content\/uploads\/usu1295\/2025\/01\/Dictada-occitana-2025.jpg 1414w\" sizes=\"auto, (max-width: 249px) 100vw, 249px\" \/><\/a>La <strong>Dictada occitana<\/strong> \u00e9s un <strong>concurs d\u2019ortografia <\/strong>en el qual tothom pot participar. Va comen\u00e7ar a la vila de <strong>Castres <\/strong>fa vint-i-vuit anys i es va idear com una oportunitat per a tots aquells parlants naturals d\u2019occit\u00e0 que no el sabien escriure. El seu objectiu \u00e9s donar prestigi a la llengua occitana.<\/p>\n<p>El concurs de la Dictada no \u00e9s nom\u00e9s per als estudiosos de l\u2019occit\u00e0, tamb\u00e9 s\u2019hi pot participar encara que no es tingui gaire coneixement de la llengua. \u00a0Es fa un cop l\u2019any, i cada vegada s\u2019hi afegeixen m\u00e9s pobles i ciutats tant d\u2019Occit\u00e0nia com dels Pa\u00efsos Catalans. Aquest any ja s\u00f3n 34 les localitats que hi participen.<\/p>\n<p>La din\u00e0mica \u00e9s molt senzilla: el mateix dia i a la mateixa hora, en diverses localitats es llegeix un text d&#8217;un reconegut autor occit\u00e0 i els participants l\u2019han d\u2019escriure, tot seguit es fa la correcci\u00f3 dels textos i guanya aquell que ha fet el dictat amb menys faltes.<\/p>\n<p>La Dictada d\u2019enguany ser\u00e0 el proper <strong>dissabte 25 de gener<\/strong>, i a Barcelona es far\u00e0 al Departament d\u2019Educaci\u00f3, Via Augusta, 202-206 (a prop de l\u2019Estaci\u00f3 de Muntaner dels Ferrocarrils Catalans).<\/p>\n<p>Hi haur\u00e0 tres categories: adults, professionals<strong>*<\/strong> i infantil-juvenil fins als 16 anys.<\/p>\n<p>Podran optar al <strong>primer premi categoria adults <\/strong>\u2013 que ser\u00e0 \u00fanic i consisteix en la inscripci\u00f3 a l&#8217;Esc\u00f2la Occitana d&#8217;Estiu de Vilan\u00f2va d&#8217;\u00d2lt, del 17 al 23 d&#8217;agost del 2025, m\u00e9s un lot de llibres \u2013 els participants que facin el dictat en totes dues modalitats: occit\u00e0 est\u00e0ndard i aran\u00e8s. Aquest primer premi ser\u00e0 atorgat a qui faci menys faltes entre totes dues modalitats.<\/p>\n<p>El <strong>segon premi <\/strong>\u2013 n&#8217;hi haur\u00e0 dos \u2013 ser\u00e0 atorgat a qui faci menys faltes en les modalitats d&#8217;occit\u00e0 est\u00e0ndard i d&#8217;aran\u00e8s, i consistir\u00e0 en la matr\u00edcula de franc a un curs de llengua occitana, m\u00e9s un lot de llibres.<\/p>\n<p>El <strong>tercer premi <\/strong>\u2013 tamb\u00e9 n&#8217;hi haur\u00e0 dos \u2013, en les modalitats d&#8217;est\u00e0ndard i aran\u00e8s, consistir\u00e0 en la inscripci\u00f3 a algun dels tallers oferts pel CAOC, m\u00e9s un lot de llibres.<\/p>\n<p>Els guanyadors de les <strong>categories infantil-juvenil i professional <\/strong>tindran un premi especial.<\/p>\n<p>Tamb\u00e9 els altres participants tindran obsequis de material cultural (llibres, cd\u2019s, revistes\u2026) i diplomes de participaci\u00f3.<\/p>\n<p><em>* Els guanyadors d\u2019edicions anteriors de l\u2019inscripci\u00f3 a l\u2019EOE podran tornar-hi a participar per\u00f2 en la categoria professional.<\/em><\/p>\n<p><strong>Tant per participar-hi com per assistir-hi com a oient cal fer la inscripci\u00f3, que \u00e9s de franc, al CAOC: caoc@caoc.cat<\/strong><\/p>\n","protected":false},"excerpt":{"rendered":"<p>La Dictada d\u2019enguany ser\u00e0 el proper dissabte 25 de gener, i a Barcelona es far\u00e0 al Departament d\u2019Educaci\u00f3, Via Augusta, 202-206 (a prop de l\u2019Estaci\u00f3 de Muntaner dels Ferrocarrils Catalans).&hellip;  <a href=\"https:\/\/projectes.xtec.cat\/occita\/general\/dictada-occitana-25-de-genier-de-2025\/\" title=\"Read Dictada occitana \u2013 25 de geni\u00e8r de 2025\">Llegeix m\u00e9s\u00bb<\/a><\/p>\n","protected":false},"author":36,"featured_media":9420,"comment_status":"open","ping_status":"closed","sticky":false,"template":"","format":"standard","meta":{"_bbp_topic_count":0,"_bbp_reply_count":0,"_bbp_total_topic_count":0,"_bbp_total_reply_count":0,"_bbp_voice_count":0,"_bbp_anonymous_reply_count":0,"_bbp_topic_count_hidden":0,"_bbp_reply_count_hidden":0,"_bbp_forum_subforum_count":0,"footnotes":""},"categories":[1,338],"tags":[390,340],"class_list":["post-9419","post","type-post","status-publish","format-standard","has-post-thumbnail","hentry","category-general","category-portisson","tag-dictada","tag-llengua-occitana"],"post_mailing_queue_ids":[],"_links":{"self":[{"href":"https:\/\/projectes.xtec.cat\/occita\/wp-json\/wp\/v2\/posts\/9419","targetHints":{"allow":["GET"]}}],"collection":[{"href":"https:\/\/projectes.xtec.cat\/occita\/wp-json\/wp\/v2\/posts"}],"about":[{"href":"https:\/\/projectes.xtec.cat\/occita\/wp-json\/wp\/v2\/types\/post"}],"author":[{"embeddable":true,"href":"https:\/\/projectes.xtec.cat\/occita\/wp-json\/wp\/v2\/users\/36"}],"replies":[{"embeddable":true,"href":"https:\/\/projectes.xtec.cat\/occita\/wp-json\/wp\/v2\/comments?post=9419"}],"version-history":[{"count":2,"href":"https:\/\/projectes.xtec.cat\/occita\/wp-json\/wp\/v2\/posts\/9419\/revisions"}],"predecessor-version":[{"id":9422,"href":"https:\/\/projectes.xtec.cat\/occita\/wp-json\/wp\/v2\/posts\/9419\/revisions\/9422"}],"wp:featuredmedia":[{"embeddable":true,"href":"https:\/\/projectes.xtec.cat\/occita\/wp-json\/wp\/v2\/media\/9420"}],"wp:attachment":[{"href":"https:\/\/projectes.xtec.cat\/occita\/wp-json\/wp\/v2\/media?parent=9419"}],"wp:term":[{"taxonomy":"category","embeddable":true,"href":"https:\/\/projectes.xtec.cat\/occita\/wp-json\/wp\/v2\/categories?post=9419"},{"taxonomy":"post_tag","embeddable":true,"href":"https:\/\/projectes.xtec.cat\/occita\/wp-json\/wp\/v2\/tags?post=9419"}],"curies":[{"name":"wp","href":"https:\/\/api.w.org\/{rel}","templated":true}]}}