{"id":10083,"date":"2024-02-21T09:22:55","date_gmt":"2024-02-21T08:22:55","guid":{"rendered":"https:\/\/projectes.xtec.cat\/origen\/?p=10083"},"modified":"2024-02-21T09:22:55","modified_gmt":"2024-02-21T08:22:55","slug":"en-el-dia-de-les-llengues-maternes-una-ma-de-contes-amplia-el-cataleg-de-titols-i-idiomes-per-promoure-el-patrimoni-linguistic-i-acostar-la-llengua-catalana-als-infants-nouvinguts","status":"publish","type":"post","link":"https:\/\/projectes.xtec.cat\/origen\/portada\/en-el-dia-de-les-llengues-maternes-una-ma-de-contes-amplia-el-cataleg-de-titols-i-idiomes-per-promoure-el-patrimoni-linguistic-i-acostar-la-llengua-catalana-als-infants-nouvinguts\/","title":{"rendered":"En el Dia de les Lleng\u00fces Maternes, &#8220;Una m\u00e0 de contes&#8221; amplia el cat\u00e0leg de t\u00edtols i idiomes per promoure el patrimoni ling\u00fc\u00edstic i acostar la llengua catalana als infants nouvinguts"},"content":{"rendered":"<div>\n<p><strong><span xml:lang=\"CA-ES\" data-contrast=\"auto\">Dimecres, 21 de febrer, el SX3 estrenar\u00e0 cinc contes inspirats en cultures d&#8217;arreu del m\u00f3n. La producci\u00f3 d&#8217;aquests cap\u00edtols nous \u00e9s fruit del conveni de col\u00b7laboraci\u00f3 entre 3Cat i la C\u00e0tedra\u00a0<\/span>Unesco de Patrimoni Ling\u00fc\u00edstic Mundial de la Universitat del Pa\u00eds Basc. Aquests contes se sumen a l&#8217;ampli cat\u00e0leg de gaireb\u00e9 300 t\u00edtols d'&#8221;Una m\u00e0 de contes&#8221;, amb cap\u00edtols que es poden consultar en m\u00e9s d&#8217;una vintena d&#8217;idiomes, un programa cl\u00e0ssic del SX3 que tamb\u00e9 col\u00b7labora amb el Servei de Lleng\u00fces Estrangeres i d&#8217;Origen del Departament d&#8217;Educaci\u00f3 de la Generalitat<span xml:lang=\"CA-ES\" data-contrast=\"none\">.\u00a0<\/span>\u00a0<\/strong><\/p>\n<\/div>\n<div>\n<p><strong><span xml:lang=\"CA-ES\" data-contrast=\"auto\">L&#8217;objectiu d&#8217;aquestes col\u00b7laboracions \u00e9s promoure la diversitat i el patrimoni ling\u00fc\u00edstic a les aules, defensar les lleng\u00fces minorit\u00e0ries o en perill de desaparici\u00f3, i facilitar eines per a l&#8217;aprenentatge del catal\u00e0 als infants nouvinguts, a trav\u00e9s de la seva pr\u00f2pia llengua<\/span><span xml:lang=\"CA-ES\" data-contrast=\"none\">.<\/span>\u00a0<\/strong><\/p>\n<\/div>\n<div>\n<p>&nbsp;<\/p>\n<\/div>\n<div>\n<p><span xml:lang=\"CA-ES\" data-contrast=\"none\">Els cinc t\u00edtols nous\u00a0<\/span>d'&#8221;<a href=\"https:\/\/www.ccma.cat\/tv3\/sx3\/una-ma-de-contes\/\" target=\"_blank\" rel=\"noreferrer noopener\"><span xml:lang=\"CA-ES\" data-contrast=\"none\"><span data-ccp-charstyle=\"Hyperlink\">Una<\/span><span data-ccp-charstyle=\"Hyperlink\">\u00a0m\u00e0 de contes<\/span><\/span><\/a><span xml:lang=\"CA-ES\" data-contrast=\"none\">&#8221;\u00a0<\/span>que el\u00a0<a href=\"http:\/\/www.sx3.cat\/\" target=\"_blank\" rel=\"noreferrer noopener\"><span xml:lang=\"CA-ES\" data-contrast=\"none\"><span data-ccp-charstyle=\"Hyperlink\">SX3<\/span><\/span><\/a><span xml:lang=\"CA-ES\" data-contrast=\"none\">\u00a0estrenar<\/span>\u00e0 el 21 de febrer, Dia Mundial de les Lleng\u00fces Maternes, s&#8217;inspiren en diferents tradicions culturals: &#8220;<span xml:lang=\"CA-ES\" data-contrast=\"none\">E<\/span>guzkilore, la flor del sol<span xml:lang=\"CA-ES\" data-contrast=\"none\">&#8221; \u00e9s un conte popular d&#8217;Euskadi; &#8220;<\/span><span xml:lang=\"CA-ES\" data-contrast=\"none\">Nahuel i el Jaguar<\/span><span xml:lang=\"CA-ES\" data-contrast=\"none\">&#8221; prov\u00e9 de la cultura maia; &#8220;<\/span><span xml:lang=\"CA-ES\" data-contrast=\"none\">L&#8217;arbre de la vida<\/span><span xml:lang=\"CA-ES\" data-contrast=\"none\">&#8220;, de<\/span>\u00a0l&#8217;Amaz\u00f2nia; &#8220;<span xml:lang=\"CA-ES\" data-contrast=\"none\">Un m\u00f3n de somnis<\/span><span xml:lang=\"CA-ES\" data-contrast=\"none\">&#8220;, de la cultura aborigen d&#8217;Austr\u00e0lia, i &#8220;<\/span><span xml:lang=\"CA-ES\" data-contrast=\"none\">El nen salm\u00f3<\/span><span xml:lang=\"CA-ES\" data-contrast=\"none\">&#8220;, dels pobles inuit de l&#8217;\u00c0rtic. Documentats per l&#8217;equip d&#8217;especialistes de la C\u00e0tedra<\/span>\u00a0Unesco de la Universitat del Pa\u00eds Basc, els contes han estat adaptats per\u00a0<strong>Mireia Vidal<\/strong>, autora de literatura infantil i premi Serra d&#8217;Or de la Cr\u00edtica, i il\u00b7lustrats per\u00a0<strong>Gustavo Rosemffed, &#8220;Gusti&#8221;<\/strong>, professor d&#8217;Il\u00b7lustraci\u00f3 a l&#8217;escola EINA i premi de la Bologna Children&#8217;s Book Fair. La narraci\u00f3 en catal\u00e0 ha anat a c\u00e0rrec de l&#8217;actriu\u00a0<strong>Alba Pujol<\/strong>\u00a0i el doblatge a l&#8217;euskera l&#8217;ha fet\u00a0<strong>Elisabet Zunzunegi<\/strong>, d&#8217;Euskal Telebista. Els contes disposen de subt\u00edtols en catal\u00e0.<\/p>\n<\/div>\n<div>\n<p><span xml:lang=\"CA-ES\" data-contrast=\"none\">En el marc del decenni que la\u00a0<\/span>Unesco dedica a les lleg\u00fces abor\u00edgens, entre el 2022 i el 2032, tamb\u00e9 es publicaran al SX3 les versions del conte &#8220;Eguzkilore, la flor del sol&#8221; en altres idiomes: francoproven\u00e7al, lad\u00ed, tyap, saami, nahuat i forro. Aquest treball, fet a partir dels tallers de doblatge organitzats per la C\u00e0tedra Unesco del Pa\u00eds Basc, pret\u00e9n ampliar el ventall de lleng\u00fces dels contes i posar-los a disposici\u00f3 de les diferents comunitats ling\u00fc\u00edstiques amb les quals col\u00b7labora.<\/p>\n<\/div>\n<div>\n<p><span xml:lang=\"CA-ES\" data-contrast=\"none\">A m\u00e9s, l&#8217;equip\u00a0<\/span>d'&#8221;Una m\u00e0 de contes&#8221; ha participat en una experi\u00e8ncia pilot amb el Servei de Lleng\u00fces Estrangeres i d&#8217;Origen del Departament d&#8217;Educaci\u00f3, a partir de la qual un grup d&#8217;escoles i instituts han tradu\u00eft i doblat una selecci\u00f3 de cap\u00edtols del programa a idiomes d&#8217;origen de l&#8217;alumnat. L&#8217;objectiu \u00e9s donar a con\u00e8ixer la diversitat i el patrimoni ling\u00fc\u00edstic viu a les aules, a m\u00e9s d&#8217;acostar el mateix alumnat a la producci\u00f3 audiovisual. Amb la revisi\u00f3 i el vistiplau de familiars i professorat especialitzat, s&#8217;han tradu\u00eft diversos contes al franc\u00e8s, el gallec, el roman\u00e8s, l&#8217;urd\u00fa, el xin\u00e8s, el d\u00e0riya, el rifeny i el twi, a m\u00e9s de les variants del catal\u00e0 mallorqu\u00ed i tortos\u00ed.<\/p>\n<\/div>\n<div>\n<p><span xml:lang=\"CA-ES\" data-contrast=\"none\">Aquestes noves versions se sumen al cat\u00e0leg\u00a0<\/span>d'&#8221;Una m\u00e0 de contes&#8221;, que actualment compta amb una col\u00b7lecci\u00f3 de dos-cents vuitanta t\u00edtols originals en catal\u00e0 i amb versions de diversos contes que es poden consultar en 25 idiomes diferents. El programa, amb m\u00e9s de vint anys de traject\u00f2ria, recupera la millor tradici\u00f3 de la literatura infantil i la combina amb les avantguardes art\u00edstiques.<\/p>\n<\/div>\n<p>&nbsp;<\/p>\n<p>&nbsp;<\/p>\n<p>&nbsp;<\/p>\n<p>&nbsp;<\/p>\n<p><a href=\"https:\/\/www.ccma.cat\/premsa\/el-sx3-estrena-cinc-capitols-nous-duna-ma-de-contes-de-la-ma-de-la-catedra-unesco-de-patrimoni-linguistic-mundial\/nota-de-premsa\/3277506\/\">https:\/\/www.ccma.cat\/premsa\/el-sx3-estrena-cinc-capitols-nous-duna-ma-de-contes-de-la-ma-de-la-catedra-unesco-de-patrimoni-linguistic-mundial\/nota-de-premsa\/3277506\/<\/a><\/p>\n","protected":false},"excerpt":{"rendered":"<p>Dimecres, 21 de febrer, el SX3 estrenar\u00e0 cinc contes inspirats en cultures d&#8217;arreu del m\u00f3n. La producci\u00f3 d&#8217;aquests cap\u00edtols nous \u00e9s fruit del conveni de col\u00b7laboraci\u00f3 entre 3Cat i la C\u00e0tedra\u00a0Unesco de Patrimoni Ling\u00fc\u00edstic Mundial de la Universitat del Pa\u00eds Basc. Aquests contes se sumen&hellip;  <a href=\"https:\/\/projectes.xtec.cat\/origen\/portada\/en-el-dia-de-les-llengues-maternes-una-ma-de-contes-amplia-el-cataleg-de-titols-i-idiomes-per-promoure-el-patrimoni-linguistic-i-acostar-la-llengua-catalana-als-infants-nouvinguts\/\" title=\"Read En el Dia de les Lleng\u00fces Maternes, &#8220;Una m\u00e0 de contes&#8221; amplia el cat\u00e0leg de t\u00edtols i idiomes per promoure el patrimoni ling\u00fc\u00edstic i acostar la llengua catalana als infants nouvinguts\">Llegeix m\u00e9s\u00bb<\/a><\/p>\n","protected":false},"author":5,"featured_media":0,"comment_status":"open","ping_status":"closed","sticky":false,"template":"","format":"standard","meta":{"_bbp_topic_count":0,"_bbp_reply_count":0,"_bbp_total_topic_count":0,"_bbp_total_reply_count":0,"_bbp_voice_count":0,"_bbp_anonymous_reply_count":0,"_bbp_topic_count_hidden":0,"_bbp_reply_count_hidden":0,"_bbp_forum_subforum_count":0,"footnotes":""},"categories":[29],"tags":[],"class_list":["post-10083","post","type-post","status-publish","format-standard","hentry","category-portada"],"post_mailing_queue_ids":[],"_links":{"self":[{"href":"https:\/\/projectes.xtec.cat\/origen\/wp-json\/wp\/v2\/posts\/10083","targetHints":{"allow":["GET"]}}],"collection":[{"href":"https:\/\/projectes.xtec.cat\/origen\/wp-json\/wp\/v2\/posts"}],"about":[{"href":"https:\/\/projectes.xtec.cat\/origen\/wp-json\/wp\/v2\/types\/post"}],"author":[{"embeddable":true,"href":"https:\/\/projectes.xtec.cat\/origen\/wp-json\/wp\/v2\/users\/5"}],"replies":[{"embeddable":true,"href":"https:\/\/projectes.xtec.cat\/origen\/wp-json\/wp\/v2\/comments?post=10083"}],"version-history":[{"count":2,"href":"https:\/\/projectes.xtec.cat\/origen\/wp-json\/wp\/v2\/posts\/10083\/revisions"}],"predecessor-version":[{"id":10085,"href":"https:\/\/projectes.xtec.cat\/origen\/wp-json\/wp\/v2\/posts\/10083\/revisions\/10085"}],"wp:attachment":[{"href":"https:\/\/projectes.xtec.cat\/origen\/wp-json\/wp\/v2\/media?parent=10083"}],"wp:term":[{"taxonomy":"category","embeddable":true,"href":"https:\/\/projectes.xtec.cat\/origen\/wp-json\/wp\/v2\/categories?post=10083"},{"taxonomy":"post_tag","embeddable":true,"href":"https:\/\/projectes.xtec.cat\/origen\/wp-json\/wp\/v2\/tags?post=10083"}],"curies":[{"name":"wp","href":"https:\/\/api.w.org\/{rel}","templated":true}]}}