{"id":10285,"date":"2024-10-24T12:12:40","date_gmt":"2024-10-24T10:12:40","guid":{"rendered":"https:\/\/projectes.xtec.cat\/origen\/?p=10285"},"modified":"2024-10-24T12:12:40","modified_gmt":"2024-10-24T10:12:40","slug":"activitats-destacades-a-casa-asia-per-a-estudiants-i-joves-cinema-asiatic-i-trobada-amb-joves-maoris-de-nova-zelanda","status":"publish","type":"post","link":"https:\/\/projectes.xtec.cat\/origen\/general\/activitats-destacades-a-casa-asia-per-a-estudiants-i-joves-cinema-asiatic-i-trobada-amb-joves-maoris-de-nova-zelanda\/","title":{"rendered":"Activitats destacades a Casa \u00c0sia per a estudiants i joves: cinema asi\u00e0tic i trobada amb joves maoris de Nova Zelanda"},"content":{"rendered":"<p>Casa \u00c0sia continua oferint iniciatives culturals que apropen les tradicions i perspectives d&#8217;\u00c0sia i Oceania al p\u00fablic m\u00e9s jove. Aquest mes d&#8217;octubre, presenta dues activitats destacades: les <em>Matinals de cinema asi\u00e0tic<\/em> i una trobada amb <em>joves maor\u00eds de Nova Zelanda<\/em>.<\/p>\n<h3>1. <strong>Matinals de cinema asi\u00e0tic per a estudiants de secund\u00e0ria<\/strong><\/h3>\n<p><a href=\"https:\/\/projectes.xtec.cat\/origen\/wp-content\/uploads\/usu2451\/2024\/01\/entrada-de-cine.png\"><img loading=\"lazy\" decoding=\"async\" class=\"wp-image-10043 alignleft\" src=\"https:\/\/projectes.xtec.cat\/origen\/wp-content\/uploads\/usu2451\/2024\/01\/entrada-de-cine.png\" alt=\"\" width=\"142\" height=\"142\" srcset=\"https:\/\/projectes.xtec.cat\/origen\/wp-content\/uploads\/usu2451\/2024\/01\/entrada-de-cine.png 512w, https:\/\/projectes.xtec.cat\/origen\/wp-content\/uploads\/usu2451\/2024\/01\/entrada-de-cine-300x300.png 300w, https:\/\/projectes.xtec.cat\/origen\/wp-content\/uploads\/usu2451\/2024\/01\/entrada-de-cine-150x150.png 150w\" sizes=\"auto, (max-width: 142px) 100vw, 142px\" \/><\/a>Del 23 al 31 d&#8217;octubre de 2024, Casa \u00c0sia organitza una nova edici\u00f3 de les <strong>Matinals de cinema asi\u00e0tic<\/strong> per a estudiants de secund\u00e0ria als Cinemes Girona de Barcelona. Aquesta activitat permet als joves descobrir la riquesa del cinema asi\u00e0tic a trav\u00e9s d\u2019una selecci\u00f3 de pel\u00b7l\u00edcules que aborden temes culturals, hist\u00f2rics i socials rellevants d&#8217;aquest continent.<\/p>\n<p>Els centres educatius ja poden comen\u00e7ar a contactar per reservar pla\u00e7a per a l&#8217;edici\u00f3 que tindr\u00e0 lloc el <strong>febrer de 2025<\/strong>. \u00c9s una activitat did\u00e0ctica que complementa els curr\u00edculums escolars i fomenta l&#8217;inter\u00e8s per altres cultures a trav\u00e9s del set\u00e8 art.<\/p>\n<p>\ud83d\udd17 <strong>M\u00e9s informaci\u00f3<\/strong>: <a href=\"https:\/\/www.casaasia.cat\/actualidad\/matinales-de-cine-asiatico-para-estudiantes-de-secundaria\/\" target=\"_new\" rel=\"noopener\">Matinals de cinema asi\u00e0tic<\/a><\/p>\n<h3>2. <strong>Trobada amb joves maoris de Nova Zelanda<\/strong><\/h3>\n<h3><img loading=\"lazy\" decoding=\"async\" class=\"\" style=\"font-size: 16px; font-weight: normal;\" src=\"https:\/\/static.casaasia.es\/2024\/10\/noti-bambu-maoris.jpg\" width=\"247\" height=\"139\" \/><\/h3>\n<p>Una altra activitat destacada \u00e9s la <strong>trobada amb joves maoris de Nova Zelanda<\/strong>, on aquests representants de la cultura ind\u00edgena oferiran una s\u00e8rie d&#8217;actes i converses centrades en la seva tradici\u00f3, hist\u00f2ria i lluites contempor\u00e0nies. \u00c9s una ocasi\u00f3 \u00fanica per connectar amb una de les cultures m\u00e9s antigues i fascinants del m\u00f3n.<\/p>\n<p>Aquest esdeveniment s\u2019emmarca en la missi\u00f3 de Casa \u00c0sia de promoure l\u2019intercanvi cultural i oferir noves perspectives als joves. A trav\u00e9s d&#8217;aquestes trobades, els participants podran aprendre directament dels protagonistes sobre temes com la identitat, la llengua i les expressions art\u00edstiques.<\/p>\n<p>\ud83d\udd17 <strong>M\u00e9s informaci\u00f3<\/strong>: <a href=\"https:\/\/www.casaasia.cat\/actualidad\/jovenes-maories-de-nueva-zelanda\/\" target=\"_new\" rel=\"noopener\">Joves maoris de Nova Zelanda<\/a><\/p>\n<p>&nbsp;<\/p>\n","protected":false},"excerpt":{"rendered":"<p>Casa \u00c0sia continua oferint iniciatives culturals que apropen les tradicions i perspectives d&#8217;\u00c0sia i Oceania al p\u00fablic m\u00e9s jove. Aquest mes d&#8217;octubre, presenta dues activitats destacades: les Matinals de cinema asi\u00e0tic i una trobada amb joves maor\u00eds de Nova Zelanda.<br \/>\n1. Matinals de cinema asi\u00e0tic per&hellip;  <a href=\"https:\/\/projectes.xtec.cat\/origen\/general\/activitats-destacades-a-casa-asia-per-a-estudiants-i-joves-cinema-asiatic-i-trobada-amb-joves-maoris-de-nova-zelanda\/\" title=\"Read Activitats destacades a Casa \u00c0sia per a estudiants i joves: cinema asi\u00e0tic i trobada amb joves maoris de Nova Zelanda\">Llegeix m\u00e9s\u00bb<\/a><\/p>\n","protected":false},"author":4,"featured_media":10289,"comment_status":"open","ping_status":"closed","sticky":false,"template":"","format":"standard","meta":{"_bbp_topic_count":0,"_bbp_reply_count":0,"_bbp_total_topic_count":0,"_bbp_total_reply_count":0,"_bbp_voice_count":0,"_bbp_anonymous_reply_count":0,"_bbp_topic_count_hidden":0,"_bbp_reply_count_hidden":0,"_bbp_forum_subforum_count":0,"footnotes":""},"categories":[1,29],"tags":[],"class_list":["post-10285","post","type-post","status-publish","format-standard","has-post-thumbnail","hentry","category-general","category-portada"],"post_mailing_queue_ids":[],"_links":{"self":[{"href":"https:\/\/projectes.xtec.cat\/origen\/wp-json\/wp\/v2\/posts\/10285","targetHints":{"allow":["GET"]}}],"collection":[{"href":"https:\/\/projectes.xtec.cat\/origen\/wp-json\/wp\/v2\/posts"}],"about":[{"href":"https:\/\/projectes.xtec.cat\/origen\/wp-json\/wp\/v2\/types\/post"}],"author":[{"embeddable":true,"href":"https:\/\/projectes.xtec.cat\/origen\/wp-json\/wp\/v2\/users\/4"}],"replies":[{"embeddable":true,"href":"https:\/\/projectes.xtec.cat\/origen\/wp-json\/wp\/v2\/comments?post=10285"}],"version-history":[{"count":6,"href":"https:\/\/projectes.xtec.cat\/origen\/wp-json\/wp\/v2\/posts\/10285\/revisions"}],"predecessor-version":[{"id":10293,"href":"https:\/\/projectes.xtec.cat\/origen\/wp-json\/wp\/v2\/posts\/10285\/revisions\/10293"}],"wp:featuredmedia":[{"embeddable":true,"href":"https:\/\/projectes.xtec.cat\/origen\/wp-json\/wp\/v2\/media\/10289"}],"wp:attachment":[{"href":"https:\/\/projectes.xtec.cat\/origen\/wp-json\/wp\/v2\/media?parent=10285"}],"wp:term":[{"taxonomy":"category","embeddable":true,"href":"https:\/\/projectes.xtec.cat\/origen\/wp-json\/wp\/v2\/categories?post=10285"},{"taxonomy":"post_tag","embeddable":true,"href":"https:\/\/projectes.xtec.cat\/origen\/wp-json\/wp\/v2\/tags?post=10285"}],"curies":[{"name":"wp","href":"https:\/\/api.w.org\/{rel}","templated":true}]}}