{"id":10372,"date":"2024-12-20T09:30:32","date_gmt":"2024-12-20T08:30:32","guid":{"rendered":"https:\/\/projectes.xtec.cat\/origen\/?p=10372"},"modified":"2024-12-19T16:32:18","modified_gmt":"2024-12-19T15:32:18","slug":"ruta-cultural-de-la-memoria-historica-i-de-la-gracia-gitana","status":"publish","type":"post","link":"https:\/\/projectes.xtec.cat\/origen\/general\/ruta-cultural-de-la-memoria-historica-i-de-la-gracia-gitana\/","title":{"rendered":"Ruta Cultural de la Mem\u00f2ria Hist\u00f2rica i de la Gr\u00e0cia Gitana"},"content":{"rendered":"<p>Amb l\u2019objectiu de promoure la integraci\u00f3 de la mem\u00f2ria hist\u00f2rica gitana dins del context catal\u00e0, l\u2019entitat RROMANIPE\u00b4S, subvencionada pel Departament de Cultura, impulsa el projecte pel foment de la llengua catalana a trav\u00e9s de la hist\u00f2ria del poble gitano. Aquest projecte vol preservar i difondre la riquesa cultural d\u2019una comunitat que forma part essencial de la societat catalana des de fa m\u00e9s de sis segles.<\/p>\n<p>Un dels pilars d\u2019aquesta iniciativa \u00e9s la <strong>Ruta Cultural de la Mem\u00f2ria Hist\u00f2rica i de la Gr\u00e0cia Gitana<\/strong>, que s\u2019ofereix en catal\u00e0 i en angl\u00e8s, per apropar aquesta experi\u00e8ncia tant a la ciutadania com als visitants estrangers. Aquesta ruta convida a descobrir els carrers del barri de Gr\u00e0cia, escenari de moments emblem\u00e0tics i figures ic\u00f2niques com Moncho, El Pesca\u00edlla i Gato P\u00e9rez, que han deixat una empremta inesborrable a la cultura catalana i gitana.<\/p>\n<p><a href=\"https:\/\/projectes.xtec.cat\/origen\/wp-content\/uploads\/usu2451\/2024\/12\/Ruta-Cultura-de-la-Memoria-Historica-de-la-Gracia-Gitana-cat-1.pdf\"><img loading=\"lazy\" decoding=\"async\" class=\"size-large wp-image-10376 aligncenter\" src=\"https:\/\/projectes.xtec.cat\/origen\/wp-content\/uploads\/usu2451\/2024\/12\/Ruta-Cultura-de-la-Memoria-Historica-de-la-Gracia-Gitana-cat_page-0001-1-410x1024.jpg\" alt=\"\" width=\"410\" height=\"1024\" srcset=\"https:\/\/projectes.xtec.cat\/origen\/wp-content\/uploads\/usu2451\/2024\/12\/Ruta-Cultura-de-la-Memoria-Historica-de-la-Gracia-Gitana-cat_page-0001-1-410x1024.jpg 410w, https:\/\/projectes.xtec.cat\/origen\/wp-content\/uploads\/usu2451\/2024\/12\/Ruta-Cultura-de-la-Memoria-Historica-de-la-Gracia-Gitana-cat_page-0001-1-120x300.jpg 120w, https:\/\/projectes.xtec.cat\/origen\/wp-content\/uploads\/usu2451\/2024\/12\/Ruta-Cultura-de-la-Memoria-Historica-de-la-Gracia-Gitana-cat_page-0001-1-768x1920.jpg 768w, https:\/\/projectes.xtec.cat\/origen\/wp-content\/uploads\/usu2451\/2024\/12\/Ruta-Cultura-de-la-Memoria-Historica-de-la-Gracia-Gitana-cat_page-0001-1-819x2048.jpg 819w, https:\/\/projectes.xtec.cat\/origen\/wp-content\/uploads\/usu2451\/2024\/12\/Ruta-Cultura-de-la-Memoria-Historica-de-la-Gracia-Gitana-cat_page-0001-1-scaled.jpg 1024w\" sizes=\"auto, (max-width: 410px) 100vw, 410px\" \/><\/a><\/p>\n<h3>Informaci\u00f3 pr\u00e0ctica:<\/h3>\n<ul>\n<li><strong>Punt de trobada<\/strong>: Pla\u00e7a de la Vila de Gr\u00e0cia, n\u00fam. 19 (davant de la Llibreria La Mem\u00f2ria).<\/li>\n<li><strong>Durada<\/strong>: 2 hores aproximadament.<\/li>\n<li><strong>Nota<\/strong>: Es recomana arribar amb 10 minuts d\u2019antelaci\u00f3.<\/li>\n<\/ul>\n<p><strong>Vols participar-hi?<\/strong><br \/>\nContacta a trav\u00e9s del correu electr\u00f2nic <a rel=\"noopener\">jovesgitanos.gracia@gmail.com<\/a> o truca al 628 062 764.<\/p>\n","protected":false},"excerpt":{"rendered":"<p>Amb l\u2019objectiu de promoure la integraci\u00f3 de la mem\u00f2ria hist\u00f2rica gitana dins del context catal\u00e0, l\u2019entitat RROMANIPE\u00b4S, subvencionada pel Departament de Cultura, impulsa el projecte pel foment de la llengua catalana a trav\u00e9s de la hist\u00f2ria del poble gitano. Aquest projecte vol preservar i difondre&hellip;  <a href=\"https:\/\/projectes.xtec.cat\/origen\/general\/ruta-cultural-de-la-memoria-historica-i-de-la-gracia-gitana\/\" title=\"Read Ruta Cultural de la Mem\u00f2ria Hist\u00f2rica i de la Gr\u00e0cia Gitana\">Llegeix m\u00e9s\u00bb<\/a><\/p>\n","protected":false},"author":4,"featured_media":10376,"comment_status":"open","ping_status":"closed","sticky":false,"template":"","format":"standard","meta":{"_bbp_topic_count":0,"_bbp_reply_count":0,"_bbp_total_topic_count":0,"_bbp_total_reply_count":0,"_bbp_voice_count":0,"_bbp_anonymous_reply_count":0,"_bbp_topic_count_hidden":0,"_bbp_reply_count_hidden":0,"_bbp_forum_subforum_count":0,"footnotes":""},"categories":[1,29],"tags":[],"class_list":["post-10372","post","type-post","status-publish","format-standard","has-post-thumbnail","hentry","category-general","category-portada"],"post_mailing_queue_ids":[],"_links":{"self":[{"href":"https:\/\/projectes.xtec.cat\/origen\/wp-json\/wp\/v2\/posts\/10372","targetHints":{"allow":["GET"]}}],"collection":[{"href":"https:\/\/projectes.xtec.cat\/origen\/wp-json\/wp\/v2\/posts"}],"about":[{"href":"https:\/\/projectes.xtec.cat\/origen\/wp-json\/wp\/v2\/types\/post"}],"author":[{"embeddable":true,"href":"https:\/\/projectes.xtec.cat\/origen\/wp-json\/wp\/v2\/users\/4"}],"replies":[{"embeddable":true,"href":"https:\/\/projectes.xtec.cat\/origen\/wp-json\/wp\/v2\/comments?post=10372"}],"version-history":[{"count":5,"href":"https:\/\/projectes.xtec.cat\/origen\/wp-json\/wp\/v2\/posts\/10372\/revisions"}],"predecessor-version":[{"id":10380,"href":"https:\/\/projectes.xtec.cat\/origen\/wp-json\/wp\/v2\/posts\/10372\/revisions\/10380"}],"wp:featuredmedia":[{"embeddable":true,"href":"https:\/\/projectes.xtec.cat\/origen\/wp-json\/wp\/v2\/media\/10376"}],"wp:attachment":[{"href":"https:\/\/projectes.xtec.cat\/origen\/wp-json\/wp\/v2\/media?parent=10372"}],"wp:term":[{"taxonomy":"category","embeddable":true,"href":"https:\/\/projectes.xtec.cat\/origen\/wp-json\/wp\/v2\/categories?post=10372"},{"taxonomy":"post_tag","embeddable":true,"href":"https:\/\/projectes.xtec.cat\/origen\/wp-json\/wp\/v2\/tags?post=10372"}],"curies":[{"name":"wp","href":"https:\/\/api.w.org\/{rel}","templated":true}]}}