{"id":10462,"date":"2025-06-03T13:29:30","date_gmt":"2025-06-03T11:29:30","guid":{"rendered":"https:\/\/projectes.xtec.cat\/origen\/?p=10462"},"modified":"2025-06-04T09:21:28","modified_gmt":"2025-06-04T07:21:28","slug":"arab-congres-internacional-cidela-iii","status":"publish","type":"post","link":"https:\/\/projectes.xtec.cat\/origen\/portada\/arab-congres-internacional-cidela-iii\/","title":{"rendered":"\u00c0rab: Congr\u00e9s Internacional CIDELA III"},"content":{"rendered":"<p data-start=\"144\" data-end=\"444\">L\u2019associaci\u00f3 SEDLA (Sociedad Espa\u00f1ola de Docentes de Lengua \u00c1rabe) ha anunciat la celebraci\u00f3 del <strong data-start=\"256\" data-end=\"292\">Congr\u00e9s Internacional CIDELA III<\/strong>, que tindr\u00e0 lloc els dies <strong data-start=\"319\" data-end=\"347\">29 i 30 de gener de 2026<\/strong> a l\u2019<strong data-start=\"352\" data-end=\"393\">Escola Oficial d\u2019Idiomes de Tarragona<\/strong>, amb un format <strong data-start=\"409\" data-end=\"419\">h\u00edbrid<\/strong> (presencial i en l\u00ednia).<\/p>\n<p data-start=\"446\" data-end=\"724\">Aquest congr\u00e9s s\u2019adre\u00e7a especialment a les persones interessades en l\u2019<strong data-start=\"516\" data-end=\"561\">ensenyament de l\u2019\u00e0rab<\/strong>, i pret\u00e9n esdevenir un espai de trobada i reflexi\u00f3 entorn de la did\u00e0ctica, la mediaci\u00f3 ling\u00fc\u00edstica i les pol\u00edtiques ling\u00fc\u00edstiques en contextos educatius diversos.<\/p>\n<p data-start=\"726\" data-end=\"938\">El <strong data-start=\"729\" data-end=\"781\">per\u00edode d\u2019enviament de comunicacions ja \u00e9s obert<\/strong>, i es convida a participar-hi tant professionals de l\u2019ensenyament com investigadors i estudiants vinculats a l\u2019\u00e0mbit de les lleng\u00fces i la interculturalitat.<\/p>\n<p data-start=\"940\" data-end=\"1188\">Tota la informaci\u00f3 sobre la convocat\u00f2ria, l\u2019equip organitzador, les l\u00ednies tem\u00e0tiques i el formulari d\u2019inscripci\u00f3 est\u00e0 disponible a la p\u00e0gina oficial del congr\u00e9s:<br data-start=\"1102\" data-end=\"1105\" \/>\ud83d\udd17 <a class=\"\" href=\"https:\/\/sedla.org\/congreso\/cidela-iii\/\" target=\"_new\" rel=\"noopener\" data-start=\"1108\" data-end=\"1188\">https:\/\/sedla.org\/congreso\/cidela-iii\/<\/a><\/p>\n<p data-start=\"1190\" data-end=\"1291\">A m\u00e9s, podeu consultar i descarregar el cartell de l\u2019esdeveniment, que tamb\u00e9 compartim a continuaci\u00f3.<\/p>\n<p data-start=\"1293\" data-end=\"1439\"><a href=\"https:\/\/projectes.xtec.cat\/origen\/wp-content\/uploads\/usu2451\/2025\/06\/Cartel-cidela-III.png\"><img loading=\"lazy\" decoding=\"async\" class=\"alignnone size-large wp-image-10463\" src=\"https:\/\/projectes.xtec.cat\/origen\/wp-content\/uploads\/usu2451\/2025\/06\/Cartel-cidela-III-724x1024.png\" alt=\"\" width=\"724\" height=\"1024\" srcset=\"https:\/\/projectes.xtec.cat\/origen\/wp-content\/uploads\/usu2451\/2025\/06\/Cartel-cidela-III-724x1024.png 724w, https:\/\/projectes.xtec.cat\/origen\/wp-content\/uploads\/usu2451\/2025\/06\/Cartel-cidela-III-212x300.png 212w, https:\/\/projectes.xtec.cat\/origen\/wp-content\/uploads\/usu2451\/2025\/06\/Cartel-cidela-III-768x1086.png 768w, https:\/\/projectes.xtec.cat\/origen\/wp-content\/uploads\/usu2451\/2025\/06\/Cartel-cidela-III-1086x1536.png 1086w, https:\/\/projectes.xtec.cat\/origen\/wp-content\/uploads\/usu2451\/2025\/06\/Cartel-cidela-III-1448x2048.png 1448w, https:\/\/projectes.xtec.cat\/origen\/wp-content\/uploads\/usu2451\/2025\/06\/Cartel-cidela-III.png 1587w\" sizes=\"auto, (max-width: 724px) 100vw, 724px\" \/><\/a><\/p>\n","protected":false},"excerpt":{"rendered":"<p>L\u2019associaci\u00f3 SEDLA (Sociedad Espa\u00f1ola de Docentes de Lengua \u00c1rabe) ha anunciat la celebraci\u00f3 del Congr\u00e9s Internacional CIDELA III, que tindr\u00e0 lloc els dies 29 i 30 de gener de 2026 a l\u2019Escola Oficial d\u2019Idiomes de Tarragona, amb un format h\u00edbrid (presencial i en l\u00ednia).<br \/>\nAquest congr\u00e9s&hellip;  <a href=\"https:\/\/projectes.xtec.cat\/origen\/portada\/arab-congres-internacional-cidela-iii\/\" title=\"Read \u00c0rab: Congr\u00e9s Internacional CIDELA III\">Llegeix m\u00e9s\u00bb<\/a><\/p>\n","protected":false},"author":4,"featured_media":10463,"comment_status":"open","ping_status":"closed","sticky":false,"template":"","format":"standard","meta":{"_bbp_topic_count":0,"_bbp_reply_count":0,"_bbp_total_topic_count":0,"_bbp_total_reply_count":0,"_bbp_voice_count":0,"_bbp_anonymous_reply_count":0,"_bbp_topic_count_hidden":0,"_bbp_reply_count_hidden":0,"_bbp_forum_subforum_count":0,"footnotes":""},"categories":[29],"tags":[],"class_list":["post-10462","post","type-post","status-publish","format-standard","has-post-thumbnail","hentry","category-portada"],"post_mailing_queue_ids":[],"_links":{"self":[{"href":"https:\/\/projectes.xtec.cat\/origen\/wp-json\/wp\/v2\/posts\/10462","targetHints":{"allow":["GET"]}}],"collection":[{"href":"https:\/\/projectes.xtec.cat\/origen\/wp-json\/wp\/v2\/posts"}],"about":[{"href":"https:\/\/projectes.xtec.cat\/origen\/wp-json\/wp\/v2\/types\/post"}],"author":[{"embeddable":true,"href":"https:\/\/projectes.xtec.cat\/origen\/wp-json\/wp\/v2\/users\/4"}],"replies":[{"embeddable":true,"href":"https:\/\/projectes.xtec.cat\/origen\/wp-json\/wp\/v2\/comments?post=10462"}],"version-history":[{"count":2,"href":"https:\/\/projectes.xtec.cat\/origen\/wp-json\/wp\/v2\/posts\/10462\/revisions"}],"predecessor-version":[{"id":10465,"href":"https:\/\/projectes.xtec.cat\/origen\/wp-json\/wp\/v2\/posts\/10462\/revisions\/10465"}],"wp:featuredmedia":[{"embeddable":true,"href":"https:\/\/projectes.xtec.cat\/origen\/wp-json\/wp\/v2\/media\/10463"}],"wp:attachment":[{"href":"https:\/\/projectes.xtec.cat\/origen\/wp-json\/wp\/v2\/media?parent=10462"}],"wp:term":[{"taxonomy":"category","embeddable":true,"href":"https:\/\/projectes.xtec.cat\/origen\/wp-json\/wp\/v2\/categories?post=10462"},{"taxonomy":"post_tag","embeddable":true,"href":"https:\/\/projectes.xtec.cat\/origen\/wp-json\/wp\/v2\/tags?post=10462"}],"curies":[{"name":"wp","href":"https:\/\/api.w.org\/{rel}","templated":true}]}}