{"id":10492,"date":"2025-09-05T13:52:28","date_gmt":"2025-09-05T11:52:28","guid":{"rendered":"https:\/\/projectes.xtec.cat\/origen\/?p=10492"},"modified":"2025-09-05T13:52:28","modified_gmt":"2025-09-05T11:52:28","slug":"les-llengues-de-lanaconda-de-la-veu-al-paper-un-recurs-pedagogic-imprescindible","status":"publish","type":"post","link":"https:\/\/projectes.xtec.cat\/origen\/portada\/les-llengues-de-lanaconda-de-la-veu-al-paper-un-recurs-pedagogic-imprescindible\/","title":{"rendered":"Les lleng\u00fces de l\u2019Anaconda: de la veu al paper, un recurs pedag\u00f2gic imprescindible"},"content":{"rendered":"<p>La publicaci\u00f3 del llibre <em data-start=\"553\" data-end=\"581\">Les lleng\u00fces de l\u2019Anaconda<\/em> (Viena Edicions), de <strong data-start=\"603\" data-end=\"618\">David Valls<\/strong>, \u00e9s una excel\u00b7lent not\u00edcia per a tothom qui estima les lleng\u00fces i la diversitat cultural. L\u2019obra recull i amplia les hist\u00f2ries que l\u2019autor ha compartit al programa de Catalunya R\u00e0dio <em data-start=\"802\" data-end=\"836\">Els viatgers de la Gran Anaconda<\/em>. Ara, aquestes narracions sobre fen\u00f2mens ling\u00fc\u00edstics sorprenents arriben en format escrit, amb nous detalls i reflexions.<\/p>\n<p data-start=\"151\" data-end=\"334\">El llibre <em data-start=\"161\" data-end=\"189\">Les lleng\u00fces de l\u2019Anaconda<\/em> ens convida a endinsar-nos en hist\u00f2ries sorprenents que mostren fins a quin punt les lleng\u00fces s\u00f3n reflex d\u2019una manera \u00fanica d\u2019entendre el m\u00f3n.<\/p>\n<ul data-start=\"336\" data-end=\"1320\">\n<li data-start=\"336\" data-end=\"656\">\n<p data-start=\"338\" data-end=\"656\"><strong data-start=\"338\" data-end=\"370\">El renaixement del wampanoag<\/strong>: aquesta llengua ind\u00edgena nord-americana va quedar en silenci durant 150 anys, fins que una comunitat valenta va decidir recuperar-la a partir de documents antics i mem\u00f2ria col\u00b7lectiva. Avui, infants i joves tornen a parlar-la, i la llengua ha esdevingut s\u00edmbol d\u2019orgull i identitat.<\/p>\n<\/li>\n<li data-start=\"658\" data-end=\"995\">\n<p data-start=\"660\" data-end=\"995\"><strong data-start=\"660\" data-end=\"699\">Els parlaments tab\u00fa davant la sogra<\/strong>: en certes cultures, la conviv\u00e8ncia familiar es regula fins al punt d\u2019evitar pronunciar paraules concretes davant de determinats parents. Aquest fenomen ling\u00fc\u00edstic, conegut com a \u201cllenguatges d\u2019evitaci\u00f3\u201d, mostra com el llenguatge tamb\u00e9 \u00e9s una eina per mantenir el respecte i l\u2019harmonia social.<\/p>\n<\/li>\n<li data-start=\"997\" data-end=\"1320\">\n<p data-start=\"999\" data-end=\"1320\"><strong data-start=\"999\" data-end=\"1033\">G\u00e8neres gramaticals inesperats<\/strong>: m\u00e9s enll\u00e0 del mascul\u00ed i el femen\u00ed, hi ha lleng\u00fces que classifiquen el m\u00f3n de maneres sorprenents. Algunes disposen d\u2019un g\u00e8nere espec\u00edfic per a les <em data-start=\"1182\" data-end=\"1203\">plantes comestibles<\/em>, cosa que revela fins a quin punt la gram\u00e0tica s\u2019adapta a les necessitats culturals i quotidianes d\u2019una comunitat.<\/p>\n<\/li>\n<\/ul>\n<p data-start=\"1322\" data-end=\"1573\">Cada cap\u00edtol obre una finestra a universos ling\u00fc\u00edstics que desconcerten, fascinen i alhora enriqueixen. Llegir-los i\/o escoltar-los \u00e9s descobrir que les lleng\u00fces no s\u00f3n nom\u00e9s sistemes de comunicaci\u00f3, sin\u00f3 veritables mapes culturals que expliquen qui som i com vivim.<\/p>\n<h2 data-start=\"2144\" data-end=\"2188\"><strong data-start=\"2147\" data-end=\"2188\">Per qu\u00e8 \u00e9s un recurs educatiu potent?<\/strong><\/h2>\n<ul data-start=\"2190\" data-end=\"2452\">\n<li data-start=\"2190\" data-end=\"2279\">\n<p data-start=\"2192\" data-end=\"2279\">Pot introduir-se en <strong data-start=\"2212\" data-end=\"2247\">classes de llengua i literatura<\/strong> com a material complementari.<\/p>\n<\/li>\n<li data-start=\"2280\" data-end=\"2362\">\n<p data-start=\"2282\" data-end=\"2362\">\u00c9s \u00fatil en <strong data-start=\"2293\" data-end=\"2313\">ci\u00e8ncies socials<\/strong> per treballar diversitat cultural i identitat.<\/p>\n<\/li>\n<li data-start=\"2363\" data-end=\"2452\">\n<p data-start=\"2365\" data-end=\"2452\">Obre debats sobre <strong data-start=\"2383\" data-end=\"2449\">multiling\u00fcisme, drets ling\u00fc\u00edstics i revitalitzaci\u00f3 de lleng\u00fces<\/strong>.<\/p>\n<\/li>\n<\/ul>\n<h2 data-start=\"2459\" data-end=\"2478\"><strong data-start=\"2462\" data-end=\"2478\">On trobar-lo<\/strong><\/h2>\n<p data-start=\"2480\" data-end=\"2578\">El llibre ja \u00e9s disponible a llibreries i tamb\u00e9 pots descobrir-ne l\u2019origen escoltant el podcast:<\/p>\n<p data-start=\"2580\" data-end=\"2881\">\ud83c\udfa7 <a class=\"decorated-link\" href=\"https:\/\/podcasts.apple.com\/us\/podcast\/les-lleng%C3%BCes-de-lanaconda\/id1716187414?utm_source=chatgpt.com\" target=\"_new\" rel=\"noopener\" data-start=\"2583\" data-end=\"2713\"><em data-start=\"2584\" data-end=\"2612\">Les lleng\u00fces de l\u2019Anaconda<\/em> a Apple Podcasts<\/a><br data-start=\"2713\" data-end=\"2716\" \/>\ud83d\udcfb <a class=\"decorated-link\" href=\"https:\/\/www.3cat.cat\/3cat\/les-llengues-de-lanaconda-david-valls-i-la-diversitat-linguistica\/audio\/1162009\/?utm_source=chatgpt.com\" target=\"_new\" rel=\"noopener\" data-start=\"2719\" data-end=\"2879\">Programa <em data-start=\"2729\" data-end=\"2763\">Els viatgers de la Gran Anaconda<\/em> a 3cat<\/a><\/p>\n","protected":false},"excerpt":{"rendered":"<p>La publicaci\u00f3 del llibre Les lleng\u00fces de l\u2019Anaconda (Viena Edicions), de David Valls, \u00e9s una excel\u00b7lent not\u00edcia per a tothom qui estima les lleng\u00fces i la diversitat cultural. L\u2019obra recull i amplia les hist\u00f2ries que l\u2019autor ha compartit al programa de Catalunya R\u00e0dio Els viatgers&hellip;  <a href=\"https:\/\/projectes.xtec.cat\/origen\/portada\/les-llengues-de-lanaconda-de-la-veu-al-paper-un-recurs-pedagogic-imprescindible\/\" title=\"Read Les lleng\u00fces de l\u2019Anaconda: de la veu al paper, un recurs pedag\u00f2gic imprescindible\">Llegeix m\u00e9s\u00bb<\/a><\/p>\n","protected":false},"author":4,"featured_media":10493,"comment_status":"open","ping_status":"open","sticky":false,"template":"","format":"standard","meta":{"_bbp_topic_count":0,"_bbp_reply_count":0,"_bbp_total_topic_count":0,"_bbp_total_reply_count":0,"_bbp_voice_count":0,"_bbp_anonymous_reply_count":0,"_bbp_topic_count_hidden":0,"_bbp_reply_count_hidden":0,"_bbp_forum_subforum_count":0,"footnotes":""},"categories":[29],"tags":[],"class_list":["post-10492","post","type-post","status-publish","format-standard","has-post-thumbnail","hentry","category-portada"],"post_mailing_queue_ids":[],"_links":{"self":[{"href":"https:\/\/projectes.xtec.cat\/origen\/wp-json\/wp\/v2\/posts\/10492","targetHints":{"allow":["GET"]}}],"collection":[{"href":"https:\/\/projectes.xtec.cat\/origen\/wp-json\/wp\/v2\/posts"}],"about":[{"href":"https:\/\/projectes.xtec.cat\/origen\/wp-json\/wp\/v2\/types\/post"}],"author":[{"embeddable":true,"href":"https:\/\/projectes.xtec.cat\/origen\/wp-json\/wp\/v2\/users\/4"}],"replies":[{"embeddable":true,"href":"https:\/\/projectes.xtec.cat\/origen\/wp-json\/wp\/v2\/comments?post=10492"}],"version-history":[{"count":1,"href":"https:\/\/projectes.xtec.cat\/origen\/wp-json\/wp\/v2\/posts\/10492\/revisions"}],"predecessor-version":[{"id":10494,"href":"https:\/\/projectes.xtec.cat\/origen\/wp-json\/wp\/v2\/posts\/10492\/revisions\/10494"}],"wp:featuredmedia":[{"embeddable":true,"href":"https:\/\/projectes.xtec.cat\/origen\/wp-json\/wp\/v2\/media\/10493"}],"wp:attachment":[{"href":"https:\/\/projectes.xtec.cat\/origen\/wp-json\/wp\/v2\/media?parent=10492"}],"wp:term":[{"taxonomy":"category","embeddable":true,"href":"https:\/\/projectes.xtec.cat\/origen\/wp-json\/wp\/v2\/categories?post=10492"},{"taxonomy":"post_tag","embeddable":true,"href":"https:\/\/projectes.xtec.cat\/origen\/wp-json\/wp\/v2\/tags?post=10492"}],"curies":[{"name":"wp","href":"https:\/\/api.w.org\/{rel}","templated":true}]}}