{"id":10497,"date":"2025-09-23T12:31:19","date_gmt":"2025-09-23T10:31:19","guid":{"rendered":"https:\/\/projectes.xtec.cat\/origen\/?p=10497"},"modified":"2025-09-26T13:23:30","modified_gmt":"2025-09-26T11:23:30","slug":"%f0%9f%8c%8d-dia-europeu-de-les-llengues-2025-languages-open-hearts-and-minds","status":"publish","type":"post","link":"https:\/\/projectes.xtec.cat\/origen\/general\/%f0%9f%8c%8d-dia-europeu-de-les-llengues-2025-languages-open-hearts-and-minds\/","title":{"rendered":"\ud83c\udf0d Dia Europeu de les Lleng\u00fces 2025: Languages open hearts and minds!"},"content":{"rendered":"<p data-start=\"207\" data-end=\"609\">El <strong data-start=\"210\" data-end=\"241\">Dia Europeu de les Lleng\u00fces<\/strong> se celebra cada <strong data-start=\"258\" data-end=\"276\">26 de setembre<\/strong>, des de l&#8217;any 2001, per iniciativa del <strong data-start=\"316\" data-end=\"336\">Consell d\u2019Europa<\/strong> en col\u00b7laboraci\u00f3 amb la <strong data-start=\"361\" data-end=\"381\">Comissi\u00f3 Europea<\/strong>. Aquest esdeveniment promou la <strong data-start=\"413\" data-end=\"439\">diversitat ling\u00fc\u00edstica<\/strong>, el <strong data-start=\"444\" data-end=\"462\">pluriling\u00fcisme<\/strong> i la <strong data-start=\"468\" data-end=\"496\">comprensi\u00f3 intercultural<\/strong> entre els m\u00e9s de 700 milions d\u2019europeus dels 46 estats membres del Consell.<\/p>\n<h4 data-start=\"611\" data-end=\"649\">Iniciatives destacades del 2025:<\/h4>\n<p data-start=\"652\" data-end=\"788\"><strong data-start=\"652\" data-end=\"670\">Tema de l\u2019any:<\/strong> <em data-start=\"671\" data-end=\"705\">Languages open hearts and minds!<\/em>\u2014en motiu del 25\u00e8 aniversari de la celebraci\u00f3. (<span class=\"\" data-state=\"closed\"><span class=\"ms-1 inline-flex max-w-full items-center relative top-[-0.094rem] animate-[show_150ms_ease-in]\" data-testid=\"webpage-citation-pill\"><a class=\"flex h-4.5 overflow-hidden rounded-xl px-2 text-[9px] font-medium text-token-text-secondary! bg-[#F4F4F4]! dark:bg-[#303030]! transition-colors duration-150 ease-in-out\" href=\"https:\/\/jel.ecml.at\/en\/?utm_source=chatgpt.com\" target=\"_blank\" rel=\"noopener\"><span class=\"relative start-0 bottom-0 flex h-full w-full items-center\"><span class=\"flex h-4 w-full items-center justify-between overflow-hidden\"><span class=\"max-w-full grow truncate overflow-hidden text-center\">Dia Europeu de les Lleng\u00fces<\/span><\/span><\/span><\/a><\/span><\/span><span class=\"\" data-state=\"closed\"><span class=\"ms-1 inline-flex max-w-full items-center relative top-[-0.094rem] animate-[show_150ms_ease-in]\" data-testid=\"webpage-citation-pill\"><a class=\"flex h-4.5 overflow-hidden rounded-xl px-2 text-[9px] font-medium text-token-text-secondary! bg-[#F4F4F4]! dark:bg-[#303030]! transition-colors duration-150 ease-in-out\" href=\"https:\/\/edl.ecml.at\/ca\/Home?utm_source=chatgpt.com\" target=\"_blank\" rel=\"noopener\"><span class=\"relative start-0 bottom-0 flex h-full w-full items-center\"><span class=\"flex h-4 w-full items-center justify-between overflow-hidden\"><span class=\"max-w-full grow truncate overflow-hidden text-center\">)<\/span><\/span><\/span><\/a><\/span><\/span><\/p>\n<ul data-start=\"650\" data-end=\"1495\">\n<li data-start=\"789\" data-end=\"1053\">\n<p data-start=\"791\" data-end=\"1053\"><strong data-start=\"791\" data-end=\"814\">Concurs de p\u00f2sters:<\/strong> anima\u2019t a crear un p\u00f2ster representant el lema del 25\u00e8 aniversari. Els 5 m\u00e9s creatius rebran premi, i 25 es mostraran al Centre Europeu de Lleng\u00fces Modernes. Lliurament: abans del 15 d\u2019octubre de 2025.<\/p>\n<\/li>\n<\/ul>\n<p><a href=\"https:\/\/edl.ecml.at\/Activities\/2025-poster\"><img loading=\"lazy\" decoding=\"async\" class=\"alignnone size-full wp-image-10501\" src=\"https:\/\/projectes.xtec.cat\/origen\/wp-content\/uploads\/usu2451\/2025\/09\/Captura-de-pantalla-2025-09-10-120549.jpg\" alt=\"\" width=\"570\" height=\"271\" srcset=\"https:\/\/projectes.xtec.cat\/origen\/wp-content\/uploads\/usu2451\/2025\/09\/Captura-de-pantalla-2025-09-10-120549.jpg 570w, https:\/\/projectes.xtec.cat\/origen\/wp-content\/uploads\/usu2451\/2025\/09\/Captura-de-pantalla-2025-09-10-120549-300x143.jpg 300w\" sizes=\"auto, (max-width: 570px) 100vw, 570px\" \/><\/a><\/p>\n<ul data-start=\"650\" data-end=\"1495\">\n<li data-start=\"1054\" data-end=\"1346\">\n<p data-start=\"1056\" data-end=\"1346\"><strong data-start=\"1056\" data-end=\"1079\">Anthem multiling\u00fce:<\/strong> participa en la creaci\u00f3 d\u2019un himne multiling\u00fce partint del text generat amb IA (\u201cVoices of Europe\u201d), adaptant-lo o tradu\u00efnt-lo a la teva llengua i compartint v\u00eddeos de la interpretaci\u00f3. Lliurament: abans del 15 d\u2019octubre de 2025.<\/p>\n<\/li>\n<\/ul>\n<p><a href=\"https:\/\/edl.ecml.at\/Activities\/2025-video\"><img loading=\"lazy\" decoding=\"async\" class=\"alignnone size-full wp-image-10502\" src=\"https:\/\/projectes.xtec.cat\/origen\/wp-content\/uploads\/usu2451\/2025\/09\/Captura-de-pantalla-2025-09-10-120605.jpg\" alt=\"\" width=\"565\" height=\"324\" srcset=\"https:\/\/projectes.xtec.cat\/origen\/wp-content\/uploads\/usu2451\/2025\/09\/Captura-de-pantalla-2025-09-10-120605.jpg 565w, https:\/\/projectes.xtec.cat\/origen\/wp-content\/uploads\/usu2451\/2025\/09\/Captura-de-pantalla-2025-09-10-120605-300x172.jpg 300w\" sizes=\"auto, (max-width: 565px) 100vw, 565px\" \/><\/a><\/p>\n<ul data-start=\"650\" data-end=\"1495\">\n<li data-start=\"1347\" data-end=\"1495\">\n<p data-start=\"1349\" data-end=\"1495\"><strong data-start=\"1349\" data-end=\"1375\">Kit d\u2019activitats 2025:<\/strong> disponible per descarregar, amb materials per a escoles, fam\u00edlies i professionals.<\/p>\n<\/li>\n<\/ul>\n<p><a href=\"https:\/\/projectes.xtec.cat\/origen\/wp-content\/uploads\/usu2451\/2025\/09\/EDL-activities-kit-2025_ES.pdf\"><img loading=\"lazy\" decoding=\"async\" class=\"alignnone wp-image-10499\" src=\"https:\/\/projectes.xtec.cat\/origen\/wp-content\/uploads\/usu2451\/2025\/09\/edl-activity-kit-2025-screenshot.png\" alt=\"\" width=\"195\" height=\"274\" srcset=\"https:\/\/projectes.xtec.cat\/origen\/wp-content\/uploads\/usu2451\/2025\/09\/edl-activity-kit-2025-screenshot.png 594w, https:\/\/projectes.xtec.cat\/origen\/wp-content\/uploads\/usu2451\/2025\/09\/edl-activity-kit-2025-screenshot-214x300.png 214w\" sizes=\"auto, (max-width: 195px) 100vw, 195px\" \/><\/a><\/p>\n<hr data-start=\"1497\" data-end=\"1500\" \/>\n<h3 data-start=\"1502\" data-end=\"1537\">Activitat virtual<\/h3>\n<ul data-start=\"1539\" data-end=\"2253\">\n<li data-start=\"1539\" data-end=\"2012\">\n<p data-start=\"1541\" data-end=\"2012\">El <strong data-start=\"1544\" data-end=\"1570\">26 de setembre de 2025<\/strong>, la <strong data-start=\"1575\" data-end=\"1595\">Comissi\u00f3 Europea<\/strong>, a trav\u00e9s de la Direcci\u00f3 General de Traducci\u00f3, organitza un <strong data-start=\"1656\" data-end=\"1691\">esdeveniment virtual interactiu<\/strong> gratu\u00eft (amb inscripci\u00f3 pr\u00e8via). Inclou: creaci\u00f3 d\u2019avatar, exposici\u00f3 digital, trobades amb experts en lleng\u00fces, xerrades sobre carreres en traducci\u00f3 i tecnologia ling\u00fc\u00edstica, i taules rodones sobre com les habilitats ling\u00fc\u00edstiques i la tecnologia fomenten la comunicaci\u00f3 pluriling\u00fce.<span class=\"\" data-state=\"closed\"><span class=\"ms-1 inline-flex max-w-full items-center relative top-[-0.094rem] animate-[show_150ms_ease-in]\" data-testid=\"webpage-citation-pill\"><a class=\"flex h-4.5 overflow-hidden rounded-xl px-2 text-[9px] font-medium text-token-text-secondary! bg-[#F4F4F4]! dark:bg-[#303030]! transition-colors duration-150 ease-in-out\" href=\"https:\/\/commission.europa.eu\/news-and-media\/news\/take-part-european-day-languages-2025-virtual-event-2025-07-25_en?utm_source=chatgpt.com\" target=\"_blank\" rel=\"noopener\"><span class=\"relative start-0 bottom-0 flex h-full w-full items-center\"><span class=\"flex h-4 w-full items-center justify-between overflow-hidden\"><span class=\"max-w-full grow truncate overflow-hidden text-center\">European Commission \u00a0 \u00a0 \u00a0 <\/span><\/span><\/span><\/a><\/span><\/span><span class=\"\" data-state=\"closed\"><span class=\"ms-1 inline-flex max-w-full items-center relative top-[-0.094rem] animate-[show_150ms_ease-in]\" data-testid=\"webpage-citation-pill\"><a class=\"flex h-4.5 overflow-hidden rounded-xl px-2 text-[9px] font-medium text-token-text-secondary! bg-[#F4F4F4]! dark:bg-[#303030]! transition-colors duration-150 ease-in-out\" href=\"https:\/\/epale.ec.europa.eu\/en\/content\/european-day-languages-2025-0?utm_source=chatgpt.com\" target=\"_blank\" rel=\"noopener\"><span class=\"relative start-0 bottom-0 flex h-full w-full items-center\"><span class=\"flex h-4 w-full items-center justify-between overflow-hidden\"><span class=\"max-w-full grow truncate overflow-hidden text-center\">EPALE &#8211; European Commission<\/span><\/span><\/span><\/a><\/span><\/span><\/p>\n<\/li>\n<\/ul>\n<p>&nbsp;<\/p>\n","protected":false},"excerpt":{"rendered":"<p>El Dia Europeu de les Lleng\u00fces se celebra cada 26 de setembre, des de l&#8217;any 2001, per iniciativa del Consell d\u2019Europa en col\u00b7laboraci\u00f3 amb la Comissi\u00f3 Europea. Aquest esdeveniment promou la diversitat ling\u00fc\u00edstica, el pluriling\u00fcisme i la comprensi\u00f3 intercultural entre els m\u00e9s de 700 milions&hellip;  <a href=\"https:\/\/projectes.xtec.cat\/origen\/general\/%f0%9f%8c%8d-dia-europeu-de-les-llengues-2025-languages-open-hearts-and-minds\/\" title=\"Read \ud83c\udf0d Dia Europeu de les Lleng\u00fces 2025: Languages open hearts and minds!\">Llegeix m\u00e9s\u00bb<\/a><\/p>\n","protected":false},"author":4,"featured_media":10499,"comment_status":"open","ping_status":"open","sticky":false,"template":"","format":"standard","meta":{"_bbp_topic_count":0,"_bbp_reply_count":0,"_bbp_total_topic_count":0,"_bbp_total_reply_count":0,"_bbp_voice_count":0,"_bbp_anonymous_reply_count":0,"_bbp_topic_count_hidden":0,"_bbp_reply_count_hidden":0,"_bbp_forum_subforum_count":0,"footnotes":""},"categories":[1,29],"tags":[],"class_list":["post-10497","post","type-post","status-publish","format-standard","has-post-thumbnail","hentry","category-general","category-portada"],"post_mailing_queue_ids":[],"_links":{"self":[{"href":"https:\/\/projectes.xtec.cat\/origen\/wp-json\/wp\/v2\/posts\/10497","targetHints":{"allow":["GET"]}}],"collection":[{"href":"https:\/\/projectes.xtec.cat\/origen\/wp-json\/wp\/v2\/posts"}],"about":[{"href":"https:\/\/projectes.xtec.cat\/origen\/wp-json\/wp\/v2\/types\/post"}],"author":[{"embeddable":true,"href":"https:\/\/projectes.xtec.cat\/origen\/wp-json\/wp\/v2\/users\/4"}],"replies":[{"embeddable":true,"href":"https:\/\/projectes.xtec.cat\/origen\/wp-json\/wp\/v2\/comments?post=10497"}],"version-history":[{"count":6,"href":"https:\/\/projectes.xtec.cat\/origen\/wp-json\/wp\/v2\/posts\/10497\/revisions"}],"predecessor-version":[{"id":10510,"href":"https:\/\/projectes.xtec.cat\/origen\/wp-json\/wp\/v2\/posts\/10497\/revisions\/10510"}],"wp:featuredmedia":[{"embeddable":true,"href":"https:\/\/projectes.xtec.cat\/origen\/wp-json\/wp\/v2\/media\/10499"}],"wp:attachment":[{"href":"https:\/\/projectes.xtec.cat\/origen\/wp-json\/wp\/v2\/media?parent=10497"}],"wp:term":[{"taxonomy":"category","embeddable":true,"href":"https:\/\/projectes.xtec.cat\/origen\/wp-json\/wp\/v2\/categories?post=10497"},{"taxonomy":"post_tag","embeddable":true,"href":"https:\/\/projectes.xtec.cat\/origen\/wp-json\/wp\/v2\/tags?post=10497"}],"curies":[{"name":"wp","href":"https:\/\/api.w.org\/{rel}","templated":true}]}}