{"id":10576,"date":"2026-01-08T14:30:57","date_gmt":"2026-01-08T13:30:57","guid":{"rendered":"https:\/\/projectes.xtec.cat\/origen\/?p=10576"},"modified":"2026-01-09T09:53:19","modified_gmt":"2026-01-09T08:53:19","slug":"formacio-2n-torn-curs-2025-2026","status":"publish","type":"post","link":"https:\/\/projectes.xtec.cat\/origen\/general\/formacio-2n-torn-curs-2025-2026\/","title":{"rendered":"Formaci\u00f3 2n torn Curs 2025-2026"},"content":{"rendered":"<p data-path-to-node=\"7\">Ens complau informar-vos que ja est\u00e0 disponible la inscripci\u00f3 a les activitats de formaci\u00f3 de segon torn per al curs <b data-path-to-node=\"7\" data-index-in-node=\"126\">2025-2026<\/b>.<\/p>\n<p data-path-to-node=\"7\"><a href=\"https:\/\/projectes.xtec.cat\/origen\/wp-content\/uploads\/usu2451\/2026\/01\/unnamed.jpg\"><img loading=\"lazy\" decoding=\"async\" class=\"alignnone size-full wp-image-10578\" src=\"https:\/\/projectes.xtec.cat\/origen\/wp-content\/uploads\/usu2451\/2026\/01\/unnamed.jpg\" alt=\"\" width=\"1024\" height=\"559\" srcset=\"https:\/\/projectes.xtec.cat\/origen\/wp-content\/uploads\/usu2451\/2026\/01\/unnamed.jpg 1024w, https:\/\/projectes.xtec.cat\/origen\/wp-content\/uploads\/usu2451\/2026\/01\/unnamed-300x164.jpg 300w, https:\/\/projectes.xtec.cat\/origen\/wp-content\/uploads\/usu2451\/2026\/01\/unnamed-768x419.jpg 768w\" sizes=\"auto, (max-width: 1024px) 100vw, 1024px\" \/><\/a><\/p>\n<p data-path-to-node=\"8\"><b data-path-to-node=\"8\" data-index-in-node=\"0\">Detalls de l&#8217;activitat:<\/b><\/p>\n<ul data-path-to-node=\"9\">\n<li>\n<p data-path-to-node=\"9,0,0\"><b data-path-to-node=\"9,0,0\" data-index-in-node=\"0\">T\u00edtol: <\/b>Cultura japonesa per a docents<\/p>\n<\/li>\n<li>\n<p data-path-to-node=\"9,1,0\"><b data-path-to-node=\"9,1,0\" data-index-in-node=\"0\">Codi de l&#8217;activitat:<\/b> 9000610542<\/p>\n<\/li>\n<li>\n<p data-path-to-node=\"9,2,0\"><b data-path-to-node=\"9,2,0\" data-index-in-node=\"0\">Modalitat:<\/b>\u00a0 Telem\u00e0tica s\u00edncrona.<\/p>\n<\/li>\n<li>\n<p data-path-to-node=\"9,3,0\"><b data-path-to-node=\"9,3,0\" data-index-in-node=\"0\">Dates i horari:<\/b> 20h entre el 18 de mar\u00e7 i el 27 de maig de 2026.<\/p>\n<\/li>\n<li>\n<p data-path-to-node=\"9,4,0\"><b>Destinataris: <\/b>Aquest curs de formaci\u00f3 est\u00e0 dissenyat per a docents que tenen alumnat d&#8217;origen japon\u00e8s i volen aprofundir en la seva cultura per facilitar-ne la integraci\u00f3 escolar. Es tracta d&#8217;un curs generalista que recull aspectes b\u00e0sics del Jap\u00f3, incloent-hi pinzellades sobre la seva hist\u00f2ria, societat, cultura popular, tradicions, gastronomia i idioma japon\u00e8s. El seu objectiu \u00e9s donar a con\u00e8ixer la cultura japonesa als professors per capacitar-los en la seva explicaci\u00f3 als alumnes i la realitzaci\u00f3 d&#8217;activitats relacionades amb el Jap\u00f3 en dies culturals. El curs pret\u00e9n oferir una imatge realista del Jap\u00f3 com a pa\u00eds i aix\u00ed fomentar l&#8217;entesa i l&#8217;intercanvi cultural.<\/p>\n<\/li>\n<\/ul>\n<p data-path-to-node=\"10\"><b data-path-to-node=\"10\" data-index-in-node=\"0\">Com inscriure&#8217;s:<\/b><\/p>\n<p data-path-to-node=\"12\">\ud83d\udc49 <b data-path-to-node=\"12\" data-index-in-node=\"3\">[Acc\u00e9s a la inscripci\u00f3 i programa complet]<\/b> <i data-path-to-node=\"12\" data-index-in-node=\"46\"><a class=\"ng-star-inserted\" href=\"https:\/\/aplicacions.gestioeducativa.gencat.cat\/ords\/pls\/soloas\/pk_for_mod_ins.p_for_detall_activitat?p_codi=9000610542&amp;p_curs=2025-2026&amp;p_es_inscr=S\" target=\"_blank\" rel=\"noopener\">https:\/\/aplicacions.gestioeducativa.gencat.cat\/ords\/pls\/soloas\/pk_for_mod_ins.p_for_detall_activitat?p_codi=9000610542&amp;p_curs=2025-2026&amp;p_es_inscr=S<\/a><\/i><\/p>\n","protected":false},"excerpt":{"rendered":"<p>Ens complau informar-vos que ja est\u00e0 disponible la inscripci\u00f3 a les activitats de formaci\u00f3 de segon torn per al curs 2025-2026.<br \/>\n<a href=\"https:\/\/projectes.xtec.cat\/origen\/wp-content\/uploads\/usu2451\/2026\/01\/unnamed.jpg\"><\/a><br \/>\nDetalls de l&#8217;activitat:<\/p>\n<ul data-path-to-node=\"9\">\n<li>\nT\u00edtol: Cultura japonesa per a docents\n<\/li>\n<li>\nCodi de l&#8217;activitat: 9000610542\n<\/li>\n<li>\nModalitat:\u00a0 Telem\u00e0tica s\u00edncrona.\n<\/li>\n<li>\nDates i horari: 20h entre el 18 de mar\u00e7 i el&hellip;  <a href=\"https:\/\/projectes.xtec.cat\/origen\/general\/formacio-2n-torn-curs-2025-2026\/\" title=\"Read Formaci\u00f3 2n torn Curs 2025-2026\">Llegeix m\u00e9s\u00bb<\/a><\/p>\n","protected":false},"author":4,"featured_media":10578,"comment_status":"open","ping_status":"open","sticky":false,"template":"","format":"standard","meta":{"_bbp_topic_count":0,"_bbp_reply_count":0,"_bbp_total_topic_count":0,"_bbp_total_reply_count":0,"_bbp_voice_count":0,"_bbp_anonymous_reply_count":0,"_bbp_topic_count_hidden":0,"_bbp_reply_count_hidden":0,"_bbp_forum_subforum_count":0,"footnotes":""},"categories":[1,29],"tags":[],"class_list":["post-10576","post","type-post","status-publish","format-standard","has-post-thumbnail","hentry","category-general","category-portada"],"post_mailing_queue_ids":[],"_links":{"self":[{"href":"https:\/\/projectes.xtec.cat\/origen\/wp-json\/wp\/v2\/posts\/10576","targetHints":{"allow":["GET"]}}],"collection":[{"href":"https:\/\/projectes.xtec.cat\/origen\/wp-json\/wp\/v2\/posts"}],"about":[{"href":"https:\/\/projectes.xtec.cat\/origen\/wp-json\/wp\/v2\/types\/post"}],"author":[{"embeddable":true,"href":"https:\/\/projectes.xtec.cat\/origen\/wp-json\/wp\/v2\/users\/4"}],"replies":[{"embeddable":true,"href":"https:\/\/projectes.xtec.cat\/origen\/wp-json\/wp\/v2\/comments?post=10576"}],"version-history":[{"count":4,"href":"https:\/\/projectes.xtec.cat\/origen\/wp-json\/wp\/v2\/posts\/10576\/revisions"}],"predecessor-version":[{"id":10581,"href":"https:\/\/projectes.xtec.cat\/origen\/wp-json\/wp\/v2\/posts\/10576\/revisions\/10581"}],"wp:featuredmedia":[{"embeddable":true,"href":"https:\/\/projectes.xtec.cat\/origen\/wp-json\/wp\/v2\/media\/10578"}],"wp:attachment":[{"href":"https:\/\/projectes.xtec.cat\/origen\/wp-json\/wp\/v2\/media?parent=10576"}],"wp:term":[{"taxonomy":"category","embeddable":true,"href":"https:\/\/projectes.xtec.cat\/origen\/wp-json\/wp\/v2\/categories?post=10576"},{"taxonomy":"post_tag","embeddable":true,"href":"https:\/\/projectes.xtec.cat\/origen\/wp-json\/wp\/v2\/tags?post=10576"}],"curies":[{"name":"wp","href":"https:\/\/api.w.org\/{rel}","templated":true}]}}