{"id":10718,"date":"2026-09-01T12:45:02","date_gmt":"2026-09-01T10:45:02","guid":{"rendered":"https:\/\/projectes.xtec.cat\/origen\/?p=10718"},"modified":"2026-09-01T12:58:37","modified_gmt":"2026-09-01T10:58:37","slug":"noves-formacions-primer-torn-curs-2026-2027","status":"publish","type":"post","link":"https:\/\/projectes.xtec.cat\/origen\/general\/noves-formacions-primer-torn-curs-2026-2027\/","title":{"rendered":"Noves formacions: INICI SETEMBRE!"},"content":{"rendered":"<p class=\"isSelectedEnd\">Encetem el curs 2026-2027 amb dues noves propostes de formaci\u00f3 adre\u00e7ades al professorat i centrades en el coneixement de les lleng\u00fces d\u2019origen i la diversitat ling\u00fc\u00edstica present als centres educatius.<\/p>\n<h5>1) De l&#8217;entonaci\u00f3 catalana\/espanyola al to xin\u00e8s: curs intensiu de pronunciaci\u00f3 del pinyin<\/h5>\n<p class=\"isSelectedEnd\">Una formaci\u00f3 pr\u00e0ctica i intensiva per aprofundir en la pronunciaci\u00f3 del <strong>pinyin<\/strong> i familiaritzar-se amb els tons del xin\u00e8s, posant-los en relaci\u00f3 amb els patrons d\u2019entonaci\u00f3 del catal\u00e0 i el castell\u00e0.<\/p>\n<p class=\"isSelectedEnd\">\ud83d\udcc5 <strong>Del 21 al 30 de setembre de 2026<\/strong><br \/>\n\ud83d\udd54 <strong>De 17.00 a 18.30 h<\/strong><br \/>\n\u23f1\ufe0f <strong>6 hores<\/strong><br \/>\n\ud83d\udccd<strong> Campus Educatiu de Tarragona (antiga Universitat Laboral).<\/strong><\/p>\n<p><a class=\"css-1jxf684 r-bcqeeo r-1ttztb7 r-qvutc0 r-poiln3 r-1wvb978 r-1ny4l3l r-1ddef8g r-tjvw6i r-1loqt21\" dir=\"ltr\" role=\"link\" href=\"https:\/\/t.co\/rccnGtnOFv\" target=\"_blank\" rel=\"noopener noreferrer nofollow\"><img loading=\"lazy\" decoding=\"async\" class=\"\" src=\"https:\/\/cdn-icons-png.flaticon.com\/128\/2838\/2838908.png\" alt=\"enlace \" width=\"16\" height=\"16\" \/>shorturl.at\/cyND5<\/a><\/p>\n<h5>2) Gram\u00e0tica i socioling\u00fc\u00edstica comparada: lleng\u00fces d\u2019origen-catal\u00e0<\/h5>\n<p class=\"isSelectedEnd\">Una proposta per reflexionar sobre les caracter\u00edstiques gramaticals i socioling\u00fc\u00edstiques de les lleng\u00fces d\u2019origen de l\u2019alumnat i posar-les en relaci\u00f3 amb el catal\u00e0.<\/p>\n<p class=\"isSelectedEnd\">\ud83d\udcc5 <strong>Del 16 de setembre al 18 de novembre de 2026<\/strong><br \/>\n\ud83d\udd60 <strong>De 17.30 a 19.00 h<\/strong><br \/>\n\u23f1\ufe0f <strong>20 hores<\/strong><br \/>\n\ud83d\udcbb <strong>Curs a dist\u00e0ncia<\/strong><\/p>\n<p><a class=\"css-1jxf684 r-bcqeeo r-1ttztb7 r-qvutc0 r-poiln3 r-1wvb978 r-1ny4l3l r-1ddef8g r-tjvw6i r-1loqt21\" dir=\"ltr\" role=\"link\" href=\"https:\/\/t.co\/12KPyok2KP\" target=\"_blank\" rel=\"noopener noreferrer nofollow\"><img loading=\"lazy\" decoding=\"async\" class=\"\" src=\"https:\/\/cdn-icons-png.flaticon.com\/128\/2838\/2838908.png\" alt=\"enlace \" width=\"16\" height=\"16\" \/>shorturl.at\/jVXRV<\/a><\/p>\n<p class=\"isSelectedEnd\">\ud83d\udccc <strong>Les inscripcions estan obertes.<\/strong><\/p>\n","protected":false},"excerpt":{"rendered":"<p>Encetem el curs 2026-2027 amb dues noves propostes de formaci\u00f3 adre\u00e7ades al professorat i centrades en el coneixement de les lleng\u00fces d\u2019origen i la diversitat ling\u00fc\u00edstica present als centres educatius.<br \/>\n1) De l&#8217;entonaci\u00f3 catalana\/espanyola al to xin\u00e8s: curs intensiu de pronunciaci\u00f3 del pinyin<br \/>\nUna formaci\u00f3 pr\u00e0ctica i&hellip;  <a href=\"https:\/\/projectes.xtec.cat\/origen\/general\/noves-formacions-primer-torn-curs-2026-2027\/\" title=\"Read Noves formacions: INICI SETEMBRE!\">Llegeix m\u00e9s\u00bb<\/a><\/p>\n","protected":false},"author":4,"featured_media":10721,"comment_status":"open","ping_status":"open","sticky":false,"template":"","format":"standard","meta":{"_bbp_topic_count":0,"_bbp_reply_count":0,"_bbp_total_topic_count":0,"_bbp_total_reply_count":0,"_bbp_voice_count":0,"_bbp_anonymous_reply_count":0,"_bbp_topic_count_hidden":0,"_bbp_reply_count_hidden":0,"_bbp_forum_subforum_count":0,"footnotes":""},"categories":[1,29],"tags":[],"class_list":["post-10718","post","type-post","status-publish","format-standard","has-post-thumbnail","hentry","category-general","category-portada"],"post_mailing_queue_ids":[],"_links":{"self":[{"href":"https:\/\/projectes.xtec.cat\/origen\/wp-json\/wp\/v2\/posts\/10718","targetHints":{"allow":["GET"]}}],"collection":[{"href":"https:\/\/projectes.xtec.cat\/origen\/wp-json\/wp\/v2\/posts"}],"about":[{"href":"https:\/\/projectes.xtec.cat\/origen\/wp-json\/wp\/v2\/types\/post"}],"author":[{"embeddable":true,"href":"https:\/\/projectes.xtec.cat\/origen\/wp-json\/wp\/v2\/users\/4"}],"replies":[{"embeddable":true,"href":"https:\/\/projectes.xtec.cat\/origen\/wp-json\/wp\/v2\/comments?post=10718"}],"version-history":[{"count":2,"href":"https:\/\/projectes.xtec.cat\/origen\/wp-json\/wp\/v2\/posts\/10718\/revisions"}],"predecessor-version":[{"id":10722,"href":"https:\/\/projectes.xtec.cat\/origen\/wp-json\/wp\/v2\/posts\/10718\/revisions\/10722"}],"wp:featuredmedia":[{"embeddable":true,"href":"https:\/\/projectes.xtec.cat\/origen\/wp-json\/wp\/v2\/media\/10721"}],"wp:attachment":[{"href":"https:\/\/projectes.xtec.cat\/origen\/wp-json\/wp\/v2\/media?parent=10718"}],"wp:term":[{"taxonomy":"category","embeddable":true,"href":"https:\/\/projectes.xtec.cat\/origen\/wp-json\/wp\/v2\/categories?post=10718"},{"taxonomy":"post_tag","embeddable":true,"href":"https:\/\/projectes.xtec.cat\/origen\/wp-json\/wp\/v2\/tags?post=10718"}],"curies":[{"name":"wp","href":"https:\/\/api.w.org\/{rel}","templated":true}]}}