{"id":10723,"date":"2026-09-01T13:05:56","date_gmt":"2026-09-01T11:05:56","guid":{"rendered":"https:\/\/projectes.xtec.cat\/origen\/?p=10723"},"modified":"2026-09-01T13:06:08","modified_gmt":"2026-09-01T11:06:08","slug":"noves-propostes-didactiques-sobre-asia-pacific-per-al-curs-2026-2027","status":"publish","type":"post","link":"https:\/\/projectes.xtec.cat\/origen\/general\/noves-propostes-didactiques-sobre-asia-pacific-per-al-curs-2026-2027\/","title":{"rendered":"Noves propostes did\u00e0ctiques sobre \u00c0sia-Pac\u00edfic per al curs 2026-2027"},"content":{"rendered":"<p class=\"isSelectedEnd\">Noves propostes de l&#8217;Escola de Bamb\u00fa de Casa \u00c0sia:<\/p>\n<p class=\"isSelectedEnd\">\ud83c\udf92 Activitats i tallers <strong>per a totes les etapes educatives<\/strong>, des d\u2019educaci\u00f3 infantil fins a la formaci\u00f3 d\u2019adults.<\/p>\n<p class=\"isSelectedEnd\">\ud83c\udf0f Una oportunitat per <strong>ampliar mirades, treballar la interculturalitat i descobrir noves cultures<\/strong> a trav\u00e9s d\u2019activitats did\u00e0ctiques, participatives i experiencials.<\/p>\n<p>\ud83d\udd0e Descobreix l\u2019<a href=\"https:\/\/www.casaasia.cat\/actualidad\/nuevas-propuestas-didacticas-interculturales-sobre-asia-pacifico-para-el-curso-2026-2027\/\">oferta educativa per al curs 2026-2027<\/a> i tria les propostes que millor s\u2019adaptin al teu centre i al teu alumnat<\/p>\n","protected":false},"excerpt":{"rendered":"<p>Noves propostes de l&#8217;Escola de Bamb\u00fa de Casa \u00c0sia:<br \/>\n\ud83c\udf92 Activitats i tallers per a totes les etapes educatives, des d\u2019educaci\u00f3 infantil fins a la formaci\u00f3 d\u2019adults.<br \/>\n\ud83c\udf0f Una oportunitat per ampliar mirades, treballar la interculturalitat i descobrir noves cultures a trav\u00e9s d\u2019activitats did\u00e0ctiques, participatives i experiencials.<br \/>\n\ud83d\udd0e&hellip;  <a href=\"https:\/\/projectes.xtec.cat\/origen\/general\/noves-propostes-didactiques-sobre-asia-pacific-per-al-curs-2026-2027\/\" title=\"Read Noves propostes did\u00e0ctiques sobre \u00c0sia-Pac\u00edfic per al curs 2026-2027\">Llegeix m\u00e9s\u00bb<\/a><\/p>\n","protected":false},"author":4,"featured_media":0,"comment_status":"open","ping_status":"open","sticky":false,"template":"","format":"standard","meta":{"_bbp_topic_count":0,"_bbp_reply_count":0,"_bbp_total_topic_count":0,"_bbp_total_reply_count":0,"_bbp_voice_count":0,"_bbp_anonymous_reply_count":0,"_bbp_topic_count_hidden":0,"_bbp_reply_count_hidden":0,"_bbp_forum_subforum_count":0,"footnotes":""},"categories":[1,29],"tags":[],"class_list":["post-10723","post","type-post","status-publish","format-standard","hentry","category-general","category-portada"],"post_mailing_queue_ids":[],"_links":{"self":[{"href":"https:\/\/projectes.xtec.cat\/origen\/wp-json\/wp\/v2\/posts\/10723","targetHints":{"allow":["GET"]}}],"collection":[{"href":"https:\/\/projectes.xtec.cat\/origen\/wp-json\/wp\/v2\/posts"}],"about":[{"href":"https:\/\/projectes.xtec.cat\/origen\/wp-json\/wp\/v2\/types\/post"}],"author":[{"embeddable":true,"href":"https:\/\/projectes.xtec.cat\/origen\/wp-json\/wp\/v2\/users\/4"}],"replies":[{"embeddable":true,"href":"https:\/\/projectes.xtec.cat\/origen\/wp-json\/wp\/v2\/comments?post=10723"}],"version-history":[{"count":1,"href":"https:\/\/projectes.xtec.cat\/origen\/wp-json\/wp\/v2\/posts\/10723\/revisions"}],"predecessor-version":[{"id":10724,"href":"https:\/\/projectes.xtec.cat\/origen\/wp-json\/wp\/v2\/posts\/10723\/revisions\/10724"}],"wp:attachment":[{"href":"https:\/\/projectes.xtec.cat\/origen\/wp-json\/wp\/v2\/media?parent=10723"}],"wp:term":[{"taxonomy":"category","embeddable":true,"href":"https:\/\/projectes.xtec.cat\/origen\/wp-json\/wp\/v2\/categories?post=10723"},{"taxonomy":"post_tag","embeddable":true,"href":"https:\/\/projectes.xtec.cat\/origen\/wp-json\/wp\/v2\/tags?post=10723"}],"curies":[{"name":"wp","href":"https:\/\/api.w.org\/{rel}","templated":true}]}}