{"id":8742,"date":"2021-10-15T13:29:07","date_gmt":"2021-10-15T11:29:07","guid":{"rendered":"https:\/\/projectes.xtec.cat\/origen\/?p=8742"},"modified":"2021-11-03T12:27:01","modified_gmt":"2021-11-03T11:27:01","slug":"que-es-la-competencia-global","status":"publish","type":"post","link":"https:\/\/projectes.xtec.cat\/origen\/general\/que-es-la-competencia-global\/","title":{"rendered":"Qu\u00e8 \u00e9s la compet\u00e8ncia global?"},"content":{"rendered":"<p><a href=\"https:\/\/projectes.xtec.cat\/origen\/wp-content\/uploads\/usu2451\/2021\/10\/Global-competence-figure_Final-360x358-1.png\"><img loading=\"lazy\" decoding=\"async\" class=\"size-full wp-image-8748 aligncenter\" src=\"https:\/\/projectes.xtec.cat\/origen\/wp-content\/uploads\/usu2451\/2021\/10\/Global-competence-figure_Final-360x358-1.png\" alt=\"\" width=\"360\" height=\"358\" srcset=\"https:\/\/projectes.xtec.cat\/origen\/wp-content\/uploads\/usu2451\/2021\/10\/Global-competence-figure_Final-360x358-1.png 360w, https:\/\/projectes.xtec.cat\/origen\/wp-content\/uploads\/usu2451\/2021\/10\/Global-competence-figure_Final-360x358-1-300x298.png 300w, https:\/\/projectes.xtec.cat\/origen\/wp-content\/uploads\/usu2451\/2021\/10\/Global-competence-figure_Final-360x358-1-150x150.png 150w\" sizes=\"auto, (max-width: 360px) 100vw, 360px\" \/><\/a><\/p>\n<p>La compet\u00e8ncia global \u00e9s una construcci\u00f3 multidimensional que requereix una combinaci\u00f3 de coneixements, habilitats, actituds i valors aplicats amb \u00e8xit a q\u00fcestions globals o situacions interculturals.\u00a0Les q\u00fcestions globals fan refer\u00e8ncia a aquelles que afecten totes les persones i tenen profundes implicacions per a les generacions actuals i futures.\u00a0Les situacions interculturals fan refer\u00e8ncia a trobades presencials, virtuals o mediades amb persones que es percep que provenen d\u2019un entorn cultural diferent.<\/p>\n<p>El desenvolupament de la compet\u00e8ncia global \u00e9s un proc\u00e9s de tota la vida, per\u00f2 que l\u2019educaci\u00f3 pot configurar.\u00a0PISA 2018 avalua on es situen els estudiants de 15 anys en aquest proc\u00e9s i si les seves escoles aborden efica\u00e7ment el desenvolupament de la compet\u00e8ncia global.<\/p>\n<p><strong><em>Per qu\u00e8 \u00e9s important que els estudiants desenvolupin la compet\u00e8ncia global?<\/em><\/strong><\/p>\n<p>La compet\u00e8ncia global pot ajudar els joves:<\/p>\n<ul>\n<li>desenvolupar consci\u00e8ncia cultural i interaccions respectuoses en societats cada vegada m\u00e9s diverses;<\/li>\n<li>recon\u00e8ixer i desafiar els biaixos i estereotips culturals i facilitar la vida harm\u00f2nica en comunitats multiculturals;<\/li>\n<li>preparar-se per al m\u00f3n laboral, que exigeix \u200b\u200bcada vegada m\u00e9s persones que siguin comunicadores eficaces, que estiguin oberts a persones de diferents \u00e0mbits culturals, puguin generar confian\u00e7a en equips diversos i demostrin respecte pels altres, sobretot perqu\u00e8 la tecnologia continua facilitant la connexi\u00f3 a escala mundial;<\/li>\n<li>capitalitzar els espais digitals inherentment interconnectats, q\u00fcestionar les representacions de mitjans esbiaixats i expressar la seva veu de manera responsable en l\u00ednia;<\/li>\n<li>es preocupen pels problemes globals i s\u2019enfronten als reptes socials, pol\u00edtics, econ\u00f2mics i ambientals.<\/li>\n<\/ul>\n<p>Per tant, la compet\u00e8ncia global dona suport als\u00a0 <a href=\"http:\/\/www.un.org\/sustainabledevelopment\/sustainable-development-goals\" target=\"_blank\" rel=\"noopener\">objectius de desenvolupament sostenible<\/a>\u00a0\u00a0(ODS), tant proporcionant la visi\u00f3 de l\u2019educaci\u00f3 que defensen els ODS, com animant els joves a actuar en inter\u00e8s general de benestar col\u00b7lectiu i desenvolupament sostenible que els ODS incorporen.<\/p>\n<p>M\u00e9s informaci\u00f3: <a href=\"https:\/\/www.oecd.org\/pisa\/innovation\/global-competence\/\">https:\/\/www.oecd.org\/pisa\/innovation\/global-competence\/<\/a><\/p>\n","protected":false},"excerpt":{"rendered":"<p><a href=\"https:\/\/projectes.xtec.cat\/origen\/wp-content\/uploads\/usu2451\/2021\/10\/Global-competence-figure_Final-360x358-1.png\"><\/a><br \/>\nLa compet\u00e8ncia global \u00e9s una construcci\u00f3 multidimensional que requereix una combinaci\u00f3 de coneixements, habilitats, actituds i valors aplicats amb \u00e8xit a q\u00fcestions globals o situacions interculturals.\u00a0Les q\u00fcestions globals fan refer\u00e8ncia a aquelles que afecten totes les persones i tenen profundes implicacions per a les&hellip;  <a href=\"https:\/\/projectes.xtec.cat\/origen\/general\/que-es-la-competencia-global\/\" title=\"Read Qu\u00e8 \u00e9s la compet\u00e8ncia global?\">Llegeix m\u00e9s\u00bb<\/a><\/p>\n","protected":false},"author":5,"featured_media":8748,"comment_status":"open","ping_status":"closed","sticky":false,"template":"","format":"standard","meta":{"_bbp_topic_count":0,"_bbp_reply_count":0,"_bbp_total_topic_count":0,"_bbp_total_reply_count":0,"_bbp_voice_count":0,"_bbp_anonymous_reply_count":0,"_bbp_topic_count_hidden":0,"_bbp_reply_count_hidden":0,"_bbp_forum_subforum_count":0,"footnotes":""},"categories":[1,29],"tags":[],"class_list":["post-8742","post","type-post","status-publish","format-standard","has-post-thumbnail","hentry","category-general","category-portada"],"post_mailing_queue_ids":[],"_links":{"self":[{"href":"https:\/\/projectes.xtec.cat\/origen\/wp-json\/wp\/v2\/posts\/8742","targetHints":{"allow":["GET"]}}],"collection":[{"href":"https:\/\/projectes.xtec.cat\/origen\/wp-json\/wp\/v2\/posts"}],"about":[{"href":"https:\/\/projectes.xtec.cat\/origen\/wp-json\/wp\/v2\/types\/post"}],"author":[{"embeddable":true,"href":"https:\/\/projectes.xtec.cat\/origen\/wp-json\/wp\/v2\/users\/5"}],"replies":[{"embeddable":true,"href":"https:\/\/projectes.xtec.cat\/origen\/wp-json\/wp\/v2\/comments?post=8742"}],"version-history":[{"count":3,"href":"https:\/\/projectes.xtec.cat\/origen\/wp-json\/wp\/v2\/posts\/8742\/revisions"}],"predecessor-version":[{"id":8749,"href":"https:\/\/projectes.xtec.cat\/origen\/wp-json\/wp\/v2\/posts\/8742\/revisions\/8749"}],"wp:featuredmedia":[{"embeddable":true,"href":"https:\/\/projectes.xtec.cat\/origen\/wp-json\/wp\/v2\/media\/8748"}],"wp:attachment":[{"href":"https:\/\/projectes.xtec.cat\/origen\/wp-json\/wp\/v2\/media?parent=8742"}],"wp:term":[{"taxonomy":"category","embeddable":true,"href":"https:\/\/projectes.xtec.cat\/origen\/wp-json\/wp\/v2\/categories?post=8742"},{"taxonomy":"post_tag","embeddable":true,"href":"https:\/\/projectes.xtec.cat\/origen\/wp-json\/wp\/v2\/tags?post=8742"}],"curies":[{"name":"wp","href":"https:\/\/api.w.org\/{rel}","templated":true}]}}