{"id":8857,"date":"2021-11-12T11:33:24","date_gmt":"2021-11-12T10:33:24","guid":{"rendered":"https:\/\/projectes.xtec.cat\/origen\/?p=8857"},"modified":"2021-11-12T12:41:27","modified_gmt":"2021-11-12T11:41:27","slug":"proposta-didactica-sobre-diversitat-linguistica","status":"publish","type":"post","link":"https:\/\/projectes.xtec.cat\/origen\/general\/proposta-didactica-sobre-diversitat-linguistica\/","title":{"rendered":"Proposta did\u00e0ctica sobre diversitat ling\u00fc\u00edstica"},"content":{"rendered":"<p><em>Una M\u00e0 de Lleng\u00fces <\/em>\u00e9s un material did\u00e0ctic sobre diversitat ling\u00fc\u00edstica per a professorat de Secund\u00e0ria i Batxillerat que han elaborat conjuntament el Grup de Ling\u00fcistes per la Diversitat de la Universitat de Barcelona i Plataforma per la Llengua.<\/p>\n<p>Us els podeu descarregar a trav\u00e9s d&#8217;aquest enlla\u00e7:\u00a0<a href=\"https:\/\/www.plataforma-llengua.cat\/proposta-didactica-diversitat-linguistica\/\" target=\"_blank\" rel=\"noopener\" data-saferedirecturl=\"https:\/\/www.google.com\/url?q=https:\/\/www.plataforma-llengua.cat\/proposta-didactica-diversitat-linguistica\/&amp;source=gmail&amp;ust=1636789455904000&amp;usg=AOvVaw1QKdW9MhkonWFxoeXiulOv\">https:\/\/www.<wbr \/>plataforma-llengua.cat\/<wbr \/>proposta-didactica-diversitat-<wbr \/>linguistica\/<\/a><\/p>\n<p>Tamb\u00e9 us deixem el v\u00eddeo de la presentaci\u00f3 dels materials que es va fer a la UB: <a href=\"https:\/\/www.youtube.com\/watch?v=MjAwdnVJiTg\" data-saferedirecturl=\"https:\/\/www.google.com\/url?q=https:\/\/www.youtube.com\/watch?v%3DMjAwdnVJiTg&amp;source=gmail&amp;ust=1636789455904000&amp;usg=AOvVaw3vC094tZA6DXxblAgiK9FH\">https:\/\/www.youtube.com\/watch?v=MjAwdnVJiTg<\/a><\/p>\n<p style=\"font-weight: 400;\"><a href=\"https:\/\/projectes.xtec.cat\/origen\/wp-content\/uploads\/usu2451\/2021\/11\/una-ma-de-llengues.png\"><img loading=\"lazy\" decoding=\"async\" class=\"size-full wp-image-8863 aligncenter\" src=\"https:\/\/projectes.xtec.cat\/origen\/wp-content\/uploads\/usu2451\/2021\/11\/una-ma-de-llengues.png\" alt=\"\" width=\"384\" height=\"561\" srcset=\"https:\/\/projectes.xtec.cat\/origen\/wp-content\/uploads\/usu2451\/2021\/11\/una-ma-de-llengues.png 384w, https:\/\/projectes.xtec.cat\/origen\/wp-content\/uploads\/usu2451\/2021\/11\/una-ma-de-llengues-205x300.png 205w\" sizes=\"auto, (max-width: 384px) 100vw, 384px\" \/><\/a><\/p>\n","protected":false},"excerpt":{"rendered":"<p>Una M\u00e0 de Lleng\u00fces \u00e9s un material did\u00e0ctic sobre diversitat ling\u00fc\u00edstica per a professorat de Secund\u00e0ria i Batxillerat que han elaborat conjuntament el Grup de Ling\u00fcistes per la Diversitat de la Universitat de Barcelona i Plataforma per la Llengua.<br \/>\nUs els podeu descarregar a trav\u00e9s d&#8217;aquest&hellip;  <a href=\"https:\/\/projectes.xtec.cat\/origen\/general\/proposta-didactica-sobre-diversitat-linguistica\/\" title=\"Read Proposta did\u00e0ctica sobre diversitat ling\u00fc\u00edstica\">Llegeix m\u00e9s\u00bb<\/a><\/p>\n","protected":false},"author":5,"featured_media":8863,"comment_status":"open","ping_status":"closed","sticky":false,"template":"","format":"standard","meta":{"_bbp_topic_count":0,"_bbp_reply_count":0,"_bbp_total_topic_count":0,"_bbp_total_reply_count":0,"_bbp_voice_count":0,"_bbp_anonymous_reply_count":0,"_bbp_topic_count_hidden":0,"_bbp_reply_count_hidden":0,"_bbp_forum_subforum_count":0,"footnotes":""},"categories":[1,29],"tags":[],"class_list":["post-8857","post","type-post","status-publish","format-standard","has-post-thumbnail","hentry","category-general","category-portada"],"post_mailing_queue_ids":[],"_links":{"self":[{"href":"https:\/\/projectes.xtec.cat\/origen\/wp-json\/wp\/v2\/posts\/8857","targetHints":{"allow":["GET"]}}],"collection":[{"href":"https:\/\/projectes.xtec.cat\/origen\/wp-json\/wp\/v2\/posts"}],"about":[{"href":"https:\/\/projectes.xtec.cat\/origen\/wp-json\/wp\/v2\/types\/post"}],"author":[{"embeddable":true,"href":"https:\/\/projectes.xtec.cat\/origen\/wp-json\/wp\/v2\/users\/5"}],"replies":[{"embeddable":true,"href":"https:\/\/projectes.xtec.cat\/origen\/wp-json\/wp\/v2\/comments?post=8857"}],"version-history":[{"count":3,"href":"https:\/\/projectes.xtec.cat\/origen\/wp-json\/wp\/v2\/posts\/8857\/revisions"}],"predecessor-version":[{"id":8867,"href":"https:\/\/projectes.xtec.cat\/origen\/wp-json\/wp\/v2\/posts\/8857\/revisions\/8867"}],"wp:featuredmedia":[{"embeddable":true,"href":"https:\/\/projectes.xtec.cat\/origen\/wp-json\/wp\/v2\/media\/8863"}],"wp:attachment":[{"href":"https:\/\/projectes.xtec.cat\/origen\/wp-json\/wp\/v2\/media?parent=8857"}],"wp:term":[{"taxonomy":"category","embeddable":true,"href":"https:\/\/projectes.xtec.cat\/origen\/wp-json\/wp\/v2\/categories?post=8857"},{"taxonomy":"post_tag","embeddable":true,"href":"https:\/\/projectes.xtec.cat\/origen\/wp-json\/wp\/v2\/tags?post=8857"}],"curies":[{"name":"wp","href":"https:\/\/api.w.org\/{rel}","templated":true}]}}