{"id":8929,"date":"2022-01-19T10:03:45","date_gmt":"2022-01-19T09:03:45","guid":{"rendered":"https:\/\/projectes.xtec.cat\/origen\/?p=8929"},"modified":"2022-01-19T10:03:45","modified_gmt":"2022-01-19T09:03:45","slug":"conferencia-dany-nou-amazic-%f0%9d%91%b3%f0%9d%92%82-%f0%9d%92%84%f0%9d%92%96%f0%9d%92%8d%f0%9d%92%95%f0%9d%92%96%f0%9d%92%93%f0%9d%92%82-%f0%9d%92%82%f0%9d%92%8e%f0%9d%92%82%f0%9d%92%9b","status":"publish","type":"post","link":"https:\/\/projectes.xtec.cat\/origen\/portada\/conferencia-dany-nou-amazic-%f0%9d%91%b3%f0%9d%92%82-%f0%9d%92%84%f0%9d%92%96%f0%9d%92%8d%f0%9d%92%95%f0%9d%92%96%f0%9d%92%93%f0%9d%92%82-%f0%9d%92%82%f0%9d%92%8e%f0%9d%92%82%f0%9d%92%9b\/","title":{"rendered":"Confer\u00e8ncia d\u2019Any Nou Amazic: \ud835\udc73\ud835\udc82 \ud835\udc84\ud835\udc96\ud835\udc8d\ud835\udc95\ud835\udc96\ud835\udc93\ud835\udc82 \ud835\udc82\ud835\udc8e\ud835\udc82\ud835\udc9b\ud835\udc8a\ud835\udc88\ud835\udc82 \ud835\udc85\ud835\udc86 \ud835\udc8d\u2019\ud835\udc82\ud835\udc8a\ud835\udc88\ud835\udc96\ud835\udc82 \ud835\udc85\ud835\udc86\ud835\udc8d \ud835\udc8f\ud835\udc90\ud835\udc93\ud835\udc85 \ud835\udc85\u2019\ud835\udc68\u0300\ud835\udc87\ud835\udc93\ud835\udc8a\ud835\udc84\ud835\udc82 \ud835\udc82 \ud835\udc7f\ud835\udc82\ud835\udc93\ud835\udc92 \ud835\udc82\ud835\udc8d-\ud835\udc68\u0300\ud835\udc8f\ud835\udc85\ud835\udc82\ud835\udc8d\ud835\udc96"},"content":{"rendered":"<p>El passat 13 de gener es va celebrar a la Universitat de Barcelona la confer\u00e8ncia d\u2019Any Nou Amazic intitulada \ud835\udc73\ud835\udc82 \ud835\udc84\ud835\udc96\ud835\udc8d\ud835\udc95\ud835\udc96\ud835\udc93\ud835\udc82 \ud835\udc82\ud835\udc8e\ud835\udc82\ud835\udc9b\ud835\udc8a\ud835\udc88\ud835\udc82 \ud835\udc85\ud835\udc86 \ud835\udc8d\u2019\ud835\udc82\ud835\udc8a\ud835\udc88\ud835\udc96\ud835\udc82 \ud835\udc85\ud835\udc86\ud835\udc8d \ud835\udc8f\ud835\udc90\ud835\udc93\ud835\udc85 \ud835\udc85\u2019\ud835\udc68\u0300\ud835\udc87\ud835\udc93\ud835\udc8a\ud835\udc84\ud835\udc82 \ud835\udc82 \ud835\udc7f\ud835\udc82\ud835\udc93\ud835\udc92 \ud835\udc82\ud835\udc8d-\ud835\udc68\u0300\ud835\udc8f\ud835\udc85\ud835\udc82\ud835\udc8d\ud835\udc96\ud835\udc94, a c\u00e0rrec de Ferran Esquilache (Universitat de Val\u00e8ncia) i Carles M\u00farcia (Universitat de Barcelona). La trobareu publicada \u00edntegrament al canal de youtube del Grup Harca de divulgaci\u00f3 hist\u00f2rica de Val\u00e8ncia: <a href=\"https:\/\/eur03.safelinks.protection.outlook.com\/?url=https%3A%2F%2Fwww.youtube.com%2Fwatch%3Fv%3DYal3ScWrggM%26fbclid%3DIwAR3-YXLDdDeJzRRITPQ-w5sLwIPqSa_TBa2w8fGqvoblbZM1Imb9F6-ydE4&amp;data=04%7C01%7Cmontse.montagut%40gencat.cat%7Cae05c51644c34650169c08d9da735eff%7C3b9427dcd30e43bc8c06ff7253676fec%7C1%7C0%7C637781011322451257%7CUnknown%7CTWFpbGZsb3d8eyJWIjoiMC4wLjAwMDAiLCJQIjoiV2luMzIiLCJBTiI6Ik1haWwiLCJXVCI6Mn0%3D%7C3000&amp;sdata=XDK149EdqXc8v2gA1eWIA94QFpz8BAYZRxlC%2BKIg%2FaU%3D&amp;reserved=0\" data-saferedirecturl=\"https:\/\/www.google.com\/url?q=https:\/\/eur03.safelinks.protection.outlook.com\/?url%3Dhttps%253A%252F%252Fwww.youtube.com%252Fwatch%253Fv%253DYal3ScWrggM%2526fbclid%253DIwAR3-YXLDdDeJzRRITPQ-w5sLwIPqSa_TBa2w8fGqvoblbZM1Imb9F6-ydE4%26data%3D04%257C01%257Cmontse.montagut%2540gencat.cat%257Cae05c51644c34650169c08d9da735eff%257C3b9427dcd30e43bc8c06ff7253676fec%257C1%257C0%257C637781011322451257%257CUnknown%257CTWFpbGZsb3d8eyJWIjoiMC4wLjAwMDAiLCJQIjoiV2luMzIiLCJBTiI6Ik1haWwiLCJXVCI6Mn0%253D%257C3000%26sdata%3DXDK149EdqXc8v2gA1eWIA94QFpz8BAYZRxlC%252BKIg%252FaU%253D%26reserved%3D0&amp;source=gmail&amp;ust=1642666814014000&amp;usg=AOvVaw0fKDBZ9_Cq9DwtkkUbNVxe\">https:\/\/www.youtube.com\/watch?v=Yal3ScWrggM<\/a><\/p>\n<p><iframe loading=\"lazy\" title=\"YouTube video player\" src=\"https:\/\/www.youtube.com\/embed\/Yal3ScWrggM\" width=\"560\" height=\"315\" frameborder=\"0\" allowfullscreen=\"allowfullscreen\"><\/iframe><br \/>\n&nbsp;<\/p>\n<p>&nbsp;<\/p>\n","protected":false},"excerpt":{"rendered":"<p>El passat 13 de gener es va celebrar a la Universitat de Barcelona la confer\u00e8ncia d\u2019Any Nou Amazic intitulada \ud835\udc73\ud835\udc82 \ud835\udc84\ud835\udc96\ud835\udc8d\ud835\udc95\ud835\udc96\ud835\udc93\ud835\udc82 \ud835\udc82\ud835\udc8e\ud835\udc82\ud835\udc9b\ud835\udc8a\ud835\udc88\ud835\udc82 \ud835\udc85\ud835\udc86 \ud835\udc8d\u2019\ud835\udc82\ud835\udc8a\ud835\udc88\ud835\udc96\ud835\udc82 \ud835\udc85\ud835\udc86\ud835\udc8d \ud835\udc8f\ud835\udc90\ud835\udc93\ud835\udc85 \ud835\udc85\u2019\ud835\udc68\u0300\ud835\udc87\ud835\udc93\ud835\udc8a\ud835\udc84\ud835\udc82 \ud835\udc82 \ud835\udc7f\ud835\udc82\ud835\udc93\ud835\udc92 \ud835\udc82\ud835\udc8d-\ud835\udc68\u0300\ud835\udc8f\ud835\udc85\ud835\udc82\ud835\udc8d\ud835\udc96\ud835\udc94, a c\u00e0rrec de Ferran Esquilache (Universitat de Val\u00e8ncia) i Carles M\u00farcia (Universitat de Barcelona). La&hellip;  <a href=\"https:\/\/projectes.xtec.cat\/origen\/portada\/conferencia-dany-nou-amazic-%f0%9d%91%b3%f0%9d%92%82-%f0%9d%92%84%f0%9d%92%96%f0%9d%92%8d%f0%9d%92%95%f0%9d%92%96%f0%9d%92%93%f0%9d%92%82-%f0%9d%92%82%f0%9d%92%8e%f0%9d%92%82%f0%9d%92%9b\/\" title=\"Read Confer\u00e8ncia d\u2019Any Nou Amazic: \ud835\udc73\ud835\udc82 \ud835\udc84\ud835\udc96\ud835\udc8d\ud835\udc95\ud835\udc96\ud835\udc93\ud835\udc82 \ud835\udc82\ud835\udc8e\ud835\udc82\ud835\udc9b\ud835\udc8a\ud835\udc88\ud835\udc82 \ud835\udc85\ud835\udc86 \ud835\udc8d\u2019\ud835\udc82\ud835\udc8a\ud835\udc88\ud835\udc96\ud835\udc82 \ud835\udc85\ud835\udc86\ud835\udc8d \ud835\udc8f\ud835\udc90\ud835\udc93\ud835\udc85 \ud835\udc85\u2019\ud835\udc68\u0300\ud835\udc87\ud835\udc93\ud835\udc8a\ud835\udc84\ud835\udc82 \ud835\udc82 \ud835\udc7f\ud835\udc82\ud835\udc93\ud835\udc92 \ud835\udc82\ud835\udc8d-\ud835\udc68\u0300\ud835\udc8f\ud835\udc85\ud835\udc82\ud835\udc8d\ud835\udc96\">Llegeix m\u00e9s\u00bb<\/a><\/p>\n","protected":false},"author":4,"featured_media":8930,"comment_status":"open","ping_status":"closed","sticky":false,"template":"","format":"standard","meta":{"_bbp_topic_count":0,"_bbp_reply_count":0,"_bbp_total_topic_count":0,"_bbp_total_reply_count":0,"_bbp_voice_count":0,"_bbp_anonymous_reply_count":0,"_bbp_topic_count_hidden":0,"_bbp_reply_count_hidden":0,"_bbp_forum_subforum_count":0,"footnotes":""},"categories":[29],"tags":[],"class_list":["post-8929","post","type-post","status-publish","format-standard","has-post-thumbnail","hentry","category-portada"],"post_mailing_queue_ids":[],"_links":{"self":[{"href":"https:\/\/projectes.xtec.cat\/origen\/wp-json\/wp\/v2\/posts\/8929","targetHints":{"allow":["GET"]}}],"collection":[{"href":"https:\/\/projectes.xtec.cat\/origen\/wp-json\/wp\/v2\/posts"}],"about":[{"href":"https:\/\/projectes.xtec.cat\/origen\/wp-json\/wp\/v2\/types\/post"}],"author":[{"embeddable":true,"href":"https:\/\/projectes.xtec.cat\/origen\/wp-json\/wp\/v2\/users\/4"}],"replies":[{"embeddable":true,"href":"https:\/\/projectes.xtec.cat\/origen\/wp-json\/wp\/v2\/comments?post=8929"}],"version-history":[{"count":1,"href":"https:\/\/projectes.xtec.cat\/origen\/wp-json\/wp\/v2\/posts\/8929\/revisions"}],"predecessor-version":[{"id":8931,"href":"https:\/\/projectes.xtec.cat\/origen\/wp-json\/wp\/v2\/posts\/8929\/revisions\/8931"}],"wp:featuredmedia":[{"embeddable":true,"href":"https:\/\/projectes.xtec.cat\/origen\/wp-json\/wp\/v2\/media\/8930"}],"wp:attachment":[{"href":"https:\/\/projectes.xtec.cat\/origen\/wp-json\/wp\/v2\/media?parent=8929"}],"wp:term":[{"taxonomy":"category","embeddable":true,"href":"https:\/\/projectes.xtec.cat\/origen\/wp-json\/wp\/v2\/categories?post=8929"},{"taxonomy":"post_tag","embeddable":true,"href":"https:\/\/projectes.xtec.cat\/origen\/wp-json\/wp\/v2\/tags?post=8929"}],"curies":[{"name":"wp","href":"https:\/\/api.w.org\/{rel}","templated":true}]}}