{"id":8935,"date":"2022-01-20T14:09:27","date_gmt":"2022-01-20T13:09:27","guid":{"rendered":"https:\/\/projectes.xtec.cat\/origen\/?p=8935"},"modified":"2022-01-24T18:07:56","modified_gmt":"2022-01-24T17:07:56","slug":"xerrades-sobre-el-sistema-educatiu-catala-i-les-possibilitats-destudis-post-obligatoris-casa-asia","status":"publish","type":"post","link":"https:\/\/projectes.xtec.cat\/origen\/portada\/xerrades-sobre-el-sistema-educatiu-catala-i-les-possibilitats-destudis-post-obligatoris-casa-asia\/","title":{"rendered":"Xerrades sobre el sistema educatiu catal\u00e0 i les possibilitats d&#8217;estudis post obligatoris (Casa \u00c0sia)"},"content":{"rendered":"<div>\n<div id=\":t0\" class=\"Ar Au Ao\">\n<div id=\":w5\" class=\"Am Al editable LW-avf tS-tW tS-tY\" tabindex=\"1\" role=\"textbox\" contenteditable=\"true\" spellcheck=\"false\" aria-label=\"Cos del missatge\" aria-multiline=\"true\">\n<p><span style=\"font-weight: 400;\">El programa Escola de Bamb\u00fa de Casa \u00c0sia organitza una s\u00e8rie de xerrades sobre el sistema educatiu catal\u00e0 i les possibilitats d&#8217;estudis postobligatoris que estan duent a terme durant aquest mes als diferents centres educatius de secund\u00e0ria, 24 en total, de tota Catalunya amb la col\u00b7laboraci\u00f3 de la FAPAES dins dels programes AFEX-AFFM amb el suport de la Generalitat de Catalunya, l&#8217;Ajuntament de Barcelona i ajuntaments de diversos municipis. Aquestes xerrades s&#8217;adrecen principalment a les fam\u00edlies migrades dels centres i se&#8217;ls ofereix la traducci\u00f3, mitjan\u00e7ant les dinamitzadores del programa, al mandar\u00ed, urd\u00fa-hindi i darija.<\/span><\/p>\n<p><span style=\"font-weight: 400;\">La setmana vinent, tindran lloc <\/span><b>3 xerrades en l\u00ednia <\/b><span style=\"font-weight: 400;\">per a les fam\u00edlies dels centres participants i obertes a fam\u00edlies que tinguin alguna d&#8217;aquestes lleng\u00fces maternes, en tres dies diferents.<\/span><\/p>\n<p><span style=\"font-weight: 400;\">24\/01 = TRADUCCI\u00d3 EN XIN\u00c8S (19:00 a 20:00)&#8212;- Telf: 640730311<\/span><\/p>\n<p><span style=\"font-weight: 400;\">26\/01 = TRADUCCI\u00d3 EN DARIJA (10:30 a 11:45)&#8212; Telf: 651077298<br \/>\n<\/span><\/p>\n<p><span style=\"font-weight: 400;\">28\/01 = TRADUCCI\u00d3 EN URD\u00da\/HINDI (18:00 a 19:30)&#8212; Telf: 602103019<\/span><\/p>\n<p><strong>Cal inscripci\u00f3 pr\u00e8via<\/strong>. A cada p\u00f2ster (segons la llengua a la qual es traduir\u00e0), hi ha un n\u00famero de tel\u00e8fon i cal enviar un whastsApp aquesta persona donant el vostre nom i cognom i a quin centre o centres educatius estan els vostres fills i filles, i ella us far\u00e0 arribar el link.<\/p>\n<\/div>\n<\/div>\n<\/div>\n<div><\/div>\n<div><\/div>\n<div><a href=\"https:\/\/projectes.xtec.cat\/origen\/wp-content\/uploads\/usu2451\/2022\/01\/urdu.png\"><img loading=\"lazy\" decoding=\"async\" class=\"alignnone wp-image-8943\" src=\"https:\/\/projectes.xtec.cat\/origen\/wp-content\/uploads\/usu2451\/2022\/01\/urdu.png\" alt=\"\" width=\"289\" height=\"397\" srcset=\"https:\/\/projectes.xtec.cat\/origen\/wp-content\/uploads\/usu2451\/2022\/01\/urdu.png 644w, https:\/\/projectes.xtec.cat\/origen\/wp-content\/uploads\/usu2451\/2022\/01\/urdu-218x300.png 218w\" sizes=\"auto, (max-width: 289px) 100vw, 289px\" \/>\u00a0\u00a0\u00a0<\/a> <a href=\"https:\/\/projectes.xtec.cat\/origen\/wp-content\/uploads\/usu2451\/2022\/01\/darija.png\"><img loading=\"lazy\" decoding=\"async\" class=\"alignnone wp-image-8944\" src=\"https:\/\/projectes.xtec.cat\/origen\/wp-content\/uploads\/usu2451\/2022\/01\/darija.png\" alt=\"\" width=\"281\" height=\"394\" srcset=\"https:\/\/projectes.xtec.cat\/origen\/wp-content\/uploads\/usu2451\/2022\/01\/darija.png 637w, https:\/\/projectes.xtec.cat\/origen\/wp-content\/uploads\/usu2451\/2022\/01\/darija-214x300.png 214w\" sizes=\"auto, (max-width: 281px) 100vw, 281px\" \/><\/a> \u00a0\u00a0 <a href=\"https:\/\/projectes.xtec.cat\/origen\/wp-content\/uploads\/usu2451\/2022\/01\/xines.png\"><img loading=\"lazy\" decoding=\"async\" class=\"alignnone wp-image-8945\" src=\"https:\/\/projectes.xtec.cat\/origen\/wp-content\/uploads\/usu2451\/2022\/01\/xines.png\" alt=\"\" width=\"277\" height=\"392\" srcset=\"https:\/\/projectes.xtec.cat\/origen\/wp-content\/uploads\/usu2451\/2022\/01\/xines.png 635w, https:\/\/projectes.xtec.cat\/origen\/wp-content\/uploads\/usu2451\/2022\/01\/xines-212x300.png 212w\" sizes=\"auto, (max-width: 277px) 100vw, 277px\" \/><\/a><\/div>\n<div><a href=\"https:\/\/projectes.xtec.cat\/origen\/wp-content\/uploads\/usu2451\/2022\/01\/catala.png\"><img loading=\"lazy\" decoding=\"async\" class=\"alignnone wp-image-8941\" src=\"https:\/\/projectes.xtec.cat\/origen\/wp-content\/uploads\/usu2451\/2022\/01\/catala.png\" alt=\"\" width=\"279\" height=\"396\" srcset=\"https:\/\/projectes.xtec.cat\/origen\/wp-content\/uploads\/usu2451\/2022\/01\/catala.png 633w, https:\/\/projectes.xtec.cat\/origen\/wp-content\/uploads\/usu2451\/2022\/01\/catala-212x300.png 212w\" sizes=\"auto, (max-width: 279px) 100vw, 279px\" \/><\/a> \u00a0 \u00a0 \u00a0<a href=\"https:\/\/projectes.xtec.cat\/origen\/wp-content\/uploads\/usu2451\/2022\/01\/castella.png\"><img loading=\"lazy\" decoding=\"async\" class=\"alignnone wp-image-8942\" src=\"https:\/\/projectes.xtec.cat\/origen\/wp-content\/uploads\/usu2451\/2022\/01\/castella.png\" alt=\"\" width=\"278\" height=\"397\" srcset=\"https:\/\/projectes.xtec.cat\/origen\/wp-content\/uploads\/usu2451\/2022\/01\/castella.png 631w, https:\/\/projectes.xtec.cat\/origen\/wp-content\/uploads\/usu2451\/2022\/01\/castella-210x300.png 210w\" sizes=\"auto, (max-width: 278px) 100vw, 278px\" \/><\/a><\/div>\n","protected":false},"excerpt":{"rendered":"<p>El programa Escola de Bamb\u00fa de Casa \u00c0sia organitza una s\u00e8rie de xerrades sobre el sistema educatiu catal\u00e0 i les possibilitats d&#8217;estudis postobligatoris que estan duent a terme durant aquest mes als diferents centres educatius de secund\u00e0ria, 24 en total, de tota Catalunya amb la&hellip;  <a href=\"https:\/\/projectes.xtec.cat\/origen\/portada\/xerrades-sobre-el-sistema-educatiu-catala-i-les-possibilitats-destudis-post-obligatoris-casa-asia\/\" title=\"Read Xerrades sobre el sistema educatiu catal\u00e0 i les possibilitats d&#8217;estudis post obligatoris (Casa \u00c0sia)\">Llegeix m\u00e9s\u00bb<\/a><\/p>\n","protected":false},"author":4,"featured_media":8941,"comment_status":"open","ping_status":"closed","sticky":false,"template":"","format":"standard","meta":{"_bbp_topic_count":0,"_bbp_reply_count":0,"_bbp_total_topic_count":0,"_bbp_total_reply_count":0,"_bbp_voice_count":0,"_bbp_anonymous_reply_count":0,"_bbp_topic_count_hidden":0,"_bbp_reply_count_hidden":0,"_bbp_forum_subforum_count":0,"footnotes":""},"categories":[29],"tags":[],"class_list":["post-8935","post","type-post","status-publish","format-standard","has-post-thumbnail","hentry","category-portada"],"post_mailing_queue_ids":[],"_links":{"self":[{"href":"https:\/\/projectes.xtec.cat\/origen\/wp-json\/wp\/v2\/posts\/8935","targetHints":{"allow":["GET"]}}],"collection":[{"href":"https:\/\/projectes.xtec.cat\/origen\/wp-json\/wp\/v2\/posts"}],"about":[{"href":"https:\/\/projectes.xtec.cat\/origen\/wp-json\/wp\/v2\/types\/post"}],"author":[{"embeddable":true,"href":"https:\/\/projectes.xtec.cat\/origen\/wp-json\/wp\/v2\/users\/4"}],"replies":[{"embeddable":true,"href":"https:\/\/projectes.xtec.cat\/origen\/wp-json\/wp\/v2\/comments?post=8935"}],"version-history":[{"count":3,"href":"https:\/\/projectes.xtec.cat\/origen\/wp-json\/wp\/v2\/posts\/8935\/revisions"}],"predecessor-version":[{"id":8955,"href":"https:\/\/projectes.xtec.cat\/origen\/wp-json\/wp\/v2\/posts\/8935\/revisions\/8955"}],"wp:featuredmedia":[{"embeddable":true,"href":"https:\/\/projectes.xtec.cat\/origen\/wp-json\/wp\/v2\/media\/8941"}],"wp:attachment":[{"href":"https:\/\/projectes.xtec.cat\/origen\/wp-json\/wp\/v2\/media?parent=8935"}],"wp:term":[{"taxonomy":"category","embeddable":true,"href":"https:\/\/projectes.xtec.cat\/origen\/wp-json\/wp\/v2\/categories?post=8935"},{"taxonomy":"post_tag","embeddable":true,"href":"https:\/\/projectes.xtec.cat\/origen\/wp-json\/wp\/v2\/tags?post=8935"}],"curies":[{"name":"wp","href":"https:\/\/api.w.org\/{rel}","templated":true}]}}