{"id":9263,"date":"2022-05-10T09:35:30","date_gmt":"2022-05-10T07:35:30","guid":{"rendered":"https:\/\/projectes.xtec.cat\/origen\/?p=9263"},"modified":"2022-05-10T09:36:53","modified_gmt":"2022-05-10T07:36:53","slug":"us-presentem-prollema-ensenyant-llengua-materna","status":"publish","type":"post","link":"https:\/\/projectes.xtec.cat\/origen\/portada\/us-presentem-prollema-ensenyant-llengua-materna\/","title":{"rendered":"Us presentem &#8220;PROLLEMA: ensenyant llengua materna&#8221;"},"content":{"rendered":"<p>Vols aprendre l&#8217;amazic del Rif, el darija o el wolof?<\/p>\n<p><a href=\"http:\/\/secure-web.cisco.com\/1g1bMhk-17GQsOdHT2vd6uD1BMg5wZ28QviMAQD7-Zwe6t07A6iwYSFtMwAM6p6B3L8TgxlONc0W6MWrH4xq_Lec9so21XnjIrFJ-6c2c-XER-aDcixt79E2xMdYWFJTnLqetAHFix-SeIe_SfKJF-zWa0TwT_whT0xxrmOlxfknhrt6Y7P3TlXTMfoo0mpyRoQRbp_VgaQqX4bxzxIQmCGYFsMqVA0Mjyb5zAzVF5T2r35k4-Or93oZG7uKBLiwBp04Zq5O5cunjYRzrbiLaEQKbhNcLcW_FOgqXeVuUNDWsmm0iST6Vb3qKy7Lz0jjFhrrRslZ0bHKiaYTqU3zRCm8FdK2RLCdxesQANaR7NiQ2CZbAZTA0BgVgKKTGZC4DEj1HmDkIrCcdBQzdAzVVpGmz5b4hc7aPPi4l1fFNeWXoeFZnjkcBMGu9lx_jTm5NwJ7thaKZ3w2srUehbCNS30ZZSH0DWyiLUAMwP2E_D9fXQzqYfYYqK6H7b4lhM4QH\/http%3A%2F%2Fwww.prollema.org\" target=\"_blank\" rel=\"noopener\" data-saferedirecturl=\"https:\/\/www.google.com\/url?q=http:\/\/secure-web.cisco.com\/1g1bMhk-17GQsOdHT2vd6uD1BMg5wZ28QviMAQD7-Zwe6t07A6iwYSFtMwAM6p6B3L8TgxlONc0W6MWrH4xq_Lec9so21XnjIrFJ-6c2c-XER-aDcixt79E2xMdYWFJTnLqetAHFix-SeIe_SfKJF-zWa0TwT_whT0xxrmOlxfknhrt6Y7P3TlXTMfoo0mpyRoQRbp_VgaQqX4bxzxIQmCGYFsMqVA0Mjyb5zAzVF5T2r35k4-Or93oZG7uKBLiwBp04Zq5O5cunjYRzrbiLaEQKbhNcLcW_FOgqXeVuUNDWsmm0iST6Vb3qKy7Lz0jjFhrrRslZ0bHKiaYTqU3zRCm8FdK2RLCdxesQANaR7NiQ2CZbAZTA0BgVgKKTGZC4DEj1HmDkIrCcdBQzdAzVVpGmz5b4hc7aPPi4l1fFNeWXoeFZnjkcBMGu9lx_jTm5NwJ7thaKZ3w2srUehbCNS30ZZSH0DWyiLUAMwP2E_D9fXQzqYfYYqK6H7b4lhM4QH\/http%253A%252F%252Fwww.prollema.org&amp;source=gmail&amp;ust=1652253569346000&amp;usg=AOvVaw2UBadQ49xU2ncSr50Nqcnt\"><b>&#8216;PROLLEMA,ensenyant llengua materna&#8217;<\/b><\/a>, \u00e9s una proposta adre\u00e7ada a <b>joves migrats sols en situaci\u00f3 d&#8217;exclusi\u00f3 social severa<\/b>\u00a0(\u00a0<i>sense documentaci\u00f3, sense xarxa al territori, sense disposici\u00f3 d&#8217;ingressos, sense acc\u00e9s a formaci\u00f3 i\/o ocupaci\u00f3 remunerada, i en situaci\u00f3 d&#8217;exclusi\u00f3 residencial<\/i>). Mitjan\u00e7ant formaci\u00f3, el jovent participant per edici\u00f3 (4 per edici\u00f3, cercant la paritat de g\u00e8nere) resta capacitat com a\u00a0<b>ensenyant de la seva llengua materna<\/b> perqu\u00e8 pugui impartir-la en un marc remunerat, alhora d&#8217;incrementar la seva xarxa personal a partir de la interacci\u00f3 que s&#8217;efectua amb els aprenents de la seva llengua materna.<\/p>\n<p><a href=\"https:\/\/projectes.xtec.cat\/origen\/wp-content\/uploads\/usu2451\/2022\/05\/image009-1.png\"><img loading=\"lazy\" decoding=\"async\" class=\"size-large wp-image-9264 aligncenter\" src=\"https:\/\/projectes.xtec.cat\/origen\/wp-content\/uploads\/usu2451\/2022\/05\/image009-1-1024x283.png\" alt=\"\" width=\"1024\" height=\"283\" srcset=\"https:\/\/projectes.xtec.cat\/origen\/wp-content\/uploads\/usu2451\/2022\/05\/image009-1-1024x283.png 1024w, https:\/\/projectes.xtec.cat\/origen\/wp-content\/uploads\/usu2451\/2022\/05\/image009-1-300x83.png 300w, https:\/\/projectes.xtec.cat\/origen\/wp-content\/uploads\/usu2451\/2022\/05\/image009-1-768x213.png 768w, https:\/\/projectes.xtec.cat\/origen\/wp-content\/uploads\/usu2451\/2022\/05\/image009-1.png 1373w\" sizes=\"auto, (max-width: 1024px) 100vw, 1024px\" \/><\/a><\/p>\n<p><u><\/u><u><\/u>Des de\u00a0<b>PROLLEMA<\/b>, aposten perqu\u00e8 el jovent ensenyant, en tant que expert, imparteixi la seva llengua materna exclusivament des de l&#8217;<b>oralitat<\/b>\u00a0i que el nivell ensenyat sigui\u00a0<b>inicial-b\u00e0sic<\/b> permetent a qualsevol personal, ja sigui per inter\u00e8s professional, formatiu, personal, relacional o, simplement curiositat, assoleixi certes compet\u00e8ncies comunicatives que li permetin interactuar amb el parlant de la llengua apresa.<\/p>\n<div>\n<div>\n<div>\n<p>Per al per\u00edode<b>\u00a0formatiu de primavera<\/b> (09\/05\/22- 25\/06\/022) plantegen 1 sessi\u00f3 a la setmana amb una durada m\u00e0xima d&#8217;1 hora i mitja, essent un total de 8 sessions. La disponibilitat del jovent ensenyant ha determinat tant el dia i l&#8217;horari de la formaci\u00f3. Als cartells adjunts veureu informaci\u00f3 detallada dels <b>dies<\/b>\u00a0i\u00a0<b>horaris<\/b>\u00a0de les respectives formacions.<u><\/u><u><\/u><\/p>\n<\/div>\n<\/div>\n<\/div>\n<p>Per inscriure&#8217;s cal complimentar un\u00a0<b>formulari<\/b>\u00a0que trobareu al seg\u00fcent enlla\u00e7:\u00a0<a href=\"https:\/\/secure-web.cisco.com\/1kuhvtSUxinGqasWCV7-MfYhJ798RqlMeBvERkfEHzcNqDTWjeV-Yezxy8-BVkySJSWNGVFy8p9UE2fQMJeu8IIVL9AsX8Ngz7djLTONnk2smAoWwGOlKYpyMvL2OxN-4Grt8RAQuRWlX6dpGXM_IOR7vuDgUHGrWpKpIDk-vHIJmgFwWM1eKgCep527HAccMhVA1jrndcoR-gXW-YZGo6p6PbB1lMq79Xf2sbnKfp5BAX-fDXwnHBQBxn38vLBnnNr0d40SDfzXet2xjD8ZVf6HJlnA2N05TAheaYObrJT6hlZI32A_HFJaIA9xeafKfzyrmKV3T1330cj-7pXoM5dnRLrGis_oGTKYlj7GMZu-i5P5U-cmgA8OVcUts-RKa0zvCK_5mrYLBbDJE_jwuPs5XM5sSJ-vF9Kq-Uw0MvzILv_f9iEnzRkRc3b9TNyEn_X0TXlKhYbnI-dUsKBm4OlY_M6Nt3UbvnFMF3y1W1eL6QQb0k9GHZRE-ABWla1mn\/https%3A%2F%2Fprollema.org%2Finscriu-te\" target=\"_blank\" rel=\"noopener\" data-saferedirecturl=\"https:\/\/www.google.com\/url?q=https:\/\/secure-web.cisco.com\/1kuhvtSUxinGqasWCV7-MfYhJ798RqlMeBvERkfEHzcNqDTWjeV-Yezxy8-BVkySJSWNGVFy8p9UE2fQMJeu8IIVL9AsX8Ngz7djLTONnk2smAoWwGOlKYpyMvL2OxN-4Grt8RAQuRWlX6dpGXM_IOR7vuDgUHGrWpKpIDk-vHIJmgFwWM1eKgCep527HAccMhVA1jrndcoR-gXW-YZGo6p6PbB1lMq79Xf2sbnKfp5BAX-fDXwnHBQBxn38vLBnnNr0d40SDfzXet2xjD8ZVf6HJlnA2N05TAheaYObrJT6hlZI32A_HFJaIA9xeafKfzyrmKV3T1330cj-7pXoM5dnRLrGis_oGTKYlj7GMZu-i5P5U-cmgA8OVcUts-RKa0zvCK_5mrYLBbDJE_jwuPs5XM5sSJ-vF9Kq-Uw0MvzILv_f9iEnzRkRc3b9TNyEn_X0TXlKhYbnI-dUsKBm4OlY_M6Nt3UbvnFMF3y1W1eL6QQb0k9GHZRE-ABWla1mn\/https%253A%252F%252Fprollema.org%252Finscriu-te&amp;source=gmail&amp;ust=1652253569347000&amp;usg=AOvVaw0UAlkZo7RZUuy9R9vWOdMR\">https:\/\/prollema.org\/inscriu-<wbr \/>te<\/a><\/p>\n","protected":false},"excerpt":{"rendered":"<p>Vols aprendre l&#8217;amazic del Rif, el darija o el wolof?<br \/>\n<a href=\"http:\/\/secure-web.cisco.com\/1g1bMhk-17GQsOdHT2vd6uD1BMg5wZ28QviMAQD7-Zwe6t07A6iwYSFtMwAM6p6B3L8TgxlONc0W6MWrH4xq_Lec9so21XnjIrFJ-6c2c-XER-aDcixt79E2xMdYWFJTnLqetAHFix-SeIe_SfKJF-zWa0TwT_whT0xxrmOlxfknhrt6Y7P3TlXTMfoo0mpyRoQRbp_VgaQqX4bxzxIQmCGYFsMqVA0Mjyb5zAzVF5T2r35k4-Or93oZG7uKBLiwBp04Zq5O5cunjYRzrbiLaEQKbhNcLcW_FOgqXeVuUNDWsmm0iST6Vb3qKy7Lz0jjFhrrRslZ0bHKiaYTqU3zRCm8FdK2RLCdxesQANaR7NiQ2CZbAZTA0BgVgKKTGZC4DEj1HmDkIrCcdBQzdAzVVpGmz5b4hc7aPPi4l1fFNeWXoeFZnjkcBMGu9lx_jTm5NwJ7thaKZ3w2srUehbCNS30ZZSH0DWyiLUAMwP2E_D9fXQzqYfYYqK6H7b4lhM4QH\/http%3A%2F%2Fwww.prollema.org\" target=\"_blank\" rel=\"noopener\" data-saferedirecturl=\"https:\/\/www.google.com\/url?q=http:\/\/secure-web.cisco.com\/1g1bMhk-17GQsOdHT2vd6uD1BMg5wZ28QviMAQD7-Zwe6t07A6iwYSFtMwAM6p6B3L8TgxlONc0W6MWrH4xq_Lec9so21XnjIrFJ-6c2c-XER-aDcixt79E2xMdYWFJTnLqetAHFix-SeIe_SfKJF-zWa0TwT_whT0xxrmOlxfknhrt6Y7P3TlXTMfoo0mpyRoQRbp_VgaQqX4bxzxIQmCGYFsMqVA0Mjyb5zAzVF5T2r35k4-Or93oZG7uKBLiwBp04Zq5O5cunjYRzrbiLaEQKbhNcLcW_FOgqXeVuUNDWsmm0iST6Vb3qKy7Lz0jjFhrrRslZ0bHKiaYTqU3zRCm8FdK2RLCdxesQANaR7NiQ2CZbAZTA0BgVgKKTGZC4DEj1HmDkIrCcdBQzdAzVVpGmz5b4hc7aPPi4l1fFNeWXoeFZnjkcBMGu9lx_jTm5NwJ7thaKZ3w2srUehbCNS30ZZSH0DWyiLUAMwP2E_D9fXQzqYfYYqK6H7b4lhM4QH\/http%253A%252F%252Fwww.prollema.org&amp;source=gmail&amp;ust=1652253569346000&amp;usg=AOvVaw2UBadQ49xU2ncSr50Nqcnt\">&#8216;PROLLEMA,ensenyant llengua materna&#8217;<\/a>, \u00e9s una proposta adre\u00e7ada a joves migrats sols en situaci\u00f3 d&#8217;exclusi\u00f3 social severa\u00a0(\u00a0sense documentaci\u00f3, sense xarxa al territori, sense disposici\u00f3 d&#8217;ingressos, sense acc\u00e9s a formaci\u00f3 i\/o ocupaci\u00f3 remunerada, i&hellip;  <a href=\"https:\/\/projectes.xtec.cat\/origen\/portada\/us-presentem-prollema-ensenyant-llengua-materna\/\" title=\"Read Us presentem &#8220;PROLLEMA: ensenyant llengua materna&#8221;\">Llegeix m\u00e9s\u00bb<\/a><\/p>\n","protected":false},"author":5,"featured_media":9264,"comment_status":"open","ping_status":"closed","sticky":false,"template":"","format":"standard","meta":{"_bbp_topic_count":0,"_bbp_reply_count":0,"_bbp_total_topic_count":0,"_bbp_total_reply_count":0,"_bbp_voice_count":0,"_bbp_anonymous_reply_count":0,"_bbp_topic_count_hidden":0,"_bbp_reply_count_hidden":0,"_bbp_forum_subforum_count":0,"footnotes":""},"categories":[29],"tags":[],"class_list":["post-9263","post","type-post","status-publish","format-standard","has-post-thumbnail","hentry","category-portada"],"post_mailing_queue_ids":[],"_links":{"self":[{"href":"https:\/\/projectes.xtec.cat\/origen\/wp-json\/wp\/v2\/posts\/9263","targetHints":{"allow":["GET"]}}],"collection":[{"href":"https:\/\/projectes.xtec.cat\/origen\/wp-json\/wp\/v2\/posts"}],"about":[{"href":"https:\/\/projectes.xtec.cat\/origen\/wp-json\/wp\/v2\/types\/post"}],"author":[{"embeddable":true,"href":"https:\/\/projectes.xtec.cat\/origen\/wp-json\/wp\/v2\/users\/5"}],"replies":[{"embeddable":true,"href":"https:\/\/projectes.xtec.cat\/origen\/wp-json\/wp\/v2\/comments?post=9263"}],"version-history":[{"count":2,"href":"https:\/\/projectes.xtec.cat\/origen\/wp-json\/wp\/v2\/posts\/9263\/revisions"}],"predecessor-version":[{"id":9266,"href":"https:\/\/projectes.xtec.cat\/origen\/wp-json\/wp\/v2\/posts\/9263\/revisions\/9266"}],"wp:featuredmedia":[{"embeddable":true,"href":"https:\/\/projectes.xtec.cat\/origen\/wp-json\/wp\/v2\/media\/9264"}],"wp:attachment":[{"href":"https:\/\/projectes.xtec.cat\/origen\/wp-json\/wp\/v2\/media?parent=9263"}],"wp:term":[{"taxonomy":"category","embeddable":true,"href":"https:\/\/projectes.xtec.cat\/origen\/wp-json\/wp\/v2\/categories?post=9263"},{"taxonomy":"post_tag","embeddable":true,"href":"https:\/\/projectes.xtec.cat\/origen\/wp-json\/wp\/v2\/tags?post=9263"}],"curies":[{"name":"wp","href":"https:\/\/api.w.org\/{rel}","templated":true}]}}