{"id":9569,"date":"2022-11-30T13:13:57","date_gmt":"2022-11-30T12:13:57","guid":{"rendered":"https:\/\/projectes.xtec.cat\/origen\/?p=9569"},"modified":"2022-11-30T13:13:57","modified_gmt":"2022-11-30T12:13:57","slug":"8a-edicio-de-prollema-ensenyant-llengua-materna","status":"publish","type":"post","link":"https:\/\/projectes.xtec.cat\/origen\/general\/8a-edicio-de-prollema-ensenyant-llengua-materna\/","title":{"rendered":"8a edici\u00f3 de &#8220;PROLLEMA, ensenyant llengua materna&#8221;"},"content":{"rendered":"<p><b style=\"font-family: inherit; font-size: 1em;\"><a href=\"https:\/\/projectes.xtec.cat\/origen\/wp-content\/uploads\/usu2451\/2022\/11\/prollema_8aedicio.jpg\"><img loading=\"lazy\" decoding=\"async\" class=\"size-large wp-image-9570 aligncenter\" src=\"https:\/\/projectes.xtec.cat\/origen\/wp-content\/uploads\/usu2451\/2022\/11\/prollema_8aedicio-1024x685.jpg\" alt=\"\" width=\"1024\" height=\"685\" srcset=\"https:\/\/projectes.xtec.cat\/origen\/wp-content\/uploads\/usu2451\/2022\/11\/prollema_8aedicio-1024x685.jpg 1024w, https:\/\/projectes.xtec.cat\/origen\/wp-content\/uploads\/usu2451\/2022\/11\/prollema_8aedicio-300x201.jpg 300w, https:\/\/projectes.xtec.cat\/origen\/wp-content\/uploads\/usu2451\/2022\/11\/prollema_8aedicio-768x514.jpg 768w, https:\/\/projectes.xtec.cat\/origen\/wp-content\/uploads\/usu2451\/2022\/11\/prollema_8aedicio-1536x1028.jpg 1536w, https:\/\/projectes.xtec.cat\/origen\/wp-content\/uploads\/usu2451\/2022\/11\/prollema_8aedicio.jpg 1936w\" sizes=\"auto, (max-width: 1024px) 100vw, 1024px\" \/><\/a><\/b><\/p>\n<p><span style=\"font-weight: 400;\">\u201cPROLLEMA, ensenyant llengua materna\u201d \u00e9s un projecte impulsat i coordinat per Prollema, una entitat que <\/span><span style=\"font-weight: 400;\">s&#8217;adre\u00e7a a <\/span><b>joves d&#8217;origen estranger<\/b><span style=\"font-weight: 400;\"> sense referents adults al territori en <\/span><b>situaci\u00f3 d&#8217;exclusi\u00f3 social severa<\/b><span style=\"font-weight: 400;\"> (es tracta de joves que no disposen de situaci\u00f3 administrativa regularitzada, s\u00f3n majors d&#8217;edat sense recurs residencial, sense disposici\u00f3 d&#8217;ingressos reglats i regulars, situaci\u00f3 de desocupaci\u00f3 for\u00e7osa no podent participar en formacions, sense xarxa al territori&#8230;.)\u00a0<\/span><\/p>\n<p><span style=\"font-weight: 400;\">En aquest projecte,<\/span><span style=\"font-weight: 400;\"> el jove esdev\u00e9<\/span> <span style=\"font-weight: 400;\">un agent actiu en la implementaci\u00f3 de PROLLEMA a territori: explica, forma, acompanya&#8230; Tot amb la complicitat, i cercant l&#8217;autonomia plena, de l&#8217;equip coordinador.\u00a0<\/span><\/p>\n<p><span style=\"font-weight: 400;\">Per cada edici\u00f3 es compta amb <\/span><b>4 joves<\/b><span style=\"font-weight: 400;\"> amb <\/span><b>lleng\u00fces maternes diferents<\/b><span style=\"font-weight: 400;\">, cercant la <\/span><b>paritat<\/b> <b>de g\u00e8nere<\/b><span style=\"font-weight: 400;\"> entre el jovent participant. L&#8217;\u00fanic requisit que es demana, m\u00e9s enll\u00e0 de la situaci\u00f3 donada com a jove migrat sol, \u00e9s el <\/span><span style=\"font-weight: 400;\">domini en l&#8217;expressi\u00f3 i comprensi\u00f3 oral del catal\u00e0 i\/o castell\u00e0.<\/span><\/p>\n<p><span style=\"font-weight: 400;\">Si ets jove i est\u00e0s interessat\/da a participar, el <strong>d<\/strong><\/span><strong>illuns 19 i dimecres 21 de desembre<\/strong> es far\u00e0 la <b>presentaci\u00f3<\/b><span style=\"font-weight: 400;\"> de la <\/span><span style=\"font-weight: 400;\">proposta <\/span><span style=\"font-weight: 400;\">a fi de:<\/span><\/p>\n<ul>\n<li style=\"font-weight: 400;\" aria-level=\"1\"><span style=\"font-weight: 400;\">resoldre dubtes.<\/span><\/li>\n<li style=\"font-weight: 400;\" aria-level=\"1\"><span style=\"font-weight: 400;\">exposar en claretat el perfil de jove participant.<\/span><\/li>\n<li style=\"font-weight: 400;\" aria-level=\"1\"><span style=\"font-weight: 400;\">calendaritzar la proposta.<\/span><\/li>\n<li style=\"font-weight: 400;\" aria-level=\"1\"><span style=\"font-weight: 400;\">iniciar selecci\u00f3 joves.<\/span><\/li>\n<\/ul>\n<p><span style=\"font-weight: 400;\">Feta la presentaci\u00f3, s\u2019iniciar\u00e0 la <\/span><b>fase de selecci\u00f3<\/b><span style=\"font-weight: 400;\"> de joves (27\/12\/22-30\/12\/22) tenint en compte el perfil, requisits, capacitat de compatibilitzaci\u00f3 amb altres recursos per part del jovent i sobretot primant molt la seva situaci\u00f3 d&#8217;exclusi\u00f3.<\/span><\/p>\n<p><span style=\"font-weight: 400;\">Es preveu engegar la<\/span><b> 8\u00aa edici\u00f3<\/b><span style=\"font-weight: 400;\"> el <\/span><span style=\"font-weight: 400;\">dimarts 10 de gener per finalitzar el 27 d\u2019abril del 2023<\/span><span style=\"font-weight: 400;\">, significant la capacitaci\u00f3 del jovent com <\/span><b>ensenyant<\/b><span style=\"font-weight: 400;\"> de la seva llengua materna, moment per a iniciar la <\/span><b>impartici\u00f3<\/b><span style=\"font-weight: 400;\"> de la seva <\/span><b>llengua<\/b><span style=\"font-weight: 400;\"> de forma <\/span><b>remunerada<\/b><span style=\"font-weight: 400;\">.<\/span><\/p>\n<p><span style=\"font-weight: 400;\">Per a assistir a les respectives <\/span><b>sessions de presentaci\u00f3<\/b><span style=\"font-weight: 400;\"> i a la conseg\u00fcent <\/span><b>fase de selecci\u00f3<\/b><span style=\"font-weight: 400;\">, cal emplenar el seg\u00fcent formulari: <\/span><a href=\"https:\/\/forms.komun.org\/busquemjoves2223\"><span style=\"font-weight: 400;\">https:\/\/forms.komun.org\/busquemjoves2223<\/span><\/a><\/p>\n<p><span style=\"font-weight: 400;\">Podeu disposar de m\u00e9s informaci\u00f3 accedint a la seva plana web (<\/span><a href=\"https:\/\/www.prollema.org\/\"><span style=\"font-weight: 400;\">www.prollema.org<\/span><\/a><span style=\"font-weight: 400;\">), aix\u00ed com seguint-los a les respectives xarxes socials ( <\/span><a href=\"https:\/\/twitter.com\/prllm\"><span style=\"font-weight: 400;\">twitter<\/span><\/a><span style=\"font-weight: 400;\">, <\/span><a href=\"https:\/\/www.facebook.com\/prllm\/\"><span style=\"font-weight: 400;\">facebook<\/span><\/a><span style=\"font-weight: 400;\"> i <\/span><a href=\"https:\/\/www.instagram.com\/prollema\/\"><span style=\"font-weight: 400;\">instagram<\/span><\/a><span style=\"font-weight: 400;\">).<\/span><\/p>\n<p>&nbsp;<\/p>\n","protected":false},"excerpt":{"rendered":"<p><a href=\"https:\/\/projectes.xtec.cat\/origen\/wp-content\/uploads\/usu2451\/2022\/11\/prollema_8aedicio.jpg\"><\/a><br \/>\n\u201cPROLLEMA, ensenyant llengua materna\u201d \u00e9s un projecte impulsat i coordinat per Prollema, una entitat que s&#8217;adre\u00e7a a joves d&#8217;origen estranger sense referents adults al territori en situaci\u00f3 d&#8217;exclusi\u00f3 social severa (es tracta de joves que no disposen de situaci\u00f3 administrativa regularitzada, s\u00f3n majors d&#8217;edat&hellip;  <a href=\"https:\/\/projectes.xtec.cat\/origen\/general\/8a-edicio-de-prollema-ensenyant-llengua-materna\/\" title=\"Read 8a edici\u00f3 de &#8220;PROLLEMA, ensenyant llengua materna&#8221;\">Llegeix m\u00e9s\u00bb<\/a><\/p>\n","protected":false},"author":4,"featured_media":9570,"comment_status":"open","ping_status":"closed","sticky":false,"template":"","format":"standard","meta":{"_bbp_topic_count":0,"_bbp_reply_count":0,"_bbp_total_topic_count":0,"_bbp_total_reply_count":0,"_bbp_voice_count":0,"_bbp_anonymous_reply_count":0,"_bbp_topic_count_hidden":0,"_bbp_reply_count_hidden":0,"_bbp_forum_subforum_count":0,"footnotes":""},"categories":[1],"tags":[],"class_list":["post-9569","post","type-post","status-publish","format-standard","has-post-thumbnail","hentry","category-general"],"post_mailing_queue_ids":[],"_links":{"self":[{"href":"https:\/\/projectes.xtec.cat\/origen\/wp-json\/wp\/v2\/posts\/9569","targetHints":{"allow":["GET"]}}],"collection":[{"href":"https:\/\/projectes.xtec.cat\/origen\/wp-json\/wp\/v2\/posts"}],"about":[{"href":"https:\/\/projectes.xtec.cat\/origen\/wp-json\/wp\/v2\/types\/post"}],"author":[{"embeddable":true,"href":"https:\/\/projectes.xtec.cat\/origen\/wp-json\/wp\/v2\/users\/4"}],"replies":[{"embeddable":true,"href":"https:\/\/projectes.xtec.cat\/origen\/wp-json\/wp\/v2\/comments?post=9569"}],"version-history":[{"count":2,"href":"https:\/\/projectes.xtec.cat\/origen\/wp-json\/wp\/v2\/posts\/9569\/revisions"}],"predecessor-version":[{"id":9572,"href":"https:\/\/projectes.xtec.cat\/origen\/wp-json\/wp\/v2\/posts\/9569\/revisions\/9572"}],"wp:featuredmedia":[{"embeddable":true,"href":"https:\/\/projectes.xtec.cat\/origen\/wp-json\/wp\/v2\/media\/9570"}],"wp:attachment":[{"href":"https:\/\/projectes.xtec.cat\/origen\/wp-json\/wp\/v2\/media?parent=9569"}],"wp:term":[{"taxonomy":"category","embeddable":true,"href":"https:\/\/projectes.xtec.cat\/origen\/wp-json\/wp\/v2\/categories?post=9569"},{"taxonomy":"post_tag","embeddable":true,"href":"https:\/\/projectes.xtec.cat\/origen\/wp-json\/wp\/v2\/tags?post=9569"}],"curies":[{"name":"wp","href":"https:\/\/api.w.org\/{rel}","templated":true}]}}