{"id":9601,"date":"2023-01-11T14:09:01","date_gmt":"2023-01-11T13:09:01","guid":{"rendered":"https:\/\/projectes.xtec.cat\/origen\/?p=9601"},"modified":"2023-01-11T14:10:36","modified_gmt":"2023-01-11T13:10:36","slug":"unitats-didactiques-per-laprenentage-de-la-llengua-amaziga","status":"publish","type":"post","link":"https:\/\/projectes.xtec.cat\/origen\/portada\/unitats-didactiques-per-laprenentage-de-la-llengua-amaziga\/","title":{"rendered":"Unitats did\u00e0ctiques per l&#8217;aprenentage de la llengua amaziga"},"content":{"rendered":"<p>El Centre Internacional Escarr\u00e9 per a les Minories \u00c8tniques i les Nacions (CIEMEN) ha publicat un recull d&#8217;unitats did\u00e0ctiques per a l&#8217;aprenentatge de la llengua amaziga.<\/p>\n<p>El m\u00e8tode \u2d5c\u2d5b \u2d61\u2d30\u2d61\u2d4a\u2d39\u2d4e ! est\u00e0 \u00edntegrament escrit en llengua amaziga, en la variant est\u00e0ndard del diasistema septentrional, al qual pertanyen els diferents dialectes parlats pel col\u00b7lectiu amazic de Catalunya. Cada unitat es destina a un tema espec\u00edfic i inclou un di\u00e0leg, preguntes de comprensi\u00f3, nocions gramaticals concises, exercicis i una activitat complement\u00e0ria, amb suports visuals i sonors.<\/p>\n<p style=\"font-family: 'Helvetica Neue', Helvetica, Helvetica, Arial, sans-serif; font-size: 16px;\">Les unitats i els enregistraments d\u2019\u00e0udio es presenten acompanyats d\u2019una guia did\u00e0ctica en catal\u00e0 i en franc\u00e8s \u2014que tamb\u00e9 es pot descarregar lliurement, com les unitats\u2014 orientada als formadors per\u00f2 tamb\u00e9 a aquelles persones que vulguin emprar les unitats com a m\u00e8tode d\u2019autoaprenentatge: la guia incorpora explicacions, aclariments i remissions al compendi gramatical amazic disponible al web\u00a0<a href=\"http:\/\/www.amazic.cat\/compendi\/\">Amazic.cat<\/a>, aix\u00ed com les solucions dels exercicis de les unitats.<\/p>\n<blockquote class=\"wp-embedded-content\" data-secret=\"6tIjCECcAC\"><p><a href=\"https:\/\/www.ciemen.cat\/projectes\/coneixement\/som-part\/amazic\/\"><\/a><\/p><\/blockquote>\n<p><iframe loading=\"lazy\" class=\"wp-embedded-content\" sandbox=\"allow-scripts\" security=\"restricted\" style=\"position: absolute; clip: rect(1px, 1px, 1px, 1px);\" title=\"&#8220;&#8221; &#8212; CIEMEN\" src=\"https:\/\/www.ciemen.cat\/projectes\/coneixement\/som-part\/amazic\/embed\/#?secret=pcvSRZO7ju#?secret=6tIjCECcAC\" data-secret=\"6tIjCECcAC\" width=\"500\" height=\"282\" frameborder=\"0\" marginwidth=\"0\" marginheight=\"0\" scrolling=\"no\"><\/iframe><\/p>\n","protected":false},"excerpt":{"rendered":"<p>El Centre Internacional Escarr\u00e9 per a les Minories \u00c8tniques i les Nacions (CIEMEN) ha publicat un recull d&#8217;unitats did\u00e0ctiques per a l&#8217;aprenentatge de la llengua amaziga.<br \/>\nEl m\u00e8tode \u2d5c\u2d5b \u2d61\u2d30\u2d61\u2d4a\u2d39\u2d4e ! est\u00e0 \u00edntegrament escrit en llengua amaziga, en la variant est\u00e0ndard del diasistema septentrional, al qual&hellip;  <a href=\"https:\/\/projectes.xtec.cat\/origen\/portada\/unitats-didactiques-per-laprenentage-de-la-llengua-amaziga\/\" title=\"Read Unitats did\u00e0ctiques per l&#8217;aprenentage de la llengua amaziga\">Llegeix m\u00e9s\u00bb<\/a><\/p>\n","protected":false},"author":4,"featured_media":9602,"comment_status":"open","ping_status":"closed","sticky":false,"template":"","format":"standard","meta":{"_bbp_topic_count":0,"_bbp_reply_count":0,"_bbp_total_topic_count":0,"_bbp_total_reply_count":0,"_bbp_voice_count":0,"_bbp_anonymous_reply_count":0,"_bbp_topic_count_hidden":0,"_bbp_reply_count_hidden":0,"_bbp_forum_subforum_count":0,"footnotes":""},"categories":[29],"tags":[],"class_list":["post-9601","post","type-post","status-publish","format-standard","has-post-thumbnail","hentry","category-portada"],"post_mailing_queue_ids":[],"_links":{"self":[{"href":"https:\/\/projectes.xtec.cat\/origen\/wp-json\/wp\/v2\/posts\/9601","targetHints":{"allow":["GET"]}}],"collection":[{"href":"https:\/\/projectes.xtec.cat\/origen\/wp-json\/wp\/v2\/posts"}],"about":[{"href":"https:\/\/projectes.xtec.cat\/origen\/wp-json\/wp\/v2\/types\/post"}],"author":[{"embeddable":true,"href":"https:\/\/projectes.xtec.cat\/origen\/wp-json\/wp\/v2\/users\/4"}],"replies":[{"embeddable":true,"href":"https:\/\/projectes.xtec.cat\/origen\/wp-json\/wp\/v2\/comments?post=9601"}],"version-history":[{"count":1,"href":"https:\/\/projectes.xtec.cat\/origen\/wp-json\/wp\/v2\/posts\/9601\/revisions"}],"predecessor-version":[{"id":9603,"href":"https:\/\/projectes.xtec.cat\/origen\/wp-json\/wp\/v2\/posts\/9601\/revisions\/9603"}],"wp:featuredmedia":[{"embeddable":true,"href":"https:\/\/projectes.xtec.cat\/origen\/wp-json\/wp\/v2\/media\/9602"}],"wp:attachment":[{"href":"https:\/\/projectes.xtec.cat\/origen\/wp-json\/wp\/v2\/media?parent=9601"}],"wp:term":[{"taxonomy":"category","embeddable":true,"href":"https:\/\/projectes.xtec.cat\/origen\/wp-json\/wp\/v2\/categories?post=9601"},{"taxonomy":"post_tag","embeddable":true,"href":"https:\/\/projectes.xtec.cat\/origen\/wp-json\/wp\/v2\/tags?post=9601"}],"curies":[{"name":"wp","href":"https:\/\/api.w.org\/{rel}","templated":true}]}}