{"id":9666,"date":"2023-01-26T11:46:53","date_gmt":"2023-01-26T10:46:53","guid":{"rendered":"https:\/\/projectes.xtec.cat\/origen\/?p=9666"},"modified":"2023-01-26T11:46:53","modified_gmt":"2023-01-26T10:46:53","slug":"biblioteca-de-les-llengues-dorigen-se-sants-montjuic","status":"publish","type":"post","link":"https:\/\/projectes.xtec.cat\/origen\/portada\/biblioteca-de-les-llengues-dorigen-se-sants-montjuic\/","title":{"rendered":"Biblioteca de les lleng\u00fces d\u2019origen (SE Sants-Montju\u00efc)"},"content":{"rendered":"<p>Amb motiu de la <strong>diada internacional de les lleng\u00fces maternes <\/strong>el pr\u00f2xim 21 de febrer, l&#8217;ELIC Sants-Montju\u00efc, amb la col\u00b7laboraci\u00f3 de tot el servei educatiu, us ofereix la <strong>\u201cBiblioteca de les lleng\u00fces d\u2019origen\u201d.<\/strong> Un <a href=\"https:\/\/docs.google.com\/document\/d\/1YmD7d5YwFD5iY4zZ8YSCnAos8lTCPlPT\/edit\">recurs<\/a> amb m\u00e9s de 60 t\u00edtols de la literatura infantil i juvenil universal, disponibles en m\u00e9s de 40 lleng\u00fces d\u2019origen (el qu\u00edtxua, l\u2019\u00e0rab, el panjabi, el core\u00e0, el xin\u00e8s, el w\u00f2lof, el tagal, el txec, l\u2019alemany, el turc, el bengal\u00ed\u2026) que busca preservar el divers patrimoni ling\u00fc\u00edstic i cultural de tot l&#8217;alumnat i promocionar del pluriling\u00fcisme.<\/p>\n<p><a href=\"https:\/\/projectes.xtec.cat\/origen\/wp-content\/uploads\/usu2451\/2023\/01\/literatura-en-llengues-origen.jpeg\"><img loading=\"lazy\" decoding=\"async\" class=\"size-full wp-image-9667 aligncenter\" src=\"https:\/\/projectes.xtec.cat\/origen\/wp-content\/uploads\/usu2451\/2023\/01\/literatura-en-llengues-origen.jpeg\" alt=\"\" width=\"768\" height=\"447\" srcset=\"https:\/\/projectes.xtec.cat\/origen\/wp-content\/uploads\/usu2451\/2023\/01\/literatura-en-llengues-origen.jpeg 768w, https:\/\/projectes.xtec.cat\/origen\/wp-content\/uploads\/usu2451\/2023\/01\/literatura-en-llengues-origen-300x175.jpeg 300w\" sizes=\"auto, (max-width: 768px) 100vw, 768px\" \/><\/a><\/p>\n<p>&nbsp;<\/p>\n","protected":false},"excerpt":{"rendered":"<p>Amb motiu de la diada internacional de les lleng\u00fces maternes el pr\u00f2xim 21 de febrer, l&#8217;ELIC Sants-Montju\u00efc, amb la col\u00b7laboraci\u00f3 de tot el servei educatiu, us ofereix la \u201cBiblioteca de les lleng\u00fces d\u2019origen\u201d. Un <a href=\"https:\/\/docs.google.com\/document\/d\/1YmD7d5YwFD5iY4zZ8YSCnAos8lTCPlPT\/edit\">recurs<\/a> amb m\u00e9s de 60 t\u00edtols de la literatura infantil&hellip;  <a href=\"https:\/\/projectes.xtec.cat\/origen\/portada\/biblioteca-de-les-llengues-dorigen-se-sants-montjuic\/\" title=\"Read Biblioteca de les lleng\u00fces d\u2019origen (SE Sants-Montju\u00efc)\">Llegeix m\u00e9s\u00bb<\/a><\/p>\n","protected":false},"author":4,"featured_media":9667,"comment_status":"open","ping_status":"closed","sticky":false,"template":"","format":"standard","meta":{"_bbp_topic_count":0,"_bbp_reply_count":0,"_bbp_total_topic_count":0,"_bbp_total_reply_count":0,"_bbp_voice_count":0,"_bbp_anonymous_reply_count":0,"_bbp_topic_count_hidden":0,"_bbp_reply_count_hidden":0,"_bbp_forum_subforum_count":0,"footnotes":""},"categories":[29],"tags":[],"class_list":["post-9666","post","type-post","status-publish","format-standard","has-post-thumbnail","hentry","category-portada"],"post_mailing_queue_ids":[],"_links":{"self":[{"href":"https:\/\/projectes.xtec.cat\/origen\/wp-json\/wp\/v2\/posts\/9666","targetHints":{"allow":["GET"]}}],"collection":[{"href":"https:\/\/projectes.xtec.cat\/origen\/wp-json\/wp\/v2\/posts"}],"about":[{"href":"https:\/\/projectes.xtec.cat\/origen\/wp-json\/wp\/v2\/types\/post"}],"author":[{"embeddable":true,"href":"https:\/\/projectes.xtec.cat\/origen\/wp-json\/wp\/v2\/users\/4"}],"replies":[{"embeddable":true,"href":"https:\/\/projectes.xtec.cat\/origen\/wp-json\/wp\/v2\/comments?post=9666"}],"version-history":[{"count":3,"href":"https:\/\/projectes.xtec.cat\/origen\/wp-json\/wp\/v2\/posts\/9666\/revisions"}],"predecessor-version":[{"id":9670,"href":"https:\/\/projectes.xtec.cat\/origen\/wp-json\/wp\/v2\/posts\/9666\/revisions\/9670"}],"wp:featuredmedia":[{"embeddable":true,"href":"https:\/\/projectes.xtec.cat\/origen\/wp-json\/wp\/v2\/media\/9667"}],"wp:attachment":[{"href":"https:\/\/projectes.xtec.cat\/origen\/wp-json\/wp\/v2\/media?parent=9666"}],"wp:term":[{"taxonomy":"category","embeddable":true,"href":"https:\/\/projectes.xtec.cat\/origen\/wp-json\/wp\/v2\/categories?post=9666"},{"taxonomy":"post_tag","embeddable":true,"href":"https:\/\/projectes.xtec.cat\/origen\/wp-json\/wp\/v2\/tags?post=9666"}],"curies":[{"name":"wp","href":"https:\/\/api.w.org\/{rel}","templated":true}]}}