{"id":10892,"date":"2026-04-13T09:32:55","date_gmt":"2026-04-13T07:32:55","guid":{"rendered":"https:\/\/projectes.xtec.cat\/pee\/?p=10892"},"modified":"2026-04-13T09:32:56","modified_gmt":"2026-04-13T07:32:56","slug":"el-projecte-llengua-cohesio-i-families-reforca-la-integracio-linguistica-i-educativa-a-les-franqueses-del-valles","status":"publish","type":"post","link":"https:\/\/projectes.xtec.cat\/pee\/general\/el-projecte-llengua-cohesio-i-families-reforca-la-integracio-linguistica-i-educativa-a-les-franqueses-del-valles\/","title":{"rendered":"El projecte \u201cLlengua, cohesi\u00f3 i fam\u00edlies\u201d refor\u00e7a la integraci\u00f3 ling\u00fc\u00edstica i educativa a Les Franqueses del Vall\u00e8s"},"content":{"rendered":"\n<p>El projecte &#8220;Llengua, cohesi\u00f3 i fam\u00edlies&#8221; fa tres anys que s&#8217;impulsa en el marc del Pla Educatiu d&#8217;Entorn de Les Franqueses del Vall\u00e8s. Aquesta actuaci\u00f3 sorgeix de la necessitat detectada de generar espais dedicats al refor\u00e7 ling\u00fc\u00edstic i espais on poder treballar la vinculaci\u00f3 amb el centre educatiu. Va destinada principalment a les fam\u00edlies nouvingudes o les que tenen m\u00e9s dificultat en poder entendre i expressar-se en catal\u00e0 tot i que no acabin d\u2019arribar al municipi.<\/p>\n\n\n\n<p>L\u2019actuaci\u00f3 t\u00e9 un doble objectiu, apropar a les fam\u00edlies de nova arribada a la cultura de l\u2019escola i promocionar la cohesi\u00f3 i l\u2019apropament entre les fam\u00edlies i l\u2019escola, i a la vegada promocionar l\u2019\u00fas social del catal\u00e0. Participen d&#8217;aquest projecte l&#8217;Escola Colors i l&#8217;Escola Bellavista-Joan Camps i Gir\u00f3. \u00c9s una de les accions m\u00e9s ben valorades per tots els agents implicats en el Pla Educatiu d&#8217;Entorn del municipi.\u00a0<\/p>\n\n\n\n<p>En el seg\u00fcent\u00a0<a href=\"https:\/\/diarieducacio.cat\/educaciolocal\/2026\/04\/09\/el-catala-com-a-pont-entre-families-i-comunitat-educativa-a-les-franqueses-del-valles\/\" target=\"_blank\" rel=\"noreferrer noopener\">enlla\u00e7 <\/a> podeu veure el reportatge del Diari de l&#8217;educaci\u00f3 publicat el 9 d&#8217;abril.\u00a0<\/p>\n\n\n\n<p><\/p>\n","protected":false},"excerpt":{"rendered":"<p>El projecte &#8220;Llengua, cohesi\u00f3 i fam\u00edlies&#8221; fa tres anys que s&#8217;impulsa en el marc del Pla Educatiu d&#8217;Entorn de Les Franqueses del Vall\u00e8s. Aquesta actuaci\u00f3 sorgeix de la necessitat detectada de generar espais dedicats al refor\u00e7 ling\u00fc\u00edstic i espais on poder treballar la vinculaci\u00f3 amb el centre educatiu. Va destinada principalment a les fam\u00edlies nouvingudes [&hellip;]<\/p>\n","protected":false},"author":1,"featured_media":10893,"comment_status":"open","ping_status":"open","sticky":false,"template":"","format":"standard","meta":{"_bbp_topic_count":0,"_bbp_reply_count":0,"_bbp_total_topic_count":0,"_bbp_total_reply_count":0,"_bbp_voice_count":0,"_bbp_anonymous_reply_count":0,"_bbp_topic_count_hidden":0,"_bbp_reply_count_hidden":0,"_bbp_forum_subforum_count":0,"site-sidebar-layout":"default","site-content-layout":"","ast-site-content-layout":"default","site-content-style":"default","site-sidebar-style":"default","ast-global-header-display":"","ast-banner-title-visibility":"","ast-main-header-display":"","ast-hfb-above-header-display":"","ast-hfb-below-header-display":"","ast-hfb-mobile-header-display":"","site-post-title":"","ast-breadcrumbs-content":"","ast-featured-img":"","footer-sml-layout":"","theme-transparent-header-meta":"","adv-header-id-meta":"","stick-header-meta":"","header-above-stick-meta":"","header-main-stick-meta":"","header-below-stick-meta":"","astra-migrate-meta-layouts":"set","ast-page-background-enabled":"default","ast-page-background-meta":{"desktop":{"background-color":"var(--ast-global-color-4)","background-image":"","background-repeat":"repeat","background-position":"center center","background-size":"auto","background-attachment":"scroll","background-type":"","background-media":"","overlay-type":"","overlay-color":"","overlay-opacity":"","overlay-gradient":""},"tablet":{"background-color":"","background-image":"","background-repeat":"repeat","background-position":"center center","background-size":"auto","background-attachment":"scroll","background-type":"","background-media":"","overlay-type":"","overlay-color":"","overlay-opacity":"","overlay-gradient":""},"mobile":{"background-color":"","background-image":"","background-repeat":"repeat","background-position":"center center","background-size":"auto","background-attachment":"scroll","background-type":"","background-media":"","overlay-type":"","overlay-color":"","overlay-opacity":"","overlay-gradient":""}},"ast-content-background-meta":{"desktop":{"background-color":"var(--ast-global-color-5)","background-image":"","background-repeat":"repeat","background-position":"center center","background-size":"auto","background-attachment":"scroll","background-type":"","background-media":"","overlay-type":"","overlay-color":"","overlay-opacity":"","overlay-gradient":""},"tablet":{"background-color":"var(--ast-global-color-5)","background-image":"","background-repeat":"repeat","background-position":"center center","background-size":"auto","background-attachment":"scroll","background-type":"","background-media":"","overlay-type":"","overlay-color":"","overlay-opacity":"","overlay-gradient":""},"mobile":{"background-color":"var(--ast-global-color-5)","background-image":"","background-repeat":"repeat","background-position":"center center","background-size":"auto","background-attachment":"scroll","background-type":"","background-media":"","overlay-type":"","overlay-color":"","overlay-opacity":"","overlay-gradient":""}},"footnotes":""},"categories":[1],"tags":[320,288,315],"class_list":["post-10892","post","type-post","status-publish","format-standard","has-post-thumbnail","hentry","category-general","tag-pee","tag-portada","tag-us-social-del-catala"],"post_mailing_queue_ids":[],"_links":{"self":[{"href":"https:\/\/projectes.xtec.cat\/pee\/wp-json\/wp\/v2\/posts\/10892","targetHints":{"allow":["GET"]}}],"collection":[{"href":"https:\/\/projectes.xtec.cat\/pee\/wp-json\/wp\/v2\/posts"}],"about":[{"href":"https:\/\/projectes.xtec.cat\/pee\/wp-json\/wp\/v2\/types\/post"}],"author":[{"embeddable":true,"href":"https:\/\/projectes.xtec.cat\/pee\/wp-json\/wp\/v2\/users\/1"}],"replies":[{"embeddable":true,"href":"https:\/\/projectes.xtec.cat\/pee\/wp-json\/wp\/v2\/comments?post=10892"}],"version-history":[{"count":1,"href":"https:\/\/projectes.xtec.cat\/pee\/wp-json\/wp\/v2\/posts\/10892\/revisions"}],"predecessor-version":[{"id":10894,"href":"https:\/\/projectes.xtec.cat\/pee\/wp-json\/wp\/v2\/posts\/10892\/revisions\/10894"}],"wp:featuredmedia":[{"embeddable":true,"href":"https:\/\/projectes.xtec.cat\/pee\/wp-json\/wp\/v2\/media\/10893"}],"wp:attachment":[{"href":"https:\/\/projectes.xtec.cat\/pee\/wp-json\/wp\/v2\/media?parent=10892"}],"wp:term":[{"taxonomy":"category","embeddable":true,"href":"https:\/\/projectes.xtec.cat\/pee\/wp-json\/wp\/v2\/categories?post=10892"},{"taxonomy":"post_tag","embeddable":true,"href":"https:\/\/projectes.xtec.cat\/pee\/wp-json\/wp\/v2\/tags?post=10892"}],"curies":[{"name":"wp","href":"https:\/\/api.w.org\/{rel}","templated":true}]}}