{"id":8628,"date":"2022-06-16T09:37:43","date_gmt":"2022-06-16T07:37:43","guid":{"rendered":"https:\/\/projectes.xtec.cat\/pee\/?p=8628"},"modified":"2022-06-16T09:43:03","modified_gmt":"2022-06-16T07:43:03","slug":"festa-de-cloenda-del-pee-castelldefels","status":"publish","type":"post","link":"https:\/\/projectes.xtec.cat\/pee\/portada\/festa-de-cloenda-del-pee-castelldefels\/","title":{"rendered":"Festa de Cloenda del PEE Castelldefels"},"content":{"rendered":"<h3><a href=\"http:\/\/www.elcastell.org\/ca\/hemeroteca.asp?id=16539&amp;total=&amp;pr=&amp;ul=&amp;SelMes=6&amp;SelAny=2022&amp;buscartext=festa%20cloenda\">Enlla\u00e7 a la not\u00edcia<\/a><\/h3>\n<h3 class=\"titolNoticiaC1\">La Pla\u00e7a de l&#8217;Esgl\u00e9sia va acollir la Festa de Cloenda del Pla Educatiu d&#8217;Entorn<\/h3>\n<div class=\"subtitolNoticia\">Va ser un acte festiu dirigit a infants, joves i fam\u00edlies per donar a con\u00e8ixer les actuacions del Pla \u2022 La festa va portar per lema &#8220;La Ciutat Educadora no deixa ning\u00fa enrere&#8221;<\/div>\n<div><a href=\"https:\/\/projectes.xtec.cat\/pee\/wp-content\/uploads\/usu2653\/2022\/06\/Captura-1.jpg\"><img loading=\"lazy\" decoding=\"async\" class=\"wp-image-8631 size-medium alignleft\" src=\"https:\/\/projectes.xtec.cat\/pee\/wp-content\/uploads\/usu2653\/2022\/06\/Captura-1-300x200.jpg\" alt=\"\" width=\"300\" height=\"200\" srcset=\"https:\/\/projectes.xtec.cat\/pee\/wp-content\/uploads\/usu2653\/2022\/06\/Captura-1-300x200.jpg 300w, https:\/\/projectes.xtec.cat\/pee\/wp-content\/uploads\/usu2653\/2022\/06\/Captura-1-1024x683.jpg 1024w, https:\/\/projectes.xtec.cat\/pee\/wp-content\/uploads\/usu2653\/2022\/06\/Captura-1-768x512.jpg 768w, https:\/\/projectes.xtec.cat\/pee\/wp-content\/uploads\/usu2653\/2022\/06\/Captura-1.jpg 1066w\" sizes=\"auto, (max-width: 300px) 100vw, 300px\" \/><\/a><\/div>\n<div><\/div>\n","protected":false},"excerpt":{"rendered":"<p>Enlla\u00e7 a la not\u00edcia La Pla\u00e7a de l&#8217;Esgl\u00e9sia va acollir la Festa de Cloenda del Pla Educatiu d&#8217;Entorn Va ser un acte festiu dirigit a infants, joves i fam\u00edlies per donar a con\u00e8ixer les actuacions del Pla \u2022 La festa va portar per lema &#8220;La Ciutat Educadora no deixa ning\u00fa enrere&#8221;<\/p>\n","protected":false},"author":1,"featured_media":8629,"comment_status":"open","ping_status":"closed","sticky":false,"template":"","format":"standard","meta":{"_bbp_topic_count":0,"_bbp_reply_count":0,"_bbp_total_topic_count":0,"_bbp_total_reply_count":0,"_bbp_voice_count":0,"_bbp_anonymous_reply_count":0,"_bbp_topic_count_hidden":0,"_bbp_reply_count_hidden":0,"_bbp_forum_subforum_count":0,"site-sidebar-layout":"default","site-content-layout":"","ast-site-content-layout":"","site-content-style":"default","site-sidebar-style":"default","ast-global-header-display":"","ast-banner-title-visibility":"","ast-main-header-display":"","ast-hfb-above-header-display":"","ast-hfb-below-header-display":"","ast-hfb-mobile-header-display":"","site-post-title":"","ast-breadcrumbs-content":"","ast-featured-img":"","footer-sml-layout":"","theme-transparent-header-meta":"","adv-header-id-meta":"","stick-header-meta":"","header-above-stick-meta":"","header-main-stick-meta":"","header-below-stick-meta":"","astra-migrate-meta-layouts":"default","ast-page-background-enabled":"default","ast-page-background-meta":{"desktop":{"background-color":"var(--ast-global-color-4)","background-image":"","background-repeat":"repeat","background-position":"center center","background-size":"auto","background-attachment":"scroll","background-type":"","background-media":"","overlay-type":"","overlay-color":"","overlay-opacity":"","overlay-gradient":""},"tablet":{"background-color":"","background-image":"","background-repeat":"repeat","background-position":"center center","background-size":"auto","background-attachment":"scroll","background-type":"","background-media":"","overlay-type":"","overlay-color":"","overlay-opacity":"","overlay-gradient":""},"mobile":{"background-color":"","background-image":"","background-repeat":"repeat","background-position":"center center","background-size":"auto","background-attachment":"scroll","background-type":"","background-media":"","overlay-type":"","overlay-color":"","overlay-opacity":"","overlay-gradient":""}},"ast-content-background-meta":{"desktop":{"background-color":"var(--ast-global-color-5)","background-image":"","background-repeat":"repeat","background-position":"center center","background-size":"auto","background-attachment":"scroll","background-type":"","background-media":"","overlay-type":"","overlay-color":"","overlay-opacity":"","overlay-gradient":""},"tablet":{"background-color":"var(--ast-global-color-5)","background-image":"","background-repeat":"repeat","background-position":"center center","background-size":"auto","background-attachment":"scroll","background-type":"","background-media":"","overlay-type":"","overlay-color":"","overlay-opacity":"","overlay-gradient":""},"mobile":{"background-color":"var(--ast-global-color-5)","background-image":"","background-repeat":"repeat","background-position":"center center","background-size":"auto","background-attachment":"scroll","background-type":"","background-media":"","overlay-type":"","overlay-color":"","overlay-opacity":"","overlay-gradient":""}},"footnotes":""},"categories":[297,306,29],"tags":[287],"class_list":["post-8628","post","type-post","status-publish","format-standard","has-post-thumbnail","hentry","category-baix-llobregat","category-media","category-portada","tag-media"],"post_mailing_queue_ids":[],"_links":{"self":[{"href":"https:\/\/projectes.xtec.cat\/pee\/wp-json\/wp\/v2\/posts\/8628","targetHints":{"allow":["GET"]}}],"collection":[{"href":"https:\/\/projectes.xtec.cat\/pee\/wp-json\/wp\/v2\/posts"}],"about":[{"href":"https:\/\/projectes.xtec.cat\/pee\/wp-json\/wp\/v2\/types\/post"}],"author":[{"embeddable":true,"href":"https:\/\/projectes.xtec.cat\/pee\/wp-json\/wp\/v2\/users\/1"}],"replies":[{"embeddable":true,"href":"https:\/\/projectes.xtec.cat\/pee\/wp-json\/wp\/v2\/comments?post=8628"}],"version-history":[{"count":3,"href":"https:\/\/projectes.xtec.cat\/pee\/wp-json\/wp\/v2\/posts\/8628\/revisions"}],"predecessor-version":[{"id":8633,"href":"https:\/\/projectes.xtec.cat\/pee\/wp-json\/wp\/v2\/posts\/8628\/revisions\/8633"}],"wp:featuredmedia":[{"embeddable":true,"href":"https:\/\/projectes.xtec.cat\/pee\/wp-json\/wp\/v2\/media\/8629"}],"wp:attachment":[{"href":"https:\/\/projectes.xtec.cat\/pee\/wp-json\/wp\/v2\/media?parent=8628"}],"wp:term":[{"taxonomy":"category","embeddable":true,"href":"https:\/\/projectes.xtec.cat\/pee\/wp-json\/wp\/v2\/categories?post=8628"},{"taxonomy":"post_tag","embeddable":true,"href":"https:\/\/projectes.xtec.cat\/pee\/wp-json\/wp\/v2\/tags?post=8628"}],"curies":[{"name":"wp","href":"https:\/\/api.w.org\/{rel}","templated":true}]}}