{"id":8907,"date":"2022-11-11T15:18:15","date_gmt":"2022-11-11T14:18:15","guid":{"rendered":"https:\/\/projectes.xtec.cat\/pee\/?p=8907"},"modified":"2022-11-11T15:20:12","modified_gmt":"2022-11-11T14:20:12","slug":"la-comissio-de-seguiment-de-lesport-escolar-de-catalunya-aprova-34-accions-per-al-curs-2022-23","status":"publish","type":"post","link":"https:\/\/projectes.xtec.cat\/pee\/general\/la-comissio-de-seguiment-de-lesport-escolar-de-catalunya-aprova-34-accions-per-al-curs-2022-23\/","title":{"rendered":"La Comissi\u00f3 de Seguiment de l&#8217;Esport Escolar de Catalunya aprova 34 accions per al curs 2022-23"},"content":{"rendered":"<ol>\n<li data-list=\"bullet\"><strong>Les actuacions tenen com a objectiu refor\u00e7ar la promoci\u00f3 i el creixement de l\u2019esport escolar al pa\u00eds, en el marc del Pla Estrat\u00e8gic de l\u2019Esport Escolar a Catalunya (PEEC) 2020-30<\/strong><\/li>\n<li data-list=\"bullet\"><strong>Anna Caula referma l\u2019aposta del Govern per l\u2019esport escolar: \u201c\u00c9s font de valors, afavoreix la cohesi\u00f3 social, millora la salut f\u00edsica i emocional i contribueix al progr\u00e9s de l\u2019esport femen\u00ed\u201d<\/strong><\/li>\n<li data-list=\"bullet\"><strong>El PEEC posa a l&#8217;abast d&#8217;infants i adolescents la pr\u00e0ctica d&#8217;activitats f\u00edsiques i esportives, aprofitant el seu potencial per contribuir a la formaci\u00f3 personal i c\u00edvica dels m\u00e9s joves<\/strong><\/li>\n<\/ol>\n<p>M\u00e9s informaci\u00f3 a: <a href=\"https:\/\/govern.cat\/salapremsa\/notes-premsa\/456122\/comissio-seguiment-esport-escolar-catalunya-aprova-34-accions-al-curs-2022-23\" aria-label=\"P\u00e0gina inicial\"><img loading=\"lazy\" decoding=\"async\" class=\"alignnone\" src=\"https:\/\/govern.cat\/salapremsa\/assets\/images\/main_logo.svg\" alt=\"Logo President.cat\" width=\"77\" height=\"14\" aria-label=\"Logo President.cat\" \/><\/a><\/p>\n","protected":false},"excerpt":{"rendered":"<p>Les actuacions tenen com a objectiu refor\u00e7ar la promoci\u00f3 i el creixement de l\u2019esport escolar al pa\u00eds, en el marc del Pla Estrat\u00e8gic de l\u2019Esport Escolar a Catalunya (PEEC) 2020-30 Anna Caula referma l\u2019aposta del Govern per l\u2019esport escolar: \u201c\u00c9s font de valors, afavoreix la cohesi\u00f3 social, millora la salut f\u00edsica i emocional i contribueix [&hellip;]<\/p>\n","protected":false},"author":1,"featured_media":8908,"comment_status":"open","ping_status":"closed","sticky":false,"template":"","format":"standard","meta":{"_bbp_topic_count":0,"_bbp_reply_count":0,"_bbp_total_topic_count":0,"_bbp_total_reply_count":0,"_bbp_voice_count":0,"_bbp_anonymous_reply_count":0,"_bbp_topic_count_hidden":0,"_bbp_reply_count_hidden":0,"_bbp_forum_subforum_count":0,"site-sidebar-layout":"default","site-content-layout":"","ast-site-content-layout":"","site-content-style":"default","site-sidebar-style":"default","ast-global-header-display":"","ast-banner-title-visibility":"","ast-main-header-display":"","ast-hfb-above-header-display":"","ast-hfb-below-header-display":"","ast-hfb-mobile-header-display":"","site-post-title":"","ast-breadcrumbs-content":"","ast-featured-img":"","footer-sml-layout":"","theme-transparent-header-meta":"","adv-header-id-meta":"","stick-header-meta":"","header-above-stick-meta":"","header-main-stick-meta":"","header-below-stick-meta":"","astra-migrate-meta-layouts":"default","ast-page-background-enabled":"default","ast-page-background-meta":{"desktop":{"background-color":"var(--ast-global-color-4)","background-image":"","background-repeat":"repeat","background-position":"center center","background-size":"auto","background-attachment":"scroll","background-type":"","background-media":"","overlay-type":"","overlay-color":"","overlay-opacity":"","overlay-gradient":""},"tablet":{"background-color":"","background-image":"","background-repeat":"repeat","background-position":"center center","background-size":"auto","background-attachment":"scroll","background-type":"","background-media":"","overlay-type":"","overlay-color":"","overlay-opacity":"","overlay-gradient":""},"mobile":{"background-color":"","background-image":"","background-repeat":"repeat","background-position":"center center","background-size":"auto","background-attachment":"scroll","background-type":"","background-media":"","overlay-type":"","overlay-color":"","overlay-opacity":"","overlay-gradient":""}},"ast-content-background-meta":{"desktop":{"background-color":"var(--ast-global-color-5)","background-image":"","background-repeat":"repeat","background-position":"center center","background-size":"auto","background-attachment":"scroll","background-type":"","background-media":"","overlay-type":"","overlay-color":"","overlay-opacity":"","overlay-gradient":""},"tablet":{"background-color":"var(--ast-global-color-5)","background-image":"","background-repeat":"repeat","background-position":"center center","background-size":"auto","background-attachment":"scroll","background-type":"","background-media":"","overlay-type":"","overlay-color":"","overlay-opacity":"","overlay-gradient":""},"mobile":{"background-color":"var(--ast-global-color-5)","background-image":"","background-repeat":"repeat","background-position":"center center","background-size":"auto","background-attachment":"scroll","background-type":"","background-media":"","overlay-type":"","overlay-color":"","overlay-opacity":"","overlay-gradient":""}},"footnotes":""},"categories":[1,311,29],"tags":[290,288],"class_list":["post-8907","post","type-post","status-publish","format-standard","has-post-thumbnail","hentry","category-general","category-pla-catala-de-lesport-a-lescola","category-portada","tag-pcee","tag-portada"],"post_mailing_queue_ids":[],"_links":{"self":[{"href":"https:\/\/projectes.xtec.cat\/pee\/wp-json\/wp\/v2\/posts\/8907","targetHints":{"allow":["GET"]}}],"collection":[{"href":"https:\/\/projectes.xtec.cat\/pee\/wp-json\/wp\/v2\/posts"}],"about":[{"href":"https:\/\/projectes.xtec.cat\/pee\/wp-json\/wp\/v2\/types\/post"}],"author":[{"embeddable":true,"href":"https:\/\/projectes.xtec.cat\/pee\/wp-json\/wp\/v2\/users\/1"}],"replies":[{"embeddable":true,"href":"https:\/\/projectes.xtec.cat\/pee\/wp-json\/wp\/v2\/comments?post=8907"}],"version-history":[{"count":3,"href":"https:\/\/projectes.xtec.cat\/pee\/wp-json\/wp\/v2\/posts\/8907\/revisions"}],"predecessor-version":[{"id":8911,"href":"https:\/\/projectes.xtec.cat\/pee\/wp-json\/wp\/v2\/posts\/8907\/revisions\/8911"}],"wp:featuredmedia":[{"embeddable":true,"href":"https:\/\/projectes.xtec.cat\/pee\/wp-json\/wp\/v2\/media\/8908"}],"wp:attachment":[{"href":"https:\/\/projectes.xtec.cat\/pee\/wp-json\/wp\/v2\/media?parent=8907"}],"wp:term":[{"taxonomy":"category","embeddable":true,"href":"https:\/\/projectes.xtec.cat\/pee\/wp-json\/wp\/v2\/categories?post=8907"},{"taxonomy":"post_tag","embeddable":true,"href":"https:\/\/projectes.xtec.cat\/pee\/wp-json\/wp\/v2\/tags?post=8907"}],"curies":[{"name":"wp","href":"https:\/\/api.w.org\/{rel}","templated":true}]}}