{"id":8919,"date":"2022-11-18T12:34:28","date_gmt":"2022-11-18T11:34:28","guid":{"rendered":"https:\/\/projectes.xtec.cat\/pee\/?p=8919"},"modified":"2022-11-18T12:35:17","modified_gmt":"2022-11-18T11:35:17","slug":"tallers-per-a-centres-del-pcee-2022-2023","status":"publish","type":"post","link":"https:\/\/projectes.xtec.cat\/pee\/portada\/tallers-per-a-centres-del-pcee-2022-2023\/","title":{"rendered":"\u201cTallers per a centres del PCEE 2022-2023&#8243;"},"content":{"rendered":"<p>Informaci\u00f3 relativa als tallers que proposem aquest Curs 22-23 als centres del Pla Catal\u00e0 d&#8217;Esport a l&#8217;Escola des del Consell Catal\u00e0 de l&#8217;Esport, en col\u00b7laboraci\u00f3 amb l&#8217;Agrupaci\u00f3 d&#8217;Associacions Esportives Escolars de Catalunya:<\/p>\n<p>-taller\u00a0<strong>d&#8217;habilitats per la vida en<\/strong>\u00a0<strong>equitat<\/strong>, per\u00a0l\u2019alumnat de\u00a03\u00e8 de prim\u00e0ria i per a 1r o 2n d&#8217;ESO<\/p>\n<p>-taller\u00a0<strong>d&#8217;h\u00e0bits saludables<\/strong>, per a l&#8217;alumnat de 4t de prim\u00e0ria<\/p>\n<p>-taller\u00a0<strong>d&#8217;esport inclusiu<\/strong>, per a l&#8217;alumnat de 5\u00e8 o 6\u00e8 de prim\u00e0ria<\/p>\n<p>-taller de conscienciaci\u00f3 &#8220;<strong>L&#8217;esport i la discapacitat intel\u00b7lectual<\/strong>&#8220;, per\u00a0l\u2019alumnat de\u00a06\u00e8 de prim\u00e0ria o per a 3r d&#8217;ESO<\/p>\n<p>Trobareu informaci\u00f3 detallada sobre els objectius, continguts,<span style=\"color: #000000;\">\u00a0<\/span>durada i nombre de participants de cada taller en els\u00a0<a href=\"https:\/\/drive.google.com\/drive\/folders\/13zUSDK5A0T2Od3DJHK81mz3dSyAT1rxM?usp=share_link\"><u>documents adjunts<\/u><\/a>.<\/p>\n<p><strong>\u00a0<\/strong><\/p>\n<p><strong>El Consell Catal\u00e0 de l\u2019Esport subvenciona el 100% d\u2019aquestes activitats per als centres del Pla Catal\u00e0 de l\u2019Esport a l\u2019Escola<\/strong>\u00a0que, a t\u00edtol informatiu, tenen un cost de 425 euros en el cas del Taller d\u2019Esport Inclusiu i de 200 euros per la resta.<\/p>\n<p>Els requisits per poder gaudir d&#8217;aquestes activitats s\u00f3n:<\/p>\n<p>&#8211;\u00a0\u00a0\u00a0\u00a0\u00a0 Tenir validat l&#8217;<strong>informe mem\u00f2ria<\/strong>\u00a0del curs 2021-2022<\/p>\n<p>&#8211;\u00a0\u00a0\u00a0\u00a0\u00a0 Haver realitzat la\u00a0<strong>renovaci\u00f3\u00a0<\/strong>del PCEE d&#8217;aquest curs 2022-23<\/p>\n<p>&nbsp;<\/p>\n<p>Si esteu interessats en alguna de les propostes, ompliu el formulari segons si l&#8217;activitat que voleu sol\u00b7licitar\u00a0\u00e9s\u00a0de prim\u00e0ria o de secund\u00e0ria,\u00a0<strong>abans del dia 30\/11\/22.<\/strong><\/p>\n<p><a href=\"https:\/\/secure-web.cisco.com\/1JF-RALN00hwwyT9h5iTWzWlRImcmAlD02NjfIkgzI3L7jmi-pRE-yD8WnEd9rb40Zk0NMp3AQw0dV-eGfHMMHZs5eFRreSLYO1yMcHqS2sSvy7H4ihE4XFKTd4Y0N9f7s99d5RbxOt3prfcNuxJIfmK8oFXA1hV1qcScI4x6hEnJmo0ixipw_mJZg86pS4VeZFDG59iheUgcoH0avHGpK2nwDijND2adaA8Gvrfi88MA5DGuffNP8IXAXbAWZdRyo6kD85JWf7Nwv5CsUgHVCPRsphV2wOnx0BQTziFsgT_tVzqqWO3khjYOoYe-6nXvRi4AgMyjJ83rvzotFKmT9YKKl5wkDb-bBdYH_3rdKm7tBYJwHO69HWtFEolAFoNZtKdNHdSApqwS6nMoZetIcIQk4CE4yhlhJk5z6Q3RAM32A-RDumDxclFcmgaFMbKVJqSmzzpjvwTtekYCadXP26LCybhbW72u5NXO0-LPOQqf-F0941E_4NkSyJea2KJZIgdm50uI3wcT1OsfUJz9bQBTTfOmxOT042uMPbt7B_OpW9Vh5TyEulD6GJn6-qE7\/https%3A%2F%2Fforms.gle%2FYV6z3TW1hqFQAo6e7\" target=\"_blank\" rel=\"noopener\" data-saferedirecturl=\"https:\/\/www.google.com\/url?q=https:\/\/secure-web.cisco.com\/1JF-RALN00hwwyT9h5iTWzWlRImcmAlD02NjfIkgzI3L7jmi-pRE-yD8WnEd9rb40Zk0NMp3AQw0dV-eGfHMMHZs5eFRreSLYO1yMcHqS2sSvy7H4ihE4XFKTd4Y0N9f7s99d5RbxOt3prfcNuxJIfmK8oFXA1hV1qcScI4x6hEnJmo0ixipw_mJZg86pS4VeZFDG59iheUgcoH0avHGpK2nwDijND2adaA8Gvrfi88MA5DGuffNP8IXAXbAWZdRyo6kD85JWf7Nwv5CsUgHVCPRsphV2wOnx0BQTziFsgT_tVzqqWO3khjYOoYe-6nXvRi4AgMyjJ83rvzotFKmT9YKKl5wkDb-bBdYH_3rdKm7tBYJwHO69HWtFEolAFoNZtKdNHdSApqwS6nMoZetIcIQk4CE4yhlhJk5z6Q3RAM32A-RDumDxclFcmgaFMbKVJqSmzzpjvwTtekYCadXP26LCybhbW72u5NXO0-LPOQqf-F0941E_4NkSyJea2KJZIgdm50uI3wcT1OsfUJz9bQBTTfOmxOT042uMPbt7B_OpW9Vh5TyEulD6GJn6-qE7\/https%253A%252F%252Fforms.gle%252FYV6z3TW1hqFQAo6e7&amp;source=gmail&amp;ust=1668855896694000&amp;usg=AOvVaw0KqbzwefY6j18_xjG5BUuc\">FORMULARI PRIMARIA<\/a><\/p>\n<p><a href=\"https:\/\/secure-web.cisco.com\/1Y3pTmNCA9QsIc-7n2czQlADR2UPwy96uSYck9jeamnEUT81nGL1NPGHhNtlX03u_Gh82jz5KZ4kv6W8x_71p4QlDgNHOFhkABvQD915TVKvNHe9x6cXvkMLuQJrLRaqqerV-m4i5qXVK4C5HoYP0OJapSg0hcAMBXSNI5Y5AVb4XBKJuyqmvEFYna5wviZ8z-2b4EVl7kfpExcbj9HlPQnpcVcyK8UYE-lYuLb8-rLNQIMXg2uupRjZi0bAtPjD3wUiJHF70jo-JdOHTpEozXXLLtRrgBpNuI9urfecG9uapTjFGMY4jSxBj4J2EFi1iYsMNm6qEGFSq1272B8TnELBG34pKknhgK2z9Z1FRmA--kWp1KKAbKHWLHUxeLKNEpDRx1OZTZwL-Fxz4JrBApnj3A3MpO7scsyp4LyA9smFy9ML3teUiiIYb-Nr_HWNfAxAh1skv6-EURKnDmD4d97HQAiyYbtVuAEYLG7EE2aqTUWWiYMmDFIEBpVojcmqaeG8V2H-okeLPXAb65c8MPRA2GVTuEuGPbwU60tIhx0hYqNpZOJlrKTj4EbkU3ZH1\/https%3A%2F%2Fforms.gle%2FB2BHWbZdBQvQ4oA39\" target=\"_blank\" rel=\"noopener\" data-saferedirecturl=\"https:\/\/www.google.com\/url?q=https:\/\/secure-web.cisco.com\/1Y3pTmNCA9QsIc-7n2czQlADR2UPwy96uSYck9jeamnEUT81nGL1NPGHhNtlX03u_Gh82jz5KZ4kv6W8x_71p4QlDgNHOFhkABvQD915TVKvNHe9x6cXvkMLuQJrLRaqqerV-m4i5qXVK4C5HoYP0OJapSg0hcAMBXSNI5Y5AVb4XBKJuyqmvEFYna5wviZ8z-2b4EVl7kfpExcbj9HlPQnpcVcyK8UYE-lYuLb8-rLNQIMXg2uupRjZi0bAtPjD3wUiJHF70jo-JdOHTpEozXXLLtRrgBpNuI9urfecG9uapTjFGMY4jSxBj4J2EFi1iYsMNm6qEGFSq1272B8TnELBG34pKknhgK2z9Z1FRmA--kWp1KKAbKHWLHUxeLKNEpDRx1OZTZwL-Fxz4JrBApnj3A3MpO7scsyp4LyA9smFy9ML3teUiiIYb-Nr_HWNfAxAh1skv6-EURKnDmD4d97HQAiyYbtVuAEYLG7EE2aqTUWWiYMmDFIEBpVojcmqaeG8V2H-okeLPXAb65c8MPRA2GVTuEuGPbwU60tIhx0hYqNpZOJlrKTj4EbkU3ZH1\/https%253A%252F%252Fforms.gle%252FB2BHWbZdBQvQ4oA39&amp;source=gmail&amp;ust=1668855896694000&amp;usg=AOvVaw2ji6YSzlqov7Y_6kuvqus-\">FORMULARI SECUND\u00c0RIA<\/a><\/p>\n<p>A partir de la primera quinzena de desembre s&#8217;aniran comunicant als centres les assignacions,\u00a0<strong>si no rebeu cap notificaci\u00f3 significa que NO teniu assignat cap taller<\/strong>.\u00a0En\u00a0aquests casos quedareu en reserva per si es produeix alguna baixa en els tallers assignats. Nom\u00e9s s&#8217;assignar\u00e0 1 taller per curs acad\u00e8mic i centre educatiu en funci\u00f3 de les prioritats triades i disponibilitat i amb el criteri de la no repetici\u00f3 del mateix taller en un centre\u00a0respecte el curs anterior.<\/p>\n<p>La previsi\u00f3 de comen\u00e7ament dels tallers\u00a0<span style=\"color: #000000;\">ser\u00e0\u00a0<\/span>a partir del 16 de gener de 2023.<\/p>\n<p>Us animem a que feu la inscripci\u00f3 el m\u00e9s aviat possible, ja que s\u00f3n places limitades i es tracta d&#8217;una bona oportunitat per treballar els valors a trav\u00e9s de l&#8217;activitat f\u00edsica i l&#8217;esport.<\/p>\n<p><strong>Per qualsevol dubte, adreceu-vos si us plau a\u00a0<\/strong><a href=\"mailto:info@lagrupacio.cat\" target=\"_blank\" rel=\"noopener\">tallers@lagrupacio.cat<\/a><\/p>\n","protected":false},"excerpt":{"rendered":"<p>Informaci\u00f3 relativa als tallers que proposem aquest Curs 22-23 als centres del Pla Catal\u00e0 d&#8217;Esport a l&#8217;Escola des del Consell Catal\u00e0 de l&#8217;Esport, en col\u00b7laboraci\u00f3 amb l&#8217;Agrupaci\u00f3 d&#8217;Associacions Esportives Escolars de Catalunya: -taller\u00a0d&#8217;habilitats per la vida en\u00a0equitat, per\u00a0l\u2019alumnat de\u00a03\u00e8 de prim\u00e0ria i per a 1r o 2n d&#8217;ESO -taller\u00a0d&#8217;h\u00e0bits saludables, per a l&#8217;alumnat de 4t [&hellip;]<\/p>\n","protected":false},"author":1,"featured_media":8921,"comment_status":"open","ping_status":"closed","sticky":false,"template":"","format":"standard","meta":{"_bbp_topic_count":0,"_bbp_reply_count":0,"_bbp_total_topic_count":0,"_bbp_total_reply_count":0,"_bbp_voice_count":0,"_bbp_anonymous_reply_count":0,"_bbp_topic_count_hidden":0,"_bbp_reply_count_hidden":0,"_bbp_forum_subforum_count":0,"site-sidebar-layout":"default","site-content-layout":"","ast-site-content-layout":"","site-content-style":"default","site-sidebar-style":"default","ast-global-header-display":"","ast-banner-title-visibility":"","ast-main-header-display":"","ast-hfb-above-header-display":"","ast-hfb-below-header-display":"","ast-hfb-mobile-header-display":"","site-post-title":"","ast-breadcrumbs-content":"","ast-featured-img":"","footer-sml-layout":"","theme-transparent-header-meta":"","adv-header-id-meta":"","stick-header-meta":"","header-above-stick-meta":"","header-main-stick-meta":"","header-below-stick-meta":"","astra-migrate-meta-layouts":"default","ast-page-background-enabled":"default","ast-page-background-meta":{"desktop":{"background-color":"var(--ast-global-color-4)","background-image":"","background-repeat":"repeat","background-position":"center center","background-size":"auto","background-attachment":"scroll","background-type":"","background-media":"","overlay-type":"","overlay-color":"","overlay-opacity":"","overlay-gradient":""},"tablet":{"background-color":"","background-image":"","background-repeat":"repeat","background-position":"center center","background-size":"auto","background-attachment":"scroll","background-type":"","background-media":"","overlay-type":"","overlay-color":"","overlay-opacity":"","overlay-gradient":""},"mobile":{"background-color":"","background-image":"","background-repeat":"repeat","background-position":"center center","background-size":"auto","background-attachment":"scroll","background-type":"","background-media":"","overlay-type":"","overlay-color":"","overlay-opacity":"","overlay-gradient":""}},"ast-content-background-meta":{"desktop":{"background-color":"var(--ast-global-color-5)","background-image":"","background-repeat":"repeat","background-position":"center center","background-size":"auto","background-attachment":"scroll","background-type":"","background-media":"","overlay-type":"","overlay-color":"","overlay-opacity":"","overlay-gradient":""},"tablet":{"background-color":"var(--ast-global-color-5)","background-image":"","background-repeat":"repeat","background-position":"center center","background-size":"auto","background-attachment":"scroll","background-type":"","background-media":"","overlay-type":"","overlay-color":"","overlay-opacity":"","overlay-gradient":""},"mobile":{"background-color":"var(--ast-global-color-5)","background-image":"","background-repeat":"repeat","background-position":"center center","background-size":"auto","background-attachment":"scroll","background-type":"","background-media":"","overlay-type":"","overlay-color":"","overlay-opacity":"","overlay-gradient":""}},"footnotes":""},"categories":[311,29],"tags":[294,289,290,288],"class_list":["post-8919","post","type-post","status-publish","format-standard","has-post-thumbnail","hentry","category-pla-catala-de-lesport-a-lescola","category-portada","tag-formacio","tag-general","tag-pcee","tag-portada"],"post_mailing_queue_ids":[],"_links":{"self":[{"href":"https:\/\/projectes.xtec.cat\/pee\/wp-json\/wp\/v2\/posts\/8919","targetHints":{"allow":["GET"]}}],"collection":[{"href":"https:\/\/projectes.xtec.cat\/pee\/wp-json\/wp\/v2\/posts"}],"about":[{"href":"https:\/\/projectes.xtec.cat\/pee\/wp-json\/wp\/v2\/types\/post"}],"author":[{"embeddable":true,"href":"https:\/\/projectes.xtec.cat\/pee\/wp-json\/wp\/v2\/users\/1"}],"replies":[{"embeddable":true,"href":"https:\/\/projectes.xtec.cat\/pee\/wp-json\/wp\/v2\/comments?post=8919"}],"version-history":[{"count":2,"href":"https:\/\/projectes.xtec.cat\/pee\/wp-json\/wp\/v2\/posts\/8919\/revisions"}],"predecessor-version":[{"id":8923,"href":"https:\/\/projectes.xtec.cat\/pee\/wp-json\/wp\/v2\/posts\/8919\/revisions\/8923"}],"wp:featuredmedia":[{"embeddable":true,"href":"https:\/\/projectes.xtec.cat\/pee\/wp-json\/wp\/v2\/media\/8921"}],"wp:attachment":[{"href":"https:\/\/projectes.xtec.cat\/pee\/wp-json\/wp\/v2\/media?parent=8919"}],"wp:term":[{"taxonomy":"category","embeddable":true,"href":"https:\/\/projectes.xtec.cat\/pee\/wp-json\/wp\/v2\/categories?post=8919"},{"taxonomy":"post_tag","embeddable":true,"href":"https:\/\/projectes.xtec.cat\/pee\/wp-json\/wp\/v2\/tags?post=8919"}],"curies":[{"name":"wp","href":"https:\/\/api.w.org\/{rel}","templated":true}]}}