{"id":9607,"date":"2024-02-16T11:59:11","date_gmt":"2024-02-16T10:59:11","guid":{"rendered":"https:\/\/projectes.xtec.cat\/pee\/?p=9607"},"modified":"2024-02-16T11:59:39","modified_gmt":"2024-02-16T10:59:39","slug":"els-pee-impulsen-la-formacio-repte-connecta-per-enfortir-la-xarxa-comunitaria-i-millorar-lexit-educatiu-dels-infants-i-joves","status":"publish","type":"post","link":"https:\/\/projectes.xtec.cat\/pee\/general\/els-pee-impulsen-la-formacio-repte-connecta-per-enfortir-la-xarxa-comunitaria-i-millorar-lexit-educatiu-dels-infants-i-joves\/","title":{"rendered":"Els PEE impulsen la formaci\u00f3 \u201cRepte connecta\u201d  per enfortir la xarxa comunit\u00e0ria i millorar l\u2019\u00e8xit educatiu dels infants i joves"},"content":{"rendered":"<p>El Servei de Suport a la Comunitat Educativa ha iniciat la formaci\u00f3 \u201cRepte connecta\u201d que t\u00e9 com a objectiu donar bases metodol\u00f2giques per potenciar i consolidar la xarxa educativa dels agents que formen part dels plans educatius d\u2019entorn. La import\u00e0ncia de connectar els professionals que treballen per a generar oportunitats educatives \u00e9s la base necess\u00e0ria per a una bona gesti\u00f3 i creaci\u00f3 de les activitats en l\u2019\u00e0mbit del fora escola que s\u2019ofereixen als municipis. En aquesta formaci\u00f3 es generen espais de reflexi\u00f3 i oportunitats de compartir experi\u00e8ncies. Un dels aspectes rellevants de la formaci\u00f3 incideix en la creaci\u00f3 de propostes innovadores que potenci\u00efn els vincles amb els centres educatius com a espais motors de la detecci\u00f3 de les necessitats d\u2019infants i joves en situaci\u00f3 de vulnerabilitat i potencials usuaris de les activitats que es promouen. El coneixement de l\u2019entorn en cada territori PEE i la potencialitat de que es disposa a nivell hum\u00e0 \u00e9s clau per enfortir la xarxa comunit\u00e0ria i la creaci\u00f3 de les diferents actuacions del pla educatiu d\u2019entorn.<\/p>\n<p>En aquesta primera edici\u00f3 participen els PEE de Manresa, Bages Sud, Les Borges Blanques, Olot, Sant Cugat del Vall\u00e8s i Santa Coloma de Gramenet.<\/p>\n<p><a href=\"https:\/\/projectes.xtec.cat\/pee\/wp-content\/uploads\/usu2653\/2024\/02\/Repte-connecta_febrer-2024_01.jpg\"><img loading=\"lazy\" decoding=\"async\" class=\"alignnone size-large wp-image-9608\" src=\"https:\/\/projectes.xtec.cat\/pee\/wp-content\/uploads\/usu2653\/2024\/02\/Repte-connecta_febrer-2024_01-1024x439.jpg\" alt=\"\" width=\"1024\" height=\"439\" srcset=\"https:\/\/projectes.xtec.cat\/pee\/wp-content\/uploads\/usu2653\/2024\/02\/Repte-connecta_febrer-2024_01-1024x439.jpg 1024w, https:\/\/projectes.xtec.cat\/pee\/wp-content\/uploads\/usu2653\/2024\/02\/Repte-connecta_febrer-2024_01-300x129.jpg 300w, https:\/\/projectes.xtec.cat\/pee\/wp-content\/uploads\/usu2653\/2024\/02\/Repte-connecta_febrer-2024_01-768x329.jpg 768w, https:\/\/projectes.xtec.cat\/pee\/wp-content\/uploads\/usu2653\/2024\/02\/Repte-connecta_febrer-2024_01-1536x658.jpg 1536w, https:\/\/projectes.xtec.cat\/pee\/wp-content\/uploads\/usu2653\/2024\/02\/Repte-connecta_febrer-2024_01.jpg 1599w\" sizes=\"auto, (max-width: 1024px) 100vw, 1024px\" \/><\/a><\/p>\n","protected":false},"excerpt":{"rendered":"<p>El Servei de Suport a la Comunitat Educativa ha iniciat la formaci\u00f3 \u201cRepte connecta\u201d que t\u00e9 com a objectiu donar bases metodol\u00f2giques per potenciar i consolidar la xarxa educativa dels agents que formen part dels plans educatius d\u2019entorn. La import\u00e0ncia de connectar els professionals que treballen per a generar oportunitats educatives \u00e9s la base necess\u00e0ria [&hellip;]<\/p>\n","protected":false},"author":1,"featured_media":9610,"comment_status":"open","ping_status":"closed","sticky":false,"template":"","format":"standard","meta":{"_bbp_topic_count":0,"_bbp_reply_count":0,"_bbp_total_topic_count":0,"_bbp_total_reply_count":0,"_bbp_voice_count":0,"_bbp_anonymous_reply_count":0,"_bbp_topic_count_hidden":0,"_bbp_reply_count_hidden":0,"_bbp_forum_subforum_count":0,"site-sidebar-layout":"default","site-content-layout":"","ast-site-content-layout":"","site-content-style":"default","site-sidebar-style":"default","ast-global-header-display":"","ast-banner-title-visibility":"","ast-main-header-display":"","ast-hfb-above-header-display":"","ast-hfb-below-header-display":"","ast-hfb-mobile-header-display":"","site-post-title":"","ast-breadcrumbs-content":"","ast-featured-img":"","footer-sml-layout":"","theme-transparent-header-meta":"","adv-header-id-meta":"","stick-header-meta":"","header-above-stick-meta":"","header-main-stick-meta":"","header-below-stick-meta":"","astra-migrate-meta-layouts":"default","ast-page-background-enabled":"default","ast-page-background-meta":{"desktop":{"background-color":"var(--ast-global-color-4)","background-image":"","background-repeat":"repeat","background-position":"center center","background-size":"auto","background-attachment":"scroll","background-type":"","background-media":"","overlay-type":"","overlay-color":"","overlay-opacity":"","overlay-gradient":""},"tablet":{"background-color":"","background-image":"","background-repeat":"repeat","background-position":"center center","background-size":"auto","background-attachment":"scroll","background-type":"","background-media":"","overlay-type":"","overlay-color":"","overlay-opacity":"","overlay-gradient":""},"mobile":{"background-color":"","background-image":"","background-repeat":"repeat","background-position":"center center","background-size":"auto","background-attachment":"scroll","background-type":"","background-media":"","overlay-type":"","overlay-color":"","overlay-opacity":"","overlay-gradient":""}},"ast-content-background-meta":{"desktop":{"background-color":"var(--ast-global-color-5)","background-image":"","background-repeat":"repeat","background-position":"center center","background-size":"auto","background-attachment":"scroll","background-type":"","background-media":"","overlay-type":"","overlay-color":"","overlay-opacity":"","overlay-gradient":""},"tablet":{"background-color":"var(--ast-global-color-5)","background-image":"","background-repeat":"repeat","background-position":"center center","background-size":"auto","background-attachment":"scroll","background-type":"","background-media":"","overlay-type":"","overlay-color":"","overlay-opacity":"","overlay-gradient":""},"mobile":{"background-color":"var(--ast-global-color-5)","background-image":"","background-repeat":"repeat","background-position":"center center","background-size":"auto","background-attachment":"scroll","background-type":"","background-media":"","overlay-type":"","overlay-color":"","overlay-opacity":"","overlay-gradient":""}},"footnotes":""},"categories":[330,297,298,302,154,1,331,326,301,296,329,29,295,299,328,303],"tags":[294,289,320,288],"class_list":["post-9607","post","type-post","status-publish","format-standard","has-post-thumbnail","hentry","category-alt-pirineu-i-aran","category-baix-llobregat","category-barcelona-comarques","category-catalunya-central","category-formacio","category-general","category-grups-de-treball-pee","category-grups-de-treball-pee-2023-2024","category-lleida","category-maresme-vo","category-penedes","category-portada","category-tarragona","category-terres-de-lebre","category-territori-pee","category-valles-occidental","tag-formacio","tag-general","tag-pee","tag-portada"],"post_mailing_queue_ids":[],"_links":{"self":[{"href":"https:\/\/projectes.xtec.cat\/pee\/wp-json\/wp\/v2\/posts\/9607","targetHints":{"allow":["GET"]}}],"collection":[{"href":"https:\/\/projectes.xtec.cat\/pee\/wp-json\/wp\/v2\/posts"}],"about":[{"href":"https:\/\/projectes.xtec.cat\/pee\/wp-json\/wp\/v2\/types\/post"}],"author":[{"embeddable":true,"href":"https:\/\/projectes.xtec.cat\/pee\/wp-json\/wp\/v2\/users\/1"}],"replies":[{"embeddable":true,"href":"https:\/\/projectes.xtec.cat\/pee\/wp-json\/wp\/v2\/comments?post=9607"}],"version-history":[{"count":2,"href":"https:\/\/projectes.xtec.cat\/pee\/wp-json\/wp\/v2\/posts\/9607\/revisions"}],"predecessor-version":[{"id":10019,"href":"https:\/\/projectes.xtec.cat\/pee\/wp-json\/wp\/v2\/posts\/9607\/revisions\/10019"}],"wp:featuredmedia":[{"embeddable":true,"href":"https:\/\/projectes.xtec.cat\/pee\/wp-json\/wp\/v2\/media\/9610"}],"wp:attachment":[{"href":"https:\/\/projectes.xtec.cat\/pee\/wp-json\/wp\/v2\/media?parent=9607"}],"wp:term":[{"taxonomy":"category","embeddable":true,"href":"https:\/\/projectes.xtec.cat\/pee\/wp-json\/wp\/v2\/categories?post=9607"},{"taxonomy":"post_tag","embeddable":true,"href":"https:\/\/projectes.xtec.cat\/pee\/wp-json\/wp\/v2\/tags?post=9607"}],"curies":[{"name":"wp","href":"https:\/\/api.w.org\/{rel}","templated":true}]}}