{"id":27669,"date":"2023-01-27T09:53:15","date_gmt":"2023-01-27T08:53:15","guid":{"rendered":"https:\/\/projectes.xtec.cat\/pensament-computacional\/?p=27669"},"modified":"2023-02-01T14:29:23","modified_gmt":"2023-02-01T13:29:23","slug":"propostes-de-ponents-i-talleristes-en-la-jornada-programa-jpre23","status":"publish","type":"post","link":"https:\/\/projectes.xtec.cat\/pensament-computacional\/general\/propostes-de-ponents-i-talleristes-en-la-jornada-programa-jpre23\/","title":{"rendered":"Propostes de ponents i talleristes en la Jornada Programa (#JPRE23)"},"content":{"rendered":"\n<p>La<strong> XV Jornada de Programaci\u00f3 i Rob\u00f2tica Educatives (#JPRE23), <\/strong>dedicada a l\u2019intercanvi d\u2019experi\u00e8ncies did\u00e0ctiques on s\u2019empren entorns de programaci\u00f3 i de rob\u00f2tica educatives, se celebrar\u00e0 el pr\u00f2xim <strong>dissabte 20 de maig de 2023<\/strong>. Tindr\u00e0 format presencial, en horari de mat\u00ed i tarda, al <strong>Citilab de Cornell\u00e0 de Llobregat<\/strong>.<\/p>\n\n\n\n<p>L\u2019edici\u00f3 d\u2019enguany tindr\u00e0 com a lema \u201c<strong>STEAM i g\u00e8nere<\/strong>\u201d i comptar\u00e0 amb una taula rodona que abordar\u00e0 les q\u00fcestions seg\u00fcents:<\/p>\n\n\n\n<ul class=\"wp-block-list\"><li>Quines estrat\u00e8gies i programes de pol\u00edtica educativa, dins el sector tecnol\u00f2gic, s\u2019estan duent a terme per empoderar les nenes i les noies.&nbsp;<\/li><li>Quin ha de ser el paper en la formaci\u00f3 del professorat en mat\u00e8ria STEAM amb perspectiva de g\u00e8nere.&nbsp;<\/li><li>Les fam\u00edlies com a principals agents de socialitzaci\u00f3 del g\u00e8nere.&nbsp;<\/li><\/ul>\n\n\n\n<div class=\"wp-block-image\"><figure class=\"aligncenter size-large is-resized\"><a href=\"https:\/\/projectes.xtec.cat\/pensament-computacional\/wp-content\/uploads\/usu2217\/2023\/01\/JPRE23.png\"><img loading=\"lazy\" decoding=\"async\" src=\"https:\/\/projectes.xtec.cat\/pensament-computacional\/wp-content\/uploads\/usu2217\/2023\/01\/JPRE23-1024x231.png\" alt=\"\" class=\"wp-image-27672\" width=\"426\" height=\"96\" srcset=\"https:\/\/projectes.xtec.cat\/pensament-computacional\/wp-content\/uploads\/usu2217\/2023\/01\/JPRE23-1024x231.png 1024w, https:\/\/projectes.xtec.cat\/pensament-computacional\/wp-content\/uploads\/usu2217\/2023\/01\/JPRE23-300x68.png 300w, https:\/\/projectes.xtec.cat\/pensament-computacional\/wp-content\/uploads\/usu2217\/2023\/01\/JPRE23-768x173.png 768w, https:\/\/projectes.xtec.cat\/pensament-computacional\/wp-content\/uploads\/usu2217\/2023\/01\/JPRE23-1536x347.png 1536w, https:\/\/projectes.xtec.cat\/pensament-computacional\/wp-content\/uploads\/usu2217\/2023\/01\/JPRE23.png 1653w\" sizes=\"auto, (max-width: 426px) 100vw, 426px\" \/><\/a><\/figure><\/div>\n\n\n\n<p>L\u2019horari ser\u00e0 de 9.00 h a 17:30 h amb una pausa per a dinar a les 14:30 h. Podeu participar-hi en les seg\u00fcents modalitats:&nbsp;<\/p>\n\n\n\n<ul class=\"wp-block-list\"><li><strong>Pon\u00e8ncia d\u2019una experi\u00e8ncia educativa individual o col\u00b7lectiva<\/strong>. El temps total ser\u00e0 de quinze minuts (10 minuts de pon\u00e8ncia + 5 minuts de preguntes).<\/li><li><strong>Tallers de formaci\u00f3<\/strong>: es faran a la tarda, a la darrera franja de la jornada. Impliquen la participaci\u00f3 activa dels participants. Els tallers es realitzaran amb un grup redu\u00eft de participants i es poden plantejar activitats que requereixin la utilitzaci\u00f3 de materials o maquinari.<\/li><li><strong>Participaci\u00f3 en la fira de projectes o treballs fets per l&#8217;alumnat<\/strong>, que pot consistir a presentar alguna aplicaci\u00f3, algun giny f\u00edsic programat, alguna activitat, etc.<\/li><\/ul>\n\n\n\n<div class=\"wp-block-image\"><figure class=\"aligncenter size-large\"><a href=\"https:\/\/projectes.xtec.cat\/pensament-computacional\/wp-content\/uploads\/usu2217\/2023\/01\/Formats-participacio-768x432-1.png\"><img loading=\"lazy\" decoding=\"async\" width=\"768\" height=\"432\" src=\"https:\/\/projectes.xtec.cat\/pensament-computacional\/wp-content\/uploads\/usu2217\/2023\/01\/Formats-participacio-768x432-1.png\" alt=\"\" class=\"wp-image-27675\" srcset=\"https:\/\/projectes.xtec.cat\/pensament-computacional\/wp-content\/uploads\/usu2217\/2023\/01\/Formats-participacio-768x432-1.png 768w, https:\/\/projectes.xtec.cat\/pensament-computacional\/wp-content\/uploads\/usu2217\/2023\/01\/Formats-participacio-768x432-1-300x169.png 300w\" sizes=\"auto, (max-width: 768px) 100vw, 768px\" \/><\/a><\/figure><\/div>\n\n\n\n<p>Us animem a presentar les vostres propostes per a pon\u00e8ncies, tallers i\/o fira emplenant aquest <a href=\"https:\/\/docs.google.com\/forms\/d\/e\/1FAIpQLSfkuolL1HDdKAoIMFBmiG5XbPtAKyzJR7_fil4hCKaFWdwjyg\/viewform\">formulari<\/a> <strong>abans del 16 d\u2019abril a les 24 h.<\/strong> Trobareu tota la informaci\u00f3 al <a href=\"https:\/\/blocs.xtec.cat\/jornadaprograma\/\">web de la jornada.<\/a> <strong>Si voleu participar en m\u00e9s d&#8217;una modalitat, heu d&#8217;omplir el formulari tantes vegades com propostes de participaci\u00f3 vulgueu fer.<\/strong><\/p>\n\n\n\n<p>No dubteu a posar-vos en contacte amb nosaltres si hi ha cap aspecte que necessiteu aclarir enviant un correu a <a href=\"mailto:pensamentcomputacional@xtec.cat\">pensamentcomputacional@xtec.cat<\/a>.<\/p>\n\n\n\n<p>Animeu-vos a participar-hi!<\/p>\n","protected":false},"excerpt":{"rendered":"<p>Obert el per\u00edode de presentaci\u00f3 de propostes de ponents i talleristes en la XV Jornada de Programaci\u00f3 i Rob\u00f2tica Educatives que se celebrar\u00e0 el dissabte 20 de maig al Citilab de Cornell\u00e0 de Llobregat.<\/p>\n","protected":false},"author":12,"featured_media":27678,"comment_status":"closed","ping_status":"closed","sticky":false,"template":"","format":"standard","meta":{"_bbp_topic_count":0,"_bbp_reply_count":0,"_bbp_total_topic_count":0,"_bbp_total_reply_count":0,"_bbp_voice_count":0,"_bbp_anonymous_reply_count":0,"_bbp_topic_count_hidden":0,"_bbp_reply_count_hidden":0,"_bbp_forum_subforum_count":0,"site-sidebar-layout":"default","site-content-layout":"","ast-site-content-layout":"","site-content-style":"default","site-sidebar-style":"default","ast-global-header-display":"","ast-banner-title-visibility":"","ast-main-header-display":"","ast-hfb-above-header-display":"","ast-hfb-below-header-display":"","ast-hfb-mobile-header-display":"","site-post-title":"","ast-breadcrumbs-content":"","ast-featured-img":"disabled","footer-sml-layout":"","theme-transparent-header-meta":"","adv-header-id-meta":"","stick-header-meta":"","header-above-stick-meta":"","header-main-stick-meta":"","header-below-stick-meta":"","astra-migrate-meta-layouts":"default","ast-page-background-enabled":"default","ast-page-background-meta":{"desktop":{"background-color":"","background-image":"","background-repeat":"repeat","background-position":"center center","background-size":"auto","background-attachment":"scroll","background-type":"","background-media":"","overlay-type":"","overlay-color":"","overlay-opacity":"","overlay-gradient":""},"tablet":{"background-color":"","background-image":"","background-repeat":"repeat","background-position":"center center","background-size":"auto","background-attachment":"scroll","background-type":"","background-media":"","overlay-type":"","overlay-color":"","overlay-opacity":"","overlay-gradient":""},"mobile":{"background-color":"","background-image":"","background-repeat":"repeat","background-position":"center center","background-size":"auto","background-attachment":"scroll","background-type":"","background-media":"","overlay-type":"","overlay-color":"","overlay-opacity":"","overlay-gradient":""}},"ast-content-background-meta":{"desktop":{"background-color":"var(--ast-global-color-5)","background-image":"","background-repeat":"repeat","background-position":"center center","background-size":"auto","background-attachment":"scroll","background-type":"","background-media":"","overlay-type":"","overlay-color":"","overlay-opacity":"","overlay-gradient":""},"tablet":{"background-color":"var(--ast-global-color-5)","background-image":"","background-repeat":"repeat","background-position":"center center","background-size":"auto","background-attachment":"scroll","background-type":"","background-media":"","overlay-type":"","overlay-color":"","overlay-opacity":"","overlay-gradient":""},"mobile":{"background-color":"var(--ast-global-color-5)","background-image":"","background-repeat":"repeat","background-position":"center center","background-size":"auto","background-attachment":"scroll","background-type":"","background-media":"","overlay-type":"","overlay-color":"","overlay-opacity":"","overlay-gradient":""}},"footnotes":""},"categories":[1,29],"tags":[],"class_list":["post-27669","post","type-post","status-publish","format-standard","has-post-thumbnail","hentry","category-general","category-portada"],"post_mailing_queue_ids":[],"_links":{"self":[{"href":"https:\/\/projectes.xtec.cat\/pensament-computacional\/wp-json\/wp\/v2\/posts\/27669","targetHints":{"allow":["GET"]}}],"collection":[{"href":"https:\/\/projectes.xtec.cat\/pensament-computacional\/wp-json\/wp\/v2\/posts"}],"about":[{"href":"https:\/\/projectes.xtec.cat\/pensament-computacional\/wp-json\/wp\/v2\/types\/post"}],"author":[{"embeddable":true,"href":"https:\/\/projectes.xtec.cat\/pensament-computacional\/wp-json\/wp\/v2\/users\/12"}],"replies":[{"embeddable":true,"href":"https:\/\/projectes.xtec.cat\/pensament-computacional\/wp-json\/wp\/v2\/comments?post=27669"}],"version-history":[{"count":3,"href":"https:\/\/projectes.xtec.cat\/pensament-computacional\/wp-json\/wp\/v2\/posts\/27669\/revisions"}],"predecessor-version":[{"id":27683,"href":"https:\/\/projectes.xtec.cat\/pensament-computacional\/wp-json\/wp\/v2\/posts\/27669\/revisions\/27683"}],"wp:featuredmedia":[{"embeddable":true,"href":"https:\/\/projectes.xtec.cat\/pensament-computacional\/wp-json\/wp\/v2\/media\/27678"}],"wp:attachment":[{"href":"https:\/\/projectes.xtec.cat\/pensament-computacional\/wp-json\/wp\/v2\/media?parent=27669"}],"wp:term":[{"taxonomy":"category","embeddable":true,"href":"https:\/\/projectes.xtec.cat\/pensament-computacional\/wp-json\/wp\/v2\/categories?post=27669"},{"taxonomy":"post_tag","embeddable":true,"href":"https:\/\/projectes.xtec.cat\/pensament-computacional\/wp-json\/wp\/v2\/tags?post=27669"}],"curies":[{"name":"wp","href":"https:\/\/api.w.org\/{rel}","templated":true}]}}