{"id":27835,"date":"2023-04-21T15:06:28","date_gmt":"2023-04-21T13:06:28","guid":{"rendered":"https:\/\/projectes.xtec.cat\/pensament-computacional\/?p=27835"},"modified":"2023-04-28T10:07:42","modified_gmt":"2023-04-28T08:07:42","slug":"inscripcio-a-la-viii-jornada-itscool-es-hora-de-triar-tic","status":"publish","type":"post","link":"https:\/\/projectes.xtec.cat\/pensament-computacional\/general\/inscripcio-a-la-viii-jornada-itscool-es-hora-de-triar-tic\/","title":{"rendered":"Inscripci\u00f3 a la VIII Jornada Itscool. \u00c9s hora de triar TIC!"},"content":{"rendered":"\n<p><br>La <strong>VIII Jornada Itscool \u00c9s l&#8217;hora de triar TIC!: Deu anys d&#8217;evoluci\u00f3 dels estudis TIC&nbsp;<\/strong>s&#8217;ha organitzat tot coincidint amb la celebraci\u00f3 del &#8220;Dia Internacional de les Nenes a les TIC&#8221; i els deu anys de la fundaci\u00f3 de l&#8217;Associaci\u00f3 Itscool, que tindr\u00e0 lloc el <strong>dijous 4 de maig<\/strong>, a l&#8217;auditori<strong> <\/strong>del<strong> Palau Macaya<\/strong> de Barcelona.<\/p>\n\n\n\n<p>L&#8217;organitzaci\u00f3 pret\u00e9n reflectir la tasca que han fet les institucions, els centres, les empreses i les organitzacions per a la progressiva incorporaci\u00f3 de les noies a estudis relacionats amb les TIC i analitzar si han assolit els objectius que s&#8217;havien proposat inicialment. S&#8217;analitzaran, tanmateix, com ha estat aquesta transformaci\u00f3 a les empreses, la demanda creixent de professionals i la forma d&#8217;orientar aquestes mat\u00e8ries des de l&#8217;etapa prim\u00e0ria.<\/p>\n\n\n\n<p class=\"has-text-align-center has-text-color\" style=\"color:#1042b2\"><strong>&nbsp;<a href=\"https:\/\/www.itscool.cat\/sites\/default\/files\/Programa%20VIII%20%20Jornada%20Itscool_0.pdf\" target=\"_blank\" rel=\"noreferrer noopener\">Programa VIII Jornada<\/a><\/strong><\/p>\n\n\n\n<p class=\"has-text-align-center\"><strong>La inscripci\u00f3 \u00e9s gratu\u00efta, per\u00f2 cal registrar-se en aquest <a rel=\"noreferrer noopener\" href=\"https:\/\/docs.google.com\/forms\/d\/e\/1FAIpQLSfxN6G5580_U2Tat4mpmiqgo3h5gyhFzqw-G3MN9Z5eFryMrg\/viewform?vc=0&amp;c=0&amp;w=1&amp;flr=0\" data-type=\"URL\" data-id=\"https:\/\/docs.google.com\/forms\/d\/e\/1FAIpQLSfxN6G5580_U2Tat4mpmiqgo3h5gyhFzqw-G3MN9Z5eFryMrg\/viewform?vc=0&amp;c=0&amp;w=1&amp;flr=0\" target=\"_blank\"><span style=\"color:#1042b2\" class=\"has-inline-color\">formulari<\/span><\/a>. <\/strong> <\/p>\n\n\n\n<div class=\"wp-block-image\"><figure class=\"aligncenter size-large is-resized\"><a href=\"https:\/\/www.itscool.cat\/sites\/default\/files\/Programa%20VIII%20%20Jornada%20Itscool_0.pdf\"><img loading=\"lazy\" decoding=\"async\" src=\"https:\/\/projectes.xtec.cat\/pensament-computacional\/wp-content\/uploads\/usu2217\/2023\/04\/difusio\u0301-portada-1024x554.jpg\" alt=\"\" class=\"wp-image-27838\" width=\"729\" height=\"394\" srcset=\"https:\/\/projectes.xtec.cat\/pensament-computacional\/wp-content\/uploads\/usu2217\/2023\/04\/difusio\u0301-portada-1024x554.jpg 1024w, https:\/\/projectes.xtec.cat\/pensament-computacional\/wp-content\/uploads\/usu2217\/2023\/04\/difusio\u0301-portada-300x162.jpg 300w, https:\/\/projectes.xtec.cat\/pensament-computacional\/wp-content\/uploads\/usu2217\/2023\/04\/difusio\u0301-portada-768x415.jpg 768w, https:\/\/projectes.xtec.cat\/pensament-computacional\/wp-content\/uploads\/usu2217\/2023\/04\/difusio\u0301-portada.jpg 1209w\" sizes=\"auto, (max-width: 729px) 100vw, 729px\" \/><\/a><\/figure><\/div>\n\n\n\n<p><\/p>\n\n\n\n<p>Trobareu tota la informaci\u00f3 al&nbsp;<a rel=\"noreferrer noopener\" href=\"https:\/\/www.itscool.cat\/?q=ca\/viii-jornada-itscool-deu-anys-devoluci%C3%B3-dels-estudis-tic-2013-2023\" target=\"_blank\"><span style=\"color:#1042b2\" class=\"has-inline-color\">web Itscool<\/span>.<\/a>&nbsp;<\/p>\n","protected":false},"excerpt":{"rendered":"<p>La VIII Jornada Itscool \u00c9s l&#8217;hora de triar TIC!: Deu anys d&#8217;evoluci\u00f3 dels estudis TIC s&#8217;ha organitzat tot coincidint amb la celebraci\u00f3 del &#8220;Dia Internacional de les Nenes a les TIC&#8221; i els deu anys de la fundaci\u00f3 de l&#8217;Associaci\u00f3 Itscool, que tindr\u00e0 lloc el dijous 4 de maig, a l&#8217;auditori del Palau Macaya de Barcelona.<\/p>\n","protected":false},"author":14,"featured_media":27838,"comment_status":"closed","ping_status":"closed","sticky":false,"template":"","format":"standard","meta":{"_bbp_topic_count":0,"_bbp_reply_count":0,"_bbp_total_topic_count":0,"_bbp_total_reply_count":0,"_bbp_voice_count":0,"_bbp_anonymous_reply_count":0,"_bbp_topic_count_hidden":0,"_bbp_reply_count_hidden":0,"_bbp_forum_subforum_count":0,"site-sidebar-layout":"default","site-content-layout":"","ast-site-content-layout":"","site-content-style":"default","site-sidebar-style":"default","ast-global-header-display":"","ast-banner-title-visibility":"","ast-main-header-display":"","ast-hfb-above-header-display":"","ast-hfb-below-header-display":"","ast-hfb-mobile-header-display":"","site-post-title":"","ast-breadcrumbs-content":"","ast-featured-img":"disabled","footer-sml-layout":"","theme-transparent-header-meta":"","adv-header-id-meta":"","stick-header-meta":"","header-above-stick-meta":"","header-main-stick-meta":"","header-below-stick-meta":"","astra-migrate-meta-layouts":"default","ast-page-background-enabled":"default","ast-page-background-meta":{"desktop":{"background-color":"","background-image":"","background-repeat":"repeat","background-position":"center center","background-size":"auto","background-attachment":"scroll","background-type":"","background-media":"","overlay-type":"","overlay-color":"","overlay-opacity":"","overlay-gradient":""},"tablet":{"background-color":"","background-image":"","background-repeat":"repeat","background-position":"center center","background-size":"auto","background-attachment":"scroll","background-type":"","background-media":"","overlay-type":"","overlay-color":"","overlay-opacity":"","overlay-gradient":""},"mobile":{"background-color":"","background-image":"","background-repeat":"repeat","background-position":"center center","background-size":"auto","background-attachment":"scroll","background-type":"","background-media":"","overlay-type":"","overlay-color":"","overlay-opacity":"","overlay-gradient":""}},"ast-content-background-meta":{"desktop":{"background-color":"var(--ast-global-color-5)","background-image":"","background-repeat":"repeat","background-position":"center center","background-size":"auto","background-attachment":"scroll","background-type":"","background-media":"","overlay-type":"","overlay-color":"","overlay-opacity":"","overlay-gradient":""},"tablet":{"background-color":"var(--ast-global-color-5)","background-image":"","background-repeat":"repeat","background-position":"center center","background-size":"auto","background-attachment":"scroll","background-type":"","background-media":"","overlay-type":"","overlay-color":"","overlay-opacity":"","overlay-gradient":""},"mobile":{"background-color":"var(--ast-global-color-5)","background-image":"","background-repeat":"repeat","background-position":"center center","background-size":"auto","background-attachment":"scroll","background-type":"","background-media":"","overlay-type":"","overlay-color":"","overlay-opacity":"","overlay-gradient":""}},"footnotes":""},"categories":[1,29],"tags":[],"class_list":["post-27835","post","type-post","status-publish","format-standard","has-post-thumbnail","hentry","category-general","category-portada"],"post_mailing_queue_ids":[],"_links":{"self":[{"href":"https:\/\/projectes.xtec.cat\/pensament-computacional\/wp-json\/wp\/v2\/posts\/27835","targetHints":{"allow":["GET"]}}],"collection":[{"href":"https:\/\/projectes.xtec.cat\/pensament-computacional\/wp-json\/wp\/v2\/posts"}],"about":[{"href":"https:\/\/projectes.xtec.cat\/pensament-computacional\/wp-json\/wp\/v2\/types\/post"}],"author":[{"embeddable":true,"href":"https:\/\/projectes.xtec.cat\/pensament-computacional\/wp-json\/wp\/v2\/users\/14"}],"replies":[{"embeddable":true,"href":"https:\/\/projectes.xtec.cat\/pensament-computacional\/wp-json\/wp\/v2\/comments?post=27835"}],"version-history":[{"count":2,"href":"https:\/\/projectes.xtec.cat\/pensament-computacional\/wp-json\/wp\/v2\/posts\/27835\/revisions"}],"predecessor-version":[{"id":27867,"href":"https:\/\/projectes.xtec.cat\/pensament-computacional\/wp-json\/wp\/v2\/posts\/27835\/revisions\/27867"}],"wp:featuredmedia":[{"embeddable":true,"href":"https:\/\/projectes.xtec.cat\/pensament-computacional\/wp-json\/wp\/v2\/media\/27838"}],"wp:attachment":[{"href":"https:\/\/projectes.xtec.cat\/pensament-computacional\/wp-json\/wp\/v2\/media?parent=27835"}],"wp:term":[{"taxonomy":"category","embeddable":true,"href":"https:\/\/projectes.xtec.cat\/pensament-computacional\/wp-json\/wp\/v2\/categories?post=27835"},{"taxonomy":"post_tag","embeddable":true,"href":"https:\/\/projectes.xtec.cat\/pensament-computacional\/wp-json\/wp\/v2\/tags?post=27835"}],"curies":[{"name":"wp","href":"https:\/\/api.w.org\/{rel}","templated":true}]}}