{"id":54541,"date":"2025-09-04T10:42:17","date_gmt":"2025-09-04T08:42:17","guid":{"rendered":"https:\/\/projectes.xtec.cat\/pensament-computacional\/?p=54541"},"modified":"2025-09-04T10:56:21","modified_gmt":"2025-09-04T08:56:21","slug":"robots-en-accio-inscripcions-obertes-2","status":"publish","type":"post","link":"https:\/\/projectes.xtec.cat\/pensament-computacional\/general\/robots-en-accio-inscripcions-obertes-2\/","title":{"rendered":"Robots en acci\u00f3! \u2013 Inscripcions obertes"},"content":{"rendered":"\n<div class=\"wp-block-getwid-section alignwide getwid-margin-top-none\"><div class=\"wp-block-getwid-section__wrapper getwid-padding-top-none\"><div class=\"wp-block-getwid-section__inner-wrapper\"><div class=\"wp-block-getwid-section__background-holder\"><div class=\"wp-block-getwid-section__background\"><\/div><div class=\"wp-block-getwid-section__foreground\"><\/div><\/div><div class=\"wp-block-getwid-section__content\"><div class=\"wp-block-getwid-section__inner-content\">\n<div class=\"wp-block-columns is-layout-flex wp-container-core-columns-is-layout-1 wp-block-columns-is-layout-flex\">\n<div class=\"wp-block-column is-layout-flow wp-block-column-is-layout-flow\" style=\"flex-basis:72%\">\n<p>Despr\u00e9s de l\u2019\u00e8xit de la primera edici\u00f3, el projecte <a href=\"https:\/\/projectes.xtec.cat\/pensament-computacional\/proposta-pagina-inici-pc-curs-25-26\/pagina-principal-robotica-25-26\/rea-curs-25-26\/\" target=\"_blank\" rel=\"noreferrer noopener\"><strong>Robots en acci\u00f3!<\/strong><\/a> continua aquest curs amb m\u00e9s reptes, m\u00e9s aventures i noves oportunitats per a l\u2019alumnat. El projecte, impulsat per l\u2019\u00c0rea de Cultura Digital del Departament d\u2019Educaci\u00f3 i Formaci\u00f3 Professional, t\u00e9 com a objectiu potenciar la compet\u00e8ncia digital i desenvolupar el pensament computacional dels infants i joves a trav\u00e9s de la programaci\u00f3 i la rob\u00f2tica.<\/p>\n\n\n\n<h5 class=\"wp-block-heading\"><strong>Dues temporades per escollir<\/strong><\/h5>\n\n\n\n<p>Enguany, els centres educatius poden participar en dues modalitats:<\/p>\n\n\n\n<ul class=\"wp-block-list\">\n<li><strong><a href=\"https:\/\/projectes.xtec.cat\/pensament-computacional\/proposta-pagina-inici-pc-curs-25-26\/pagina-principal-robotica-25-26\/rea-curs-25-26\/robots-en-accio\/\" target=\"_blank\" rel=\"noreferrer noopener\">Temporada 1<\/a><\/strong>: els reptes que ja van entusiasmar l\u2019alumnat el curs passat i que continuen disponibles.<br><\/li>\n\n\n\n<li><strong><a href=\"https:\/\/projectes.xtec.cat\/pensament-computacional\/proposta-pagina-inici-pc-curs-25-26\/pagina-principal-robotica-25-26\/rea-curs-25-26\/tria-reptes-t2\/\" target=\"_blank\" rel=\"noreferrer noopener\">Temporada 2<\/a><\/strong>: una nova s\u00e8rie de 6 reptes mensuals que plantegen noves\u00a0 aventures i desafiaments vinculats als Objectius de Desenvolupament Sostenible (ODS).<\/li>\n<\/ul>\n\n\n\n<p>Com a novetat, les hist\u00f2ries dels personatges tamb\u00e9 estaran disponibles en <strong>format llibre<\/strong>. Aquest recurs permetr\u00e0 treballar la narrativa dels reptes sense necessitat de pantalles, especialment pensat per a l\u2019alumnat d\u2019educaci\u00f3 infantil, per\u00f2 tamb\u00e9 \u00fatil a prim\u00e0ria com a material de suport a la lectura i a la comprensi\u00f3 de la trama.<\/p>\n<\/div>\n\n\n\n<div class=\"wp-block-column is-layout-flow wp-block-column-is-layout-flow\" style=\"flex-basis:28%\">\n<figure class=\"wp-block-image aligncenter size-full has-custom-border\"><a href=\"https:\/\/projectes.xtec.cat\/pensament-computacional\/proposta-pagina-inici-pc-curs-25-26\/pagina-principal-robotica-25-26\/rea-curs-25-26\/tria-reptes-t2\/\" target=\"_blank\" rel=\" noreferrer noopener\"><img loading=\"lazy\" decoding=\"async\" width=\"640\" height=\"800\" src=\"https:\/\/projectes.xtec.cat\/pensament-computacional\/wp-content\/uploads\/usu2217\/2025\/09\/REA2.png\" alt=\"\" class=\"wp-image-54537\" style=\"border-radius:30px\" srcset=\"https:\/\/projectes.xtec.cat\/pensament-computacional\/wp-content\/uploads\/usu2217\/2025\/09\/REA2.png 640w, https:\/\/projectes.xtec.cat\/pensament-computacional\/wp-content\/uploads\/usu2217\/2025\/09\/REA2-240x300.png 240w\" sizes=\"auto, (max-width: 640px) 100vw, 640px\" \/><\/a><\/figure>\n<\/div>\n<\/div>\n\n\n\n<h5 class=\"wp-block-heading\" style=\"margin-top:var(--wp--preset--spacing--30)\"><strong>Un espai personal renovat<\/strong><\/h5>\n\n\n\n<p>Per fer m\u00e9s f\u00e0cil la participaci\u00f3, aquest curs es disposa d\u2019un <a href=\"https:\/\/projectes.xtec.cat\/pensament-computacional\/proposta-pagina-inici-pc-curs-25-26\/pagina-principal-robotica-25-26\/rea-curs-25-26\/rea-curs-25-26-espai-personal\/\" data-type=\"link\" data-id=\"https:\/\/projectes.xtec.cat\/pensament-computacional\/proposta-pagina-inici-pc-curs-25-26\/pagina-principal-robotica-25-26\/rea-curs-25-26\/rea-curs-25-26-espai-personal\/\" target=\"_blank\" rel=\"noreferrer noopener\">nou espai personal<\/a>, des d\u2019on el professorat podr\u00e0:<\/p>\n\n\n\n<ul class=\"wp-block-list\">\n<li>Inscriure els grups d\u2019alumnes participants.<\/li>\n\n\n\n<li>Compartir els v\u00eddeos dels reptes superats.<\/li>\n\n\n\n<li>Descarregar documents de suport: solucionaris, cartes personalitzades i ins\u00edgnies.<\/li>\n\n\n\n<li>Fer el seguiment dels equips i veure l\u2019estat de cada missi\u00f3.<\/li>\n\n\n\n<li>Rebre avisos i novetats del projecte.<\/li>\n<\/ul>\n\n\n\n<p>La inscripci\u00f3 \u00e9s senzilla: nom\u00e9s cal indicar el <strong>nom, correu electr\u00f2nic i centre de treball<\/strong>. No implica cap comprom\u00eds d\u2019entrega, per\u00f2 dona acc\u00e9s lliure a tots els recursos per treballar el projecte al vostre ritme. Els reptes es publicaran <strong>mensualment<\/strong>, per\u00f2 cada centre pot iniciar la seva participaci\u00f3 en qualsevol moment del curs, adaptant el ritme de les missions a la realitat de l\u2019aula.<\/p>\n\n\n\n<div class=\"wp-block-columns is-layout-flex wp-container-core-columns-is-layout-2 wp-block-columns-is-layout-flex\">\n<div class=\"wp-block-column is-layout-flow wp-block-column-is-layout-flow\" style=\"flex-basis:75%\">\n<h5 class=\"wp-block-heading\"><strong>Estrena de la temporada 2!<\/strong><\/h5>\n\n\n\n<p>La segona temporada del projecte es presentar\u00e0 oficialment a la sessi\u00f3 de la <a href=\"https:\/\/projectes.xtec.cat\/digital\/formacio-docent\/xtcd\/subxarxa-de-la-comissio-digital-comd\/\" target=\"_blank\" rel=\"noreferrer noopener\"><strong>Subxarxa de la Comissi\u00f3 digital (COMD)<\/strong><\/a>, el <strong>18 de setembre a les 18:00 h<\/strong>, on es mostrar\u00e0 el primer repte i es compartiran consells per comen\u00e7ar les missions amb \u00e8xit.<\/p>\n\n\n\n<p><strong>Inscriviu-vos ara<\/strong> i comenceu a preparar el vostre viatge amb Robots en acci\u00f3!. El primer repte es publicar\u00e0 el <strong>16 d\u2019octubre<\/strong>!<\/p>\n<\/div>\n\n\n\n<div class=\"wp-block-column is-layout-flow wp-block-column-is-layout-flow\" style=\"flex-basis:25%\">\n<figure class=\"wp-block-image aligncenter size-full is-resized\"><a href=\"https:\/\/projectes.xtec.cat\/digital\/formacio-docent\/xtcd\/subxarxa-de-la-comissio-digital-comd\/\" target=\"_blank\" rel=\" noreferrer noopener\"><img loading=\"lazy\" decoding=\"async\" width=\"500\" height=\"500\" src=\"https:\/\/projectes.xtec.cat\/pensament-computacional\/wp-content\/uploads\/usu2217\/2025\/09\/18-de-setembre.png\" alt=\"\" class=\"wp-image-54559\" style=\"width:165px\" srcset=\"https:\/\/projectes.xtec.cat\/pensament-computacional\/wp-content\/uploads\/usu2217\/2025\/09\/18-de-setembre.png 500w, https:\/\/projectes.xtec.cat\/pensament-computacional\/wp-content\/uploads\/usu2217\/2025\/09\/18-de-setembre-300x300.png 300w, https:\/\/projectes.xtec.cat\/pensament-computacional\/wp-content\/uploads\/usu2217\/2025\/09\/18-de-setembre-150x150.png 150w\" sizes=\"auto, (max-width: 500px) 100vw, 500px\" \/><\/a><\/figure>\n<\/div>\n<\/div>\n\n\n\n<div class=\"wp-block-buttons is-content-justification-center is-layout-flex wp-container-core-buttons-is-layout-1 wp-block-buttons-is-layout-flex\" style=\"margin-top:var(--wp--preset--spacing--50)\">\n<div class=\"wp-block-button\"><a class=\"wp-block-button__link has-ast-global-color-5-color has-ast-global-color-3-background-color has-text-color has-background has-link-color has-border-color has-ast-global-color-8-border-color has-text-align-center wp-element-button\" href=\"https:\/\/projectes.xtec.cat\/pensament-computacional\/proposta-pagina-inici-pc-curs-25-26\/pagina-principal-robotica-25-26\/rea-curs-25-26\/inscripcio-rea-25-26\/\" style=\"border-width:2px\" target=\"_blank\" rel=\"noreferrer noopener\"><strong>INSCRIPCIONS<\/strong><\/a><\/div>\n<\/div>\n\n\n\n<p style=\"margin-top:var(--wp--preset--spacing--60);margin-bottom:0\">Trobareu m\u00e9s informaci\u00f3 i recursos a l\u2019<a href=\"https:\/\/projectes.xtec.cat\/pensament-computacional\/proposta-pagina-inici-pc-curs-25-26\/pagina-principal-robotica-25-26\/rea-curs-25-26\/\" target=\"_blank\" rel=\"noreferrer noopener\">espai de suport del projecte Robots en acci\u00f3! \u2013 Curs 2025-2026<\/a><\/p>\n<\/div><\/div><\/div><\/div><\/div>\n\n\n\n<p><\/p>\n","protected":false},"excerpt":{"rendered":"<p>Despr\u00e9s de l\u2019\u00e8xit de la primera edici\u00f3, el projecte Robots en acci\u00f3! continua aquest curs amb m\u00e9s reptes, m\u00e9s aventures i noves oportunitats per a l\u2019alumnat. El projecte t\u00e9 com a objectiu potenciar la compet\u00e8ncia digital i desenvolupar el pensament computacional dels infants i joves a trav\u00e9s de la programaci\u00f3 i la rob\u00f2tica.<\/p>\n","protected":false},"author":14,"featured_media":54607,"comment_status":"closed","ping_status":"open","sticky":false,"template":"","format":"standard","meta":{"_bbp_topic_count":0,"_bbp_reply_count":0,"_bbp_total_topic_count":0,"_bbp_total_reply_count":0,"_bbp_voice_count":0,"_bbp_anonymous_reply_count":0,"_bbp_topic_count_hidden":0,"_bbp_reply_count_hidden":0,"_bbp_forum_subforum_count":0,"site-sidebar-layout":"default","site-content-layout":"","ast-site-content-layout":"default","site-content-style":"default","site-sidebar-style":"default","ast-global-header-display":"","ast-banner-title-visibility":"","ast-main-header-display":"","ast-hfb-above-header-display":"","ast-hfb-below-header-display":"","ast-hfb-mobile-header-display":"","site-post-title":"","ast-breadcrumbs-content":"","ast-featured-img":"disabled","footer-sml-layout":"","theme-transparent-header-meta":"","adv-header-id-meta":"","stick-header-meta":"","header-above-stick-meta":"","header-main-stick-meta":"","header-below-stick-meta":"","astra-migrate-meta-layouts":"set","ast-page-background-enabled":"default","ast-page-background-meta":{"desktop":{"background-color":"","background-image":"","background-repeat":"repeat","background-position":"center center","background-size":"auto","background-attachment":"scroll","background-type":"","background-media":"","overlay-type":"","overlay-color":"","overlay-opacity":"","overlay-gradient":""},"tablet":{"background-color":"","background-image":"","background-repeat":"repeat","background-position":"center center","background-size":"auto","background-attachment":"scroll","background-type":"","background-media":"","overlay-type":"","overlay-color":"","overlay-opacity":"","overlay-gradient":""},"mobile":{"background-color":"","background-image":"","background-repeat":"repeat","background-position":"center center","background-size":"auto","background-attachment":"scroll","background-type":"","background-media":"","overlay-type":"","overlay-color":"","overlay-opacity":"","overlay-gradient":""}},"ast-content-background-meta":{"desktop":{"background-color":"var(--ast-global-color-5)","background-image":"","background-repeat":"repeat","background-position":"center center","background-size":"auto","background-attachment":"scroll","background-type":"","background-media":"","overlay-type":"","overlay-color":"","overlay-opacity":"","overlay-gradient":""},"tablet":{"background-color":"var(--ast-global-color-5)","background-image":"","background-repeat":"repeat","background-position":"center center","background-size":"auto","background-attachment":"scroll","background-type":"","background-media":"","overlay-type":"","overlay-color":"","overlay-opacity":"","overlay-gradient":""},"mobile":{"background-color":"var(--ast-global-color-5)","background-image":"","background-repeat":"repeat","background-position":"center center","background-size":"auto","background-attachment":"scroll","background-type":"","background-media":"","overlay-type":"","overlay-color":"","overlay-opacity":"","overlay-gradient":""}},"footnotes":""},"categories":[1,29,308],"tags":[],"class_list":["post-54541","post","type-post","status-publish","format-standard","has-post-thumbnail","hentry","category-general","category-portada","category-robotica"],"post_mailing_queue_ids":[],"_links":{"self":[{"href":"https:\/\/projectes.xtec.cat\/pensament-computacional\/wp-json\/wp\/v2\/posts\/54541","targetHints":{"allow":["GET"]}}],"collection":[{"href":"https:\/\/projectes.xtec.cat\/pensament-computacional\/wp-json\/wp\/v2\/posts"}],"about":[{"href":"https:\/\/projectes.xtec.cat\/pensament-computacional\/wp-json\/wp\/v2\/types\/post"}],"author":[{"embeddable":true,"href":"https:\/\/projectes.xtec.cat\/pensament-computacional\/wp-json\/wp\/v2\/users\/14"}],"replies":[{"embeddable":true,"href":"https:\/\/projectes.xtec.cat\/pensament-computacional\/wp-json\/wp\/v2\/comments?post=54541"}],"version-history":[{"count":6,"href":"https:\/\/projectes.xtec.cat\/pensament-computacional\/wp-json\/wp\/v2\/posts\/54541\/revisions"}],"predecessor-version":[{"id":54606,"href":"https:\/\/projectes.xtec.cat\/pensament-computacional\/wp-json\/wp\/v2\/posts\/54541\/revisions\/54606"}],"wp:featuredmedia":[{"embeddable":true,"href":"https:\/\/projectes.xtec.cat\/pensament-computacional\/wp-json\/wp\/v2\/media\/54607"}],"wp:attachment":[{"href":"https:\/\/projectes.xtec.cat\/pensament-computacional\/wp-json\/wp\/v2\/media?parent=54541"}],"wp:term":[{"taxonomy":"category","embeddable":true,"href":"https:\/\/projectes.xtec.cat\/pensament-computacional\/wp-json\/wp\/v2\/categories?post=54541"},{"taxonomy":"post_tag","embeddable":true,"href":"https:\/\/projectes.xtec.cat\/pensament-computacional\/wp-json\/wp\/v2\/tags?post=54541"}],"curies":[{"name":"wp","href":"https:\/\/api.w.org\/{rel}","templated":true}]}}