{"id":57449,"date":"2025-11-07T16:38:31","date_gmt":"2025-11-07T15:38:31","guid":{"rendered":"https:\/\/projectes.xtec.cat\/pensament-computacional\/?p=57449"},"modified":"2025-11-07T16:39:18","modified_gmt":"2025-11-07T15:39:18","slug":"dos-equips-de-lescola-albert-vives-de-la-seu-durgell-representaran-catalunya-a-la-final-mundial-de-la-world-robot-olympiad-2025","status":"publish","type":"post","link":"https:\/\/projectes.xtec.cat\/pensament-computacional\/general\/dos-equips-de-lescola-albert-vives-de-la-seu-durgell-representaran-catalunya-a-la-final-mundial-de-la-world-robot-olympiad-2025\/","title":{"rendered":"Dos equips de l\u2019Escola Albert Vives de la Seu d\u2019Urgell representaran Catalunya a la final mundial de la World Robot Olympiad 2025"},"content":{"rendered":"\n<div class=\"wp-block-columns has-border-color has-ast-global-color-6-border-color has-ast-global-color-6-background-color has-background has-medium-font-size is-layout-flex wp-container-core-columns-is-layout-1 wp-block-columns-is-layout-flex\" style=\"border-style:dotted;border-width:6px;border-radius:24px;padding-right:0;padding-left:0\">\n<div class=\"wp-block-column is-layout-flow wp-block-column-is-layout-flow\" style=\"flex-basis:50%\">\n<p class=\"has-medium-font-size\" style=\"margin-right:var(--wp--preset--spacing--30);margin-left:var(--wp--preset--spacing--30)\">Dos equips de rob\u00f2tica de l\u2019Escola Albert Vives de la Seu d\u2019Urgell viatjaran aquest mes a Singapur per disputar la <strong>final mundial de la <a href=\"https:\/\/www.wroboto.es\/\">World Robot Olympiad<\/a> (WRO)<\/strong>, la competici\u00f3 internacional de rob\u00f2tica educativa que enguany reuneix m\u00e9s de <strong>70.000 participants de prop d\u2019un centenar de pa\u00efsos<\/strong>.<\/p>\n\n\n\n<p class=\"has-medium-font-size\" style=\"margin-right:var(--wp--preset--spacing--30);margin-left:var(--wp--preset--spacing--30)\">Els dos equips urgellencs, formats per sis alumnes de prim\u00e0ria, s\u00f3n <strong>els \u00fanics representants de Catalunya<\/strong> a la competici\u00f3 i competiran en la <strong>categoria <\/strong><strong><em>Elementary<\/em><\/strong>. El seu pas per les fases <strong>local (Alt Urgell)<\/strong> i <strong>estatal (C\u00e0ceres)<\/strong> els ha dut fins a aquesta cita mundial, que tindr\u00e0 lloc del <strong>26 al 28 de novembre a Singapur<\/strong>.<\/p>\n<\/div>\n\n\n\n<div class=\"wp-block-column is-layout-flow wp-block-column-is-layout-flow\" style=\"padding-right:var(--wp--preset--spacing--30);padding-left:var(--wp--preset--spacing--30);flex-basis:50%\">\n<figure class=\"wp-block-image size-large has-custom-border\" style=\"margin-top:0;margin-bottom:0\"><a href=\"https:\/\/projectes.xtec.cat\/pensament-computacional\/wp-content\/uploads\/usu2217\/2025\/11\/PD-ROBOTICA10-1030x579-1.jpg\"><img loading=\"lazy\" decoding=\"async\" width=\"1024\" height=\"576\" src=\"https:\/\/projectes.xtec.cat\/pensament-computacional\/wp-content\/uploads\/usu2217\/2025\/11\/PD-ROBOTICA10-1030x579-1-1024x576.jpg\" alt=\"\" class=\"has-border-color has-ast-global-color-1-border-color wp-image-57450\" style=\"border-radius:19px\" srcset=\"https:\/\/projectes.xtec.cat\/pensament-computacional\/wp-content\/uploads\/usu2217\/2025\/11\/PD-ROBOTICA10-1030x579-1-1024x576.jpg 1024w, https:\/\/projectes.xtec.cat\/pensament-computacional\/wp-content\/uploads\/usu2217\/2025\/11\/PD-ROBOTICA10-1030x579-1-300x169.jpg 300w, https:\/\/projectes.xtec.cat\/pensament-computacional\/wp-content\/uploads\/usu2217\/2025\/11\/PD-ROBOTICA10-1030x579-1-768x432.jpg 768w, https:\/\/projectes.xtec.cat\/pensament-computacional\/wp-content\/uploads\/usu2217\/2025\/11\/PD-ROBOTICA10-1030x579-1.jpg 1030w\" sizes=\"auto, (max-width: 1024px) 100vw, 1024px\" \/><\/a><\/figure>\n<\/div>\n<\/div>\n\n\n\n<blockquote class=\"wp-block-quote is-layout-flow wp-block-quote-is-layout-flow\">\n<h3 class=\"wp-block-heading has-text-align-left has-medium-font-size\" style=\"margin-top:var(--wp--preset--spacing--50);margin-right:var(--wp--preset--spacing--20);margin-bottom:var(--wp--preset--spacing--50);margin-left:var(--wp--preset--spacing--20)\"><strong>\u201cArribar fins aqu\u00ed ja \u00e9s tot un repte, per\u00f2 que dos equips del mateix centre hi participin en la mateixa categoria \u00e9s extraordinari\u201d, explica <strong>Mireia Alba<\/strong>, entrenadora dels equips de rob\u00f2tica de l\u2019Escola Albert Vives. \u201cHi ha moltes hores de feina al darrere, cal const\u00e0ncia, entusiasme i treball en equip.\u201d<br><\/strong><\/h3>\n<\/blockquote>\n\n\n\n<p class=\"has-medium-font-size\">Els equips <strong>AV Aleix cas tocat!<\/strong> (Aleix, Joan i \u00c0neu) i <strong>AV Les tres bessones<\/strong> (Iune, Berta i Ainara) ultimen aquests dies els detalls dels seus robots. Tots dos conjunts destaquen la import\u00e0ncia de la <strong>concentraci\u00f3, la resoluci\u00f3 d\u2019errors i l\u2019aprenentatge compartit<\/strong> amb altres participants d\u2019arreu del m\u00f3n.<\/p>\n\n\n\n<p class=\"has-medium-font-size\">A m\u00e9s de la preparaci\u00f3 t\u00e8cnica, les fam\u00edlies dels alumnes han iniciat una <strong>campanya de finan\u00e7ament<\/strong> per poder fer front a les despeses del viatge. Segons <strong>N\u00faria Ru\u00edz<\/strong>, representant de les fam\u00edlies, \u201caquests nois s\u00f3n fruit de molts anys de rob\u00f2tica i d\u2019una aposta educativa clara, per\u00f2 actualment el finan\u00e7ament \u00e9s zero i ens hem de fer c\u00e0rrec de tots els costos.\u201d<\/p>\n\n\n\n<p class=\"has-medium-font-size\">La participaci\u00f3 de l\u2019Escola Albert Vives a la final mundial de la WRO \u00e9s una mostra del <strong>potencial del pensament computacional i la rob\u00f2tica educativa<\/strong> com a eina d\u2019aprenentatge, creativitat i treball en equip als centres educatius de Catalunya.<\/p>\n\n\n\n<p><\/p>\n\n\n\n<p><\/p>\n\n\n\n<p>Font: <a href=\"https:\/\/pirineusdigital.cat\/dos-equips-de-robotica-de-la-seu-durgell-disputaran-la-final-mundial-a-singapur\/\">https:\/\/pirineusdigital.cat\/dos-equips-de-robotica-de-la-seu-durgell-disputaran-la-final-mundial-a-singapur\/<\/a><\/p>\n\n\n\n<figure class=\"wp-block-image size-full is-resized\"><a href=\"https:\/\/projectes.xtec.cat\/pensament-computacional\/wp-content\/uploads\/usu2217\/2025\/11\/logo-1.png\"><img loading=\"lazy\" decoding=\"async\" width=\"254\" height=\"70\" src=\"https:\/\/projectes.xtec.cat\/pensament-computacional\/wp-content\/uploads\/usu2217\/2025\/11\/logo-1.png\" alt=\"\" class=\"wp-image-57451\" style=\"width:392px;height:auto\"\/><\/a><\/figure>\n","protected":false},"excerpt":{"rendered":"<p>Dos equips de rob\u00f2tica de l\u2019Escola Albert Vives de la Seu d\u2019Urgell viatjaran aquest mes a Singapur per disputar la final mundial de la World Robot Olympiad (WRO), la competici\u00f3 internacional de rob\u00f2tica educativa que enguany reuneix m\u00e9s de 70.000 participants de prop d\u2019un centenar de pa\u00efsos.<\/p>\n","protected":false},"author":13,"featured_media":57454,"comment_status":"closed","ping_status":"open","sticky":false,"template":"","format":"standard","meta":{"_bbp_topic_count":0,"_bbp_reply_count":0,"_bbp_total_topic_count":0,"_bbp_total_reply_count":0,"_bbp_voice_count":0,"_bbp_anonymous_reply_count":0,"_bbp_topic_count_hidden":0,"_bbp_reply_count_hidden":0,"_bbp_forum_subforum_count":0,"site-sidebar-layout":"default","site-content-layout":"","ast-site-content-layout":"default","site-content-style":"default","site-sidebar-style":"default","ast-global-header-display":"","ast-banner-title-visibility":"","ast-main-header-display":"","ast-hfb-above-header-display":"","ast-hfb-below-header-display":"","ast-hfb-mobile-header-display":"","site-post-title":"","ast-breadcrumbs-content":"","ast-featured-img":"disabled","footer-sml-layout":"","theme-transparent-header-meta":"","adv-header-id-meta":"","stick-header-meta":"","header-above-stick-meta":"","header-main-stick-meta":"","header-below-stick-meta":"","astra-migrate-meta-layouts":"set","ast-page-background-enabled":"default","ast-page-background-meta":{"desktop":{"background-color":"","background-image":"","background-repeat":"repeat","background-position":"center center","background-size":"auto","background-attachment":"scroll","background-type":"","background-media":"","overlay-type":"","overlay-color":"","overlay-opacity":"","overlay-gradient":""},"tablet":{"background-color":"","background-image":"","background-repeat":"repeat","background-position":"center center","background-size":"auto","background-attachment":"scroll","background-type":"","background-media":"","overlay-type":"","overlay-color":"","overlay-opacity":"","overlay-gradient":""},"mobile":{"background-color":"","background-image":"","background-repeat":"repeat","background-position":"center center","background-size":"auto","background-attachment":"scroll","background-type":"","background-media":"","overlay-type":"","overlay-color":"","overlay-opacity":"","overlay-gradient":""}},"ast-content-background-meta":{"desktop":{"background-color":"var(--ast-global-color-5)","background-image":"","background-repeat":"repeat","background-position":"center center","background-size":"auto","background-attachment":"scroll","background-type":"","background-media":"","overlay-type":"","overlay-color":"","overlay-opacity":"","overlay-gradient":""},"tablet":{"background-color":"var(--ast-global-color-5)","background-image":"","background-repeat":"repeat","background-position":"center center","background-size":"auto","background-attachment":"scroll","background-type":"","background-media":"","overlay-type":"","overlay-color":"","overlay-opacity":"","overlay-gradient":""},"mobile":{"background-color":"var(--ast-global-color-5)","background-image":"","background-repeat":"repeat","background-position":"center center","background-size":"auto","background-attachment":"scroll","background-type":"","background-media":"","overlay-type":"","overlay-color":"","overlay-opacity":"","overlay-gradient":""}},"footnotes":""},"categories":[1,29],"tags":[],"class_list":["post-57449","post","type-post","status-publish","format-standard","has-post-thumbnail","hentry","category-general","category-portada"],"post_mailing_queue_ids":[],"_links":{"self":[{"href":"https:\/\/projectes.xtec.cat\/pensament-computacional\/wp-json\/wp\/v2\/posts\/57449","targetHints":{"allow":["GET"]}}],"collection":[{"href":"https:\/\/projectes.xtec.cat\/pensament-computacional\/wp-json\/wp\/v2\/posts"}],"about":[{"href":"https:\/\/projectes.xtec.cat\/pensament-computacional\/wp-json\/wp\/v2\/types\/post"}],"author":[{"embeddable":true,"href":"https:\/\/projectes.xtec.cat\/pensament-computacional\/wp-json\/wp\/v2\/users\/13"}],"replies":[{"embeddable":true,"href":"https:\/\/projectes.xtec.cat\/pensament-computacional\/wp-json\/wp\/v2\/comments?post=57449"}],"version-history":[{"count":4,"href":"https:\/\/projectes.xtec.cat\/pensament-computacional\/wp-json\/wp\/v2\/posts\/57449\/revisions"}],"predecessor-version":[{"id":57456,"href":"https:\/\/projectes.xtec.cat\/pensament-computacional\/wp-json\/wp\/v2\/posts\/57449\/revisions\/57456"}],"wp:featuredmedia":[{"embeddable":true,"href":"https:\/\/projectes.xtec.cat\/pensament-computacional\/wp-json\/wp\/v2\/media\/57454"}],"wp:attachment":[{"href":"https:\/\/projectes.xtec.cat\/pensament-computacional\/wp-json\/wp\/v2\/media?parent=57449"}],"wp:term":[{"taxonomy":"category","embeddable":true,"href":"https:\/\/projectes.xtec.cat\/pensament-computacional\/wp-json\/wp\/v2\/categories?post=57449"},{"taxonomy":"post_tag","embeddable":true,"href":"https:\/\/projectes.xtec.cat\/pensament-computacional\/wp-json\/wp\/v2\/tags?post=57449"}],"curies":[{"name":"wp","href":"https:\/\/api.w.org\/{rel}","templated":true}]}}