{"id":610,"count":9,"description":"El projecte<strong>\u00a0PFITech<\/strong> t\u00e9 per objectiu <span style=\"font-weight: 400;\">compartir i donar a con\u00e8ixer els projectes o treballs realitzats per l\u2019alumnat dels PFI de les fam\u00edlies tecnol\u00f2giques i industrials i experimentar amb metodologies i tecnologies emergents vinculades a la Ind\u00fastria 4.0, mitjan\u00e7ant estands i tallers professionalitzadors condu\u00efts per empreses referents del sector industrial.<\/span>\r\n\r\nEn aquesta edici\u00f3 de PFITech es poden inscriure grups de PFI de centres educatius p\u00fablics del Departament d'Educaci\u00f3 i Formaci\u00f3 Professional de les seg\u00fcents fam\u00edlies professionals:\r\n<ul>\r\n \t<li><em>Electricitat i electr\u00f2nica<\/em><\/li>\r\n \t<li><em>Fabricaci\u00f3 mec\u00e0nica<\/em><\/li>\r\n \t<li><em>Fusteria, moble i suro<\/em><\/li>\r\n \t<li><em>Instal\u00b7laci\u00f3 i manteniment<\/em><\/li>\r\n \t<li><em>Inform\u00e0tica i comunicacions<\/em><\/li>\r\n \t<li><em>Transport i manteniment de vehicles.<\/em><\/li>\r\n<\/ul>\r\n<strong>\u00a0 \u00a0 \u00a0 \u00a0 \u00a0 \u00a0 \u00a0 \u00a0 \u00a0 \u00a0 \u00a0 \u00a0 \u00a0 \u00a0 \u00a0 \u00a0 \u00a0 \u00a0 \u00a0 \u00a0 \u00a0 \u00a0 \u00a0\ud83c\udf89 NOVETATS<\/strong>\r\n\r\n<strong>Grups seleccionats:<\/strong>\r\n<ul>\r\n \t<li>Institut Miquel Mart\u00ed i Pol (Cornell\u00e0 de Llobregat)<\/li>\r\n \t<li>Institut Carles Vallbona (Granollers)<\/li>\r\n \t<li>Institut Marianao (Sant Boi de Llobregat)<\/li>\r\n \t<li>Institut El Foix (PTT Santa Margarida i els Monjos)<\/li>\r\n \t<li>Institut Serrallarga (Blanes)<\/li>\r\n \t<li>Institut Castell dels Templers (Lleida) - <em>Grup Fusteria<\/em><\/li>\r\n \t<li>Institut Lli\u00e7\u00e0 (Lli\u00e7a d'Amunt)<\/li>\r\n \t<li>Institut Les Vinyes (Santa Coloma de Gramenet)<\/li>\r\n \t<li>Institut de Vic (Vic) <em>Grups Instal\u00b7laci\u00f3 i manteniment i Transport i manteniment de vehicles<\/em><\/li>\r\n \t<li>Institut del Disseny i les Arts Gr\u00e0fiques de Barcelona (Barcelona)<\/li>\r\n \t<li>Institut La Ferreria (Montcada i Reixac)<\/li>\r\n<\/ul>\r\nReserva:\r\n<ul>\r\n \t<li>Institut de l'Ebre (Tortosa)<\/li>\r\n<\/ul>\r\nPer a m\u00e9s informaci\u00f3, contacteu a <a href=\"mailto:pfi@xtec.cat\">pfi@xtec.cat<\/a>\r\n\r\n<strong>1a REUNI\u00d3 INFORMATIVA 13-11-2025<\/strong>\r\n<ul>\r\n \t<li><a href=\"https:\/\/drive.google.com\/file\/d\/1h8SLmLf-_FKG5kCqi690fB8cNS6xjq3w\/view?usp=drive_link\">\u00a0PPT primera reuni\u00f3 informativa PFI 13_11\u00a0<\/a><\/li>\r\n \t<li>\u00a0<a href=\"https:\/\/drive.google.com\/file\/d\/141DL5huOTp3WpQpUhfwSRQXvwhXdhgFJ\/view?usp=drive_link\">Enlla\u00e7 v\u00eddeo primera reuni\u00f3 informaci\u00f3 professorat PFI 13_11<\/a><\/li>\r\n \t<li><a href=\"https:\/\/drive.google.com\/file\/d\/1cDL0AIKALRQnTe10qxZ5SehkEreRCSKC\/view?usp=sharing\">\u00a0Bases PFI Tech<\/a><\/li>\r\n<\/ul>\r\n&nbsp;","link":"https:\/\/projectes.xtec.cat\/pfi\/categoria\/pfitech\/","name":"PFITech","slug":"pfitech","taxonomy":"category","parent":0,"meta":[],"_links":{"self":[{"href":"https:\/\/projectes.xtec.cat\/pfi\/wp-json\/wp\/v2\/categories\/610","targetHints":{"allow":["GET"]}}],"collection":[{"href":"https:\/\/projectes.xtec.cat\/pfi\/wp-json\/wp\/v2\/categories"}],"about":[{"href":"https:\/\/projectes.xtec.cat\/pfi\/wp-json\/wp\/v2\/taxonomies\/category"}],"wp:post_type":[{"href":"https:\/\/projectes.xtec.cat\/pfi\/wp-json\/wp\/v2\/posts?categories=610"}],"curies":[{"name":"wp","href":"https:\/\/api.w.org\/{rel}","templated":true}]}}